{"id":27167,"date":"2019-04-10T13:49:30","date_gmt":"2019-04-10T17:49:30","guid":{"rendered":"https:\/\/linitiative.ca\/International\/marche-africain-de-larges-opportunites-pour-le-secteur-des-tic-en-tunisie\/"},"modified":"2019-04-10T13:49:30","modified_gmt":"2019-04-10T17:49:30","slug":"marche-africain-de-larges-opportunites-pour-le-secteur-des-tic-en-tunisie","status":"publish","type":"post","link":"https:\/\/linitiative.ca\/International\/marche-africain-de-larges-opportunites-pour-le-secteur-des-tic-en-tunisie\/","title":{"rendered":"March\u00e9 africain: De larges opportunit\u00e9s pour le secteur des TIC en Tunisie"},"content":{"rendered":"<p>Karim Kondi, expert et consultant dans le domaine des technologies modernes dans le continent africain, a appel\u00e9 les investisseurs dans le secteur des technologies \u00e0 exploiter davantage les opportunit\u00e9s que le march\u00e9 africain offre.<\/p>\n<p>Il a ajout\u00e9, lors d\u2019une journ\u00e9e d\u2019\u00e9tude sur le th\u00e8me : \u00ab le secteur des technologies de l\u2019information et de la communication(TIC) : vecteur de partenariat et co-d\u00e9veloppement en Afrique \u00bb organis\u00e9e, aujourd\u2019hui, au CEPEX que le march\u00e9 africain est un march\u00e9 porteur dans le domaine de la num\u00e9risation.<\/p>\n<p>Et de proposer un acc\u00e8s au march\u00e9 africain sous forme de groupement des petites entreprises afin de garantir la coop\u00e9ration et renforcer la comp\u00e9titivit\u00e9 de ces institutions en vue de l\u2019exportation des services technologiques, notamment, dans les domaines de l\u2019\u00e9nergie, de la sant\u00e9 et de l\u2019\u00e9ducation.<\/p>\n<p>Kondi a soulign\u00e9, en outre, les opportunit\u00e9s disponibles pour le financement dans ce domaine aupr\u00e8s des bailleurs internationaux, telle que la Banque mondiale (BM).<\/p>\n<p>De son c\u00f4t\u00e9, le Pr\u00e9sident de la F\u00e9d\u00e9ration Nationale du Num\u00e9rique, Kais Sellami, a fait savoir qu\u2019environ 60 \u00e0 70 soci\u00e9t\u00e9s sont op\u00e9rationnelles, en Tunisie, dans le domaine de l\u2019exportation des services technologiques dont pr\u00e8s de 20 soci\u00e9t\u00e9s \u00e9trang\u00e8res actives en Tunisie et exportant leurs sur le march\u00e9 africain, appelant \u00e0 ce que la Tunisie devienne un portail des entreprises mondiales dans le domaines des TIC sur le march\u00e9 africain.<\/p>\n<p>La Tunisie abritera au Palais des Expositions du Kram du 18 au 20 juin 2019, la quatri\u00e8me \u00e9dition du Salon International des Technologies de l\u2019Information et de la communication destin\u00e9 \u00e0 l\u2019Afrique (SITIC Afrique).<\/p>\n<p>Le salon vise \u00e0 renforcer le partenariat tripartite entre la Tunisie, l\u2019Europe et l\u2019Afrique dans le domaine des technologies de l\u2019information et de la communication.<\/p>\n<p>Pr\u00e8s de 10 mille professionnels sont attendus \u00e0 ce salon, venant surtout de la Tunisie et des pays arabes, africains et europ\u00e9ens. Y assisteront \u00e9galement plus de 300 d\u00e9cideurs des secteurs public et priv\u00e9 de l\u2019Afrique Francophone.<\/p>\n<p>Pour rappel, les exportations des services technologiques repr\u00e9sentent 20% de l\u2019ensemble des exportations des services, alors que le secteur emploie pr\u00e8s de 100 mille personnes, pour la plupart des ing\u00e9nieurs.<\/p>\n<div class=\"wp-post-author-wrap wp-post-author-shortcode left\">\n<h3 class=\"awpa-title\"\/>\n<div class=\"wp-post-author\">\n<div class=\"awpa-img awpa-author-block square\"><a href=\"http:\/\/lexpertjournal.net\/fr\/author\/expert\/\"><img loading=\"lazy\" decoding=\"async\" alt=\"\" src=\"http:\/\/2.gravatar.com\/avatar\/56d99be2a6f97af88ccb49fada637fcd?s=150&#038;d=mm&#038;r=g\" srcset=\"http:\/\/2.gravatar.com\/avatar\/56d99be2a6f97af88ccb49fada637fcd?s=300&#038;d=mm&#038;r=g 2x\" class=\"avatar avatar-150 photo\" height=\"150\" width=\"150\"\/><\/a><\/div>\n<\/div>\n<\/div>\n<p>Auteur: L&rsquo;expert<br \/>\n<a href=\"http:\/\/lexpertjournal.net\/fr\/2019\/04\/10\/marche-africain-de-larges-opportunites-pour-le-secteur-des-tic-en-tunisie\/\">Cliquez ici pour lire l&rsquo;article depuis sa source.<\/a><\/p>\n","protected":false},"excerpt":{"rendered":"<p>Karim Kondi, expert et consultant dans le domaine des technologies modernes dans le continent africain, a appel\u00e9 les investisseurs dans le secteur des technologies \u00e0 exploiter davantage les opportunit\u00e9s que le march\u00e9 africain offre. Il a ajout\u00e9, lors d\u2019une journ\u00e9e d\u2019\u00e9tude sur le th\u00e8me : \u00ab le secteur des technologies de l\u2019information et de la [&hellip;]<\/p>\n","protected":false},"author":1775,"featured_media":0,"comment_status":"closed","ping_status":"closed","sticky":false,"template":"","format":"standard","meta":{"fifu_image_url":"","fifu_image_alt":"","footnotes":""},"categories":[78,55],"tags":[],"class_list":["post-27167","post","type-post","status-publish","format-standard","hentry","category-economie","category-tunisie"],"_links":{"self":[{"href":"https:\/\/linitiative.ca\/International\/wp-json\/wp\/v2\/posts\/27167","targetHints":{"allow":["GET"]}}],"collection":[{"href":"https:\/\/linitiative.ca\/International\/wp-json\/wp\/v2\/posts"}],"about":[{"href":"https:\/\/linitiative.ca\/International\/wp-json\/wp\/v2\/types\/post"}],"author":[{"embeddable":true,"href":"https:\/\/linitiative.ca\/International\/wp-json\/wp\/v2\/users\/1775"}],"replies":[{"embeddable":true,"href":"https:\/\/linitiative.ca\/International\/wp-json\/wp\/v2\/comments?post=27167"}],"version-history":[{"count":0,"href":"https:\/\/linitiative.ca\/International\/wp-json\/wp\/v2\/posts\/27167\/revisions"}],"wp:attachment":[{"href":"https:\/\/linitiative.ca\/International\/wp-json\/wp\/v2\/media?parent=27167"}],"wp:term":[{"taxonomy":"category","embeddable":true,"href":"https:\/\/linitiative.ca\/International\/wp-json\/wp\/v2\/categories?post=27167"},{"taxonomy":"post_tag","embeddable":true,"href":"https:\/\/linitiative.ca\/International\/wp-json\/wp\/v2\/tags?post=27167"}],"curies":[{"name":"wp","href":"https:\/\/api.w.org\/{rel}","templated":true}]}}