{"id":27172,"date":"2019-04-11T04:55:04","date_gmt":"2019-04-11T08:55:04","guid":{"rendered":"https:\/\/linitiative.ca\/International\/investissements-participation-tunisienne-au-forum-annuel-sur-linvestissement-de-dubai\/"},"modified":"2019-04-11T04:55:04","modified_gmt":"2019-04-11T08:55:04","slug":"investissements-participation-tunisienne-au-forum-annuel-sur-linvestissement-de-dubai","status":"publish","type":"post","link":"https:\/\/linitiative.ca\/International\/investissements-participation-tunisienne-au-forum-annuel-sur-linvestissement-de-dubai\/","title":{"rendered":"Investissements Participation tunisienne au forum annuel sur l\u2019investissement de Duba\u00ef"},"content":{"rendered":"<p>A l\u2019invitation du ministre de l\u2019Economie des Emirats arabes unis, le secr\u00e9taire d\u2019Etat charg\u00e9 de la Diplomatie \u00e9conomique, Hatem Ferjani, a particip\u00e9 au forum annuel sur l\u2019investissement organis\u00e9 \u00e0 Duba\u00ef du 8 au 10 avril 2019.<\/p>\n<p>Au cours de sa visite, le secr\u00e9taire d\u2019\u00c9tat a eu une s\u00e9rie de r\u00e9unions avec le ministre des Affaires \u00e9trang\u00e8res des \u00c9mirats arabes unis, Reem Al Hashimi, sous-secr\u00e9taire au minist\u00e8re de l\u2019\u00c9conomie des \u00c9mirats arabes unis et secr\u00e9taire g\u00e9n\u00e9ral du Conseil des investisseurs des Emirats \u00e0 l\u2019\u00e9tranger. Un forum \u00e9conomique tuniso-\u00e9mirati s\u2019est tenu dans la perspective de la participation \u00e0 l\u2019Expo 2020 \u00e0 Duba\u00ef.<\/p>\n<p>Le secr\u00e9taire d\u2019\u00c9tat a rencontr\u00e9 des participants \u00e0 cet \u00e9v\u00e9nement d\u2019investissement venus de divers pays fr\u00e8res et amis. Il a \u00e9galement pr\u00e9sid\u00e9 une r\u00e9union des conseils des entreprises tunisiennes \u00e0 Abou Dhabi et \u00e0 Duba\u00ef et a rencontr\u00e9 des repr\u00e9sentants des structures tunisiennes (CEPEX, FIPA) actives aux EAU.<\/p>\n<div class=\"wp-post-author-wrap wp-post-author-shortcode left\">\n<h3 class=\"awpa-title\"\/>\n<div class=\"wp-post-author\">\n<div class=\"awpa-img awpa-author-block square\"><a href=\"http:\/\/lexpertjournal.net\/fr\/author\/expert\/\"><img loading=\"lazy\" decoding=\"async\" alt=\"\" src=\"http:\/\/2.gravatar.com\/avatar\/56d99be2a6f97af88ccb49fada637fcd?s=150&#038;d=mm&#038;r=g\" srcset=\"http:\/\/2.gravatar.com\/avatar\/56d99be2a6f97af88ccb49fada637fcd?s=300&#038;d=mm&#038;r=g 2x\" class=\"avatar avatar-150 photo\" height=\"150\" width=\"150\"\/><\/a><\/div>\n<\/div>\n<\/div>\n<p>Auteur: L&rsquo;expert<br \/>\n<a href=\"http:\/\/lexpertjournal.net\/fr\/2019\/04\/11\/investissements-participation-tunisienne-au-forum-annuel-sur-linvestissement-de-dubai\/\">Cliquez ici pour lire l&rsquo;article depuis sa source.<\/a><\/p>\n","protected":false},"excerpt":{"rendered":"<p>A l\u2019invitation du ministre de l\u2019Economie des Emirats arabes unis, le secr\u00e9taire d\u2019Etat charg\u00e9 de la Diplomatie \u00e9conomique, Hatem Ferjani, a particip\u00e9 au forum annuel sur l\u2019investissement organis\u00e9 \u00e0 Duba\u00ef du 8 au 10 avril 2019. Au cours de sa visite, le secr\u00e9taire d\u2019\u00c9tat a eu une s\u00e9rie de r\u00e9unions avec le ministre des Affaires [&hellip;]<\/p>\n","protected":false},"author":1775,"featured_media":0,"comment_status":"closed","ping_status":"closed","sticky":false,"template":"","format":"standard","meta":{"fifu_image_url":"","fifu_image_alt":"","footnotes":""},"categories":[78,55],"tags":[],"class_list":["post-27172","post","type-post","status-publish","format-standard","hentry","category-economie","category-tunisie"],"_links":{"self":[{"href":"https:\/\/linitiative.ca\/International\/wp-json\/wp\/v2\/posts\/27172","targetHints":{"allow":["GET"]}}],"collection":[{"href":"https:\/\/linitiative.ca\/International\/wp-json\/wp\/v2\/posts"}],"about":[{"href":"https:\/\/linitiative.ca\/International\/wp-json\/wp\/v2\/types\/post"}],"author":[{"embeddable":true,"href":"https:\/\/linitiative.ca\/International\/wp-json\/wp\/v2\/users\/1775"}],"replies":[{"embeddable":true,"href":"https:\/\/linitiative.ca\/International\/wp-json\/wp\/v2\/comments?post=27172"}],"version-history":[{"count":0,"href":"https:\/\/linitiative.ca\/International\/wp-json\/wp\/v2\/posts\/27172\/revisions"}],"wp:attachment":[{"href":"https:\/\/linitiative.ca\/International\/wp-json\/wp\/v2\/media?parent=27172"}],"wp:term":[{"taxonomy":"category","embeddable":true,"href":"https:\/\/linitiative.ca\/International\/wp-json\/wp\/v2\/categories?post=27172"},{"taxonomy":"post_tag","embeddable":true,"href":"https:\/\/linitiative.ca\/International\/wp-json\/wp\/v2\/tags?post=27172"}],"curies":[{"name":"wp","href":"https:\/\/api.w.org\/{rel}","templated":true}]}}