{"id":27173,"date":"2019-04-11T04:57:43","date_gmt":"2019-04-11T08:57:43","guid":{"rendered":"https:\/\/linitiative.ca\/International\/organisee-par-la-cci-de-sfax-mission-dhommes-daffaires-au-forum-africallia-2019-a-abidjan\/"},"modified":"2019-04-11T04:57:43","modified_gmt":"2019-04-11T08:57:43","slug":"organisee-par-la-cci-de-sfax-mission-dhommes-daffaires-au-forum-africallia-2019-a-abidjan","status":"publish","type":"post","link":"https:\/\/linitiative.ca\/International\/organisee-par-la-cci-de-sfax-mission-dhommes-daffaires-au-forum-africallia-2019-a-abidjan\/","title":{"rendered":"Organis\u00e9e par la CCI de Sfax: Mission d\u2019hommes d\u2019affaires au Forum AFRICALLIA 2019 \u00e0 Abidjan"},"content":{"rendered":"<p>La Chambre de Commerce et d\u2019Industrie de Sfax (CCIS) organise une mission d\u2019affaires et une participation tunisienne \u00e0 la 6\u00e8me \u00e9dition du Forum Ouest Africain de D\u00e9veloppement des Entreprises \u00bb AFRICALIA 2019 \u00bb qui se tient, du 12 au 14 juin 2019 \u00e0 Abidjan (C\u00f4te d\u2019Ivoire). Au cours d\u2019une journ\u00e9e d\u2019information organis\u00e9e, mercredi au si\u00e8ge de la CCIS, les organisateurs ont pr\u00e9sent\u00e9 cette 6\u00e8me \u00e9dition d\u2019 \u00bb AFRICALLIA 2019 \u00ab , mettant l\u2019accent sur les modalit\u00e9s de participation \u00e0 ce rendez-vous d\u2019affaires multisectoriel d\u2019envergure mondiale auquel participent un grand nombre d\u2019entreprises des quatre coins du monde.<\/p>\n<p>La Responsable de la Direction de la Promotion et du D\u00e9veloppement de l\u2019Export au sein de la CCIS, Aida Loukil a affirm\u00e9 que la participation tunisienne au Forum AFRICALLIA s\u2019inscrit dans la cadre de la strat\u00e9gie de la Chambre visant la promotion de l\u2019export et le renforcement des relations \u00e9conomiques tuniso-africaines.<\/p>\n<p>Elle a, dans le m\u00eame cadre, rappel\u00e9 qu\u2019un nombre d\u2019entreprises tunisiennes sont implant\u00e9es en C\u00f4te d\u2019Ivoire et d\u2019autres pays de l\u2019Afrique Subsaharienne.<\/p>\n<p>Et de pr\u00e9ciser que cette implantation est le fruit de la participation des entreprises tunisiennes, au fil des derni\u00e8res ann\u00e9es, aux missions de la Chambre. \u00ab Pr\u00e8s de 70 entreprises tunisiennes ont \u00e9t\u00e9 pr\u00e9sentes lors de la derni\u00e8re \u00e9dition d\u2019AFRICALLA \u00bb, a-t-elle encore indiqu\u00e9. \u00ab AFRICALLIA est une vraie porte d\u2019entr\u00e9e pour toute la zone de l\u2019Afrique de l\u2019Ouest et de la CEDEAO (Communaut\u00e9 Economique des Etats d\u2019Afrique de l\u2019Ouest), qui compte 15 pays et 320 millions de consommateurs \u00bb, a fait remarquer Felix SANON, directeur \u00e0 la CCI de Burkina Faso (pays initiateur du projet).<\/p>\n<div class=\"wp-post-author-wrap wp-post-author-shortcode left\">\n<h3 class=\"awpa-title\"\/>\n<div class=\"wp-post-author\">\n<div class=\"awpa-img awpa-author-block square\"><a href=\"http:\/\/lexpertjournal.net\/fr\/author\/expert\/\"><img loading=\"lazy\" decoding=\"async\" alt=\"\" src=\"http:\/\/2.gravatar.com\/avatar\/56d99be2a6f97af88ccb49fada637fcd?s=150&#038;d=mm&#038;r=g\" srcset=\"http:\/\/2.gravatar.com\/avatar\/56d99be2a6f97af88ccb49fada637fcd?s=300&#038;d=mm&#038;r=g 2x\" class=\"avatar avatar-150 photo\" height=\"150\" width=\"150\"\/><\/a><\/div>\n<\/div>\n<\/div>\n<p>Auteur: L&rsquo;expert<br \/>\n<a href=\"http:\/\/lexpertjournal.net\/fr\/2019\/04\/11\/organisee-par-la-cci-de-sfax-mission-dhommes-daffaires-au-forum-africallia-2019-a-abidjan\/\">Cliquez ici pour lire l&rsquo;article depuis sa source.<\/a><\/p>\n","protected":false},"excerpt":{"rendered":"<p>La Chambre de Commerce et d\u2019Industrie de Sfax (CCIS) organise une mission d\u2019affaires et une participation tunisienne \u00e0 la 6\u00e8me \u00e9dition du Forum Ouest Africain de D\u00e9veloppement des Entreprises \u00bb AFRICALIA 2019 \u00bb qui se tient, du 12 au 14 juin 2019 \u00e0 Abidjan (C\u00f4te d\u2019Ivoire). Au cours d\u2019une journ\u00e9e d\u2019information organis\u00e9e, mercredi au si\u00e8ge [&hellip;]<\/p>\n","protected":false},"author":1775,"featured_media":0,"comment_status":"closed","ping_status":"closed","sticky":false,"template":"","format":"standard","meta":{"fifu_image_url":"","fifu_image_alt":"","footnotes":""},"categories":[78,55],"tags":[],"class_list":["post-27173","post","type-post","status-publish","format-standard","hentry","category-economie","category-tunisie"],"_links":{"self":[{"href":"https:\/\/linitiative.ca\/International\/wp-json\/wp\/v2\/posts\/27173","targetHints":{"allow":["GET"]}}],"collection":[{"href":"https:\/\/linitiative.ca\/International\/wp-json\/wp\/v2\/posts"}],"about":[{"href":"https:\/\/linitiative.ca\/International\/wp-json\/wp\/v2\/types\/post"}],"author":[{"embeddable":true,"href":"https:\/\/linitiative.ca\/International\/wp-json\/wp\/v2\/users\/1775"}],"replies":[{"embeddable":true,"href":"https:\/\/linitiative.ca\/International\/wp-json\/wp\/v2\/comments?post=27173"}],"version-history":[{"count":0,"href":"https:\/\/linitiative.ca\/International\/wp-json\/wp\/v2\/posts\/27173\/revisions"}],"wp:attachment":[{"href":"https:\/\/linitiative.ca\/International\/wp-json\/wp\/v2\/media?parent=27173"}],"wp:term":[{"taxonomy":"category","embeddable":true,"href":"https:\/\/linitiative.ca\/International\/wp-json\/wp\/v2\/categories?post=27173"},{"taxonomy":"post_tag","embeddable":true,"href":"https:\/\/linitiative.ca\/International\/wp-json\/wp\/v2\/tags?post=27173"}],"curies":[{"name":"wp","href":"https:\/\/api.w.org\/{rel}","templated":true}]}}