{"id":27174,"date":"2019-04-11T04:59:14","date_gmt":"2019-04-11T08:59:14","guid":{"rendered":"https:\/\/linitiative.ca\/International\/evenements-du-bassin-minier-une-justice-transitionnelle-qui-bat-de-laile\/"},"modified":"2019-04-11T04:59:14","modified_gmt":"2019-04-11T08:59:14","slug":"evenements-du-bassin-minier-une-justice-transitionnelle-qui-bat-de-laile","status":"publish","type":"post","link":"https:\/\/linitiative.ca\/International\/evenements-du-bassin-minier-une-justice-transitionnelle-qui-bat-de-laile\/","title":{"rendered":"Ev\u00e9nements du bassin minier Une justice transitionnelle qui bat de l\u2019aile"},"content":{"rendered":"<p>L\u2019Instance v\u00e9rit\u00e9 et dignit\u00e9 a montr\u00e9 ses limites, avec le fiasco dans l\u2019organisation des proc\u00e8s relatif aux \u00e9v\u00e9nements du bassin minier de 2008, surtout que les accus\u00e9s ont, depuis longtemps, brill\u00e9 par leur absence, faisant-fi de la justice et des proc\u00e8s qui leur sont intent\u00e9s\u2026 ce qui a conduit \u00e0 la dilapidation (encore une fois) des deniers de l\u2019Etat.<\/p>\n<p>La juridiction sp\u00e9cialis\u00e9e en justice transitionnelle aupr\u00e8s du tribunal de premi\u00e8re instance de Gafsa a report\u00e9 au 10 juillet prochain l\u2019audience dans l\u2019affaire des \u00e9v\u00e9nements du bassin minier survenus en 2008, en l\u2019absence continue des accus\u00e9s, comme l\u2019a confirm\u00e9 le porte-parole des tribunaux de Gafsa, Mohamed Ali Barhoumi.<\/p>\n<p>\u00ab La juridiction sp\u00e9cialis\u00e9e en mati\u00e8re de justice transitionnelle a ordonn\u00e9 d\u2019informer par \u00e9crit le ministre de l\u2019Int\u00e9rieur afin d\u2019activer les mandats d\u2019amener \u00e0 l\u2019encontre des accus\u00e9s, conform\u00e9ment \u00e0 la d\u00e9cision prise lors de la pr\u00e9c\u00e9dente audience, et d\u2019auditionner \u00e9galement d\u2019autres t\u00e9moins lors de la prochaine audience \u00bb, a pr\u00e9cis\u00e9 le porte-parole.<\/p>\n<p>Cette cour avait entam\u00e9 l\u2019examen des premiers dossiers qui lui ont \u00e9t\u00e9 transmis par l\u2019instance V\u00e9rit\u00e9 et Dignit\u00e9, portant sur les \u00e9v\u00e9nements du bassin minier de 2008, lors d\u2019une premi\u00e8re audience le 28 septembre 2018 et une deuxi\u00e8me le 2 janvier 2019, rappelle-t-on.<\/p>\n<p>Les d\u00e9l\u00e9gations de Redeyef, Oum Larayes, Metlaoui et Medhilla ont \u00e9t\u00e9 le th\u00e9\u00e2tre d\u2019un soul\u00e8vement populaire contre le ch\u00f4mage g\u00e9n\u00e9ralis\u00e9 et l\u2019absence de d\u00e9veloppement mat\u00e9s par l\u2019ancien r\u00e9gime avant janvier 2011, avec plusieurs martyrs et bless\u00e9s, ainsi que le jugement d\u2019un grand nombre de manifestants, syndicalistes et activistes politiques.<\/p>\n<div class=\"wp-post-author-wrap wp-post-author-shortcode left\">\n<h3 class=\"awpa-title\"\/>\n<div class=\"wp-post-author\">\n<div class=\"awpa-img awpa-author-block square\"><a href=\"http:\/\/lexpertjournal.net\/fr\/author\/expert\/\"><img loading=\"lazy\" decoding=\"async\" alt=\"\" src=\"http:\/\/2.gravatar.com\/avatar\/56d99be2a6f97af88ccb49fada637fcd?s=150&#038;d=mm&#038;r=g\" srcset=\"http:\/\/2.gravatar.com\/avatar\/56d99be2a6f97af88ccb49fada637fcd?s=300&#038;d=mm&#038;r=g 2x\" class=\"avatar avatar-150 photo\" height=\"150\" width=\"150\"\/><\/a><\/div>\n<\/div>\n<\/div>\n<p>Auteur: L&rsquo;expert<br \/>\n<a href=\"http:\/\/lexpertjournal.net\/fr\/2019\/04\/11\/evenements-du-bassin-minier-une-justice-transitionnelle-qui-bat-de-laile\/\">Cliquez ici pour lire l&rsquo;article depuis sa source.<\/a><\/p>\n","protected":false},"excerpt":{"rendered":"<p>L\u2019Instance v\u00e9rit\u00e9 et dignit\u00e9 a montr\u00e9 ses limites, avec le fiasco dans l\u2019organisation des proc\u00e8s relatif aux \u00e9v\u00e9nements du bassin minier de 2008, surtout que les accus\u00e9s ont, depuis longtemps, brill\u00e9 par leur absence, faisant-fi de la justice et des proc\u00e8s qui leur sont intent\u00e9s\u2026 ce qui a conduit \u00e0 la dilapidation (encore une fois) [&hellip;]<\/p>\n","protected":false},"author":1775,"featured_media":0,"comment_status":"closed","ping_status":"closed","sticky":false,"template":"","format":"standard","meta":{"fifu_image_url":"","fifu_image_alt":"","footnotes":""},"categories":[78,55],"tags":[],"class_list":["post-27174","post","type-post","status-publish","format-standard","hentry","category-economie","category-tunisie"],"_links":{"self":[{"href":"https:\/\/linitiative.ca\/International\/wp-json\/wp\/v2\/posts\/27174","targetHints":{"allow":["GET"]}}],"collection":[{"href":"https:\/\/linitiative.ca\/International\/wp-json\/wp\/v2\/posts"}],"about":[{"href":"https:\/\/linitiative.ca\/International\/wp-json\/wp\/v2\/types\/post"}],"author":[{"embeddable":true,"href":"https:\/\/linitiative.ca\/International\/wp-json\/wp\/v2\/users\/1775"}],"replies":[{"embeddable":true,"href":"https:\/\/linitiative.ca\/International\/wp-json\/wp\/v2\/comments?post=27174"}],"version-history":[{"count":0,"href":"https:\/\/linitiative.ca\/International\/wp-json\/wp\/v2\/posts\/27174\/revisions"}],"wp:attachment":[{"href":"https:\/\/linitiative.ca\/International\/wp-json\/wp\/v2\/media?parent=27174"}],"wp:term":[{"taxonomy":"category","embeddable":true,"href":"https:\/\/linitiative.ca\/International\/wp-json\/wp\/v2\/categories?post=27174"},{"taxonomy":"post_tag","embeddable":true,"href":"https:\/\/linitiative.ca\/International\/wp-json\/wp\/v2\/tags?post=27174"}],"curies":[{"name":"wp","href":"https:\/\/api.w.org\/{rel}","templated":true}]}}