{"id":27179,"date":"2019-04-11T06:00:00","date_gmt":"2019-04-11T10:00:00","guid":{"rendered":"https:\/\/linitiative.ca\/International\/lalgerie-revee\/"},"modified":"2019-04-11T06:00:00","modified_gmt":"2019-04-11T10:00:00","slug":"lalgerie-revee","status":"publish","type":"post","link":"https:\/\/linitiative.ca\/International\/lalgerie-revee\/","title":{"rendered":"L\u2019Alg\u00e9rie r\u00eav\u00e9e !"},"content":{"rendered":"<div id=\"originalText\" readability=\"124\">\n<p>Le sommeil n\u2019est pas le lit des r\u00eaves. Creusez profond\u00e9ment dans la matrice de la soci\u00e9t\u00e9, vous d\u00e9couvrirez les racines du r\u00eave collectif ! Je creuse ! Le r\u00e9el m\u00e8ne au r\u00eave ! Et le r\u00eave est le capital \u00e9nerg\u00e9tique du r\u00e9el !<\/p>\n<p>Ainsi, je r\u00eave d\u2019une Alg\u00e9rie pleine de vie ! Ce beau pays est congel\u00e9, vid\u00e9 de vie ! Un pays congel\u00e9 est un pays de p\u00e2ture, de procr\u00e9ation et d&rsquo;hypocrisie morale, politique et culturelle.\u00a0<br \/>Et je r\u00eave, et le r\u00eave est une r\u00e9sistance !<br \/>Bien que le r\u00eave soit un \u00e9tat personnel, selon Freud, il arrive que des personnes ou des groupes sociaux r\u00eavent collectivement. Cela, la rue alg\u00e9rienne l\u2019a bien v\u00e9cu ces jours-ci. Nous ne sommes pas somnambules. On r\u00eave en marchant avec le r\u00eave qui marche en nous ! Sur la place Maurice-Audin se r\u00e9veille le r\u00eave commun ou presque ! Le r\u00eave d\u2019un changement radical, identique pour toutes les citoyennes et tous les citoyens qui marchent dans les rues, sur les trottoirs, qui labourent avec affection leur morceau de terre aride ou fertile, qui, ensemble, poussent un tracteur en panne, qui somnolent dans un transport en commun, qui posent leur t\u00eate pleine d&rsquo;inqui\u00e9tude, \u00e0 la fin de la journ\u00e9e ardue, sur un oreiller froid.\u00a0<br \/>Je songe que notre r\u00eave collectif se m\u00e9tamorphose en une r\u00e9alit\u00e9 tenue sur des pieds solides dans un demain collectif. Une r\u00e9alit\u00e9 radieuse qui se manifeste dans les institutions, les comportements, les lois, l\u2019\u00e9conomie, la gestion des affaires publiques, les libert\u00e9s individuelles et collectives et dans le domaine culturel.\u00a0<br \/>Je r\u00eave d&rsquo;une soci\u00e9t\u00e9 pr\u00eate \u00e0 se r\u00e9concilier avec son Histoire l\u00e9gendaire et plurielle, et dont les citoyennes et les citoyennes se sentent fiers. Une Histoire enseign\u00e9e aux nouvelles g\u00e9n\u00e9rations ni falsification, ni id\u00e9alisation, ni mensonge. Dire que nous sommes les enfants de Chachnaq, Saint-Augustin, Apul\u00e9e, le roi savant Juba II, Jugurtha, Massinissa, Dyhia, Tariq ibn Ziyad, Ibn Khaldoun, Ibn Tumart, Lala N\u2019sumer, Mouloud Mammeri, Kateb Yacine, Anna Gr\u00e9ki, Moufdi Zakariya, Ibn Badis, Mohammed Dib, Jean Amrouche, Mohammed Al E\u00efd Al Khalifa, Si Mohand Ou Mhand&#8230; Mosa\u00efque de cr\u00e9ativit\u00e9, de r\u00e9sistance, de langues, d\u2019imaginaires\u2026. nous sommes les descendants de tout ce beau monde et plus\u2026\u00a0<br \/>Je r\u00eave d&rsquo;une grande Alg\u00e9rie o\u00f9 l&rsquo;Alg\u00e9rien embrasse avec fiert\u00e9 son amazighit\u00e9, son africanit\u00e9 et sa m\u00e9diterran\u00e9it\u00e9.<br \/>Je r\u00eave de voir l&rsquo;Alg\u00e9rie devenir un \u00c9tat de citoyennet\u00e9, et non pas un vaste lot de terrain occup\u00e9 par plus de 40 millions de personnes.<br \/>Je r\u00eave d&rsquo;une Alg\u00e9rie o\u00f9 l\u2019\u00e9galit\u00e9 int\u00e9grale entre les femmes et les hommes devient un v\u00e9cu ; une r\u00e9alit\u00e9 sociale, politique et culturelle. Sans violence, sans harc\u00e8lement, sans racisme sexuel. Je r\u00eave de voir l\u2019Alg\u00e9rie de demain un pays o\u00f9\u00a0 la diversit\u00e9 linguistique, religieuse et philosophique est respect\u00e9e. Le vivre-ensemble est un oxyg\u00e8ne national.<br \/>Je r\u00eave d\u2019un pays o\u00f9 la d\u00e9mocratie est une culture de citoyennet\u00e9 politique, une conduite sociale individuelle et collective.<br \/>Je r\u00eave d&rsquo;une justice ind\u00e9pendante, capable de juger, sur un pied d\u2019\u00e9galit\u00e9, le pr\u00e9sident de la R\u00e9publique, le ministre du gouvernement, le fils du ministre, le fils du g\u00e9n\u00e9ral et le simple citoyen. Je r\u00eave d&rsquo;une presse libre et professionnelle, capable d&rsquo;incarner la force et le sens du quatri\u00e8me pouvoir. Une presse lib\u00e9r\u00e9e du charlatanisme, observ\u00e9e par une autorit\u00e9 audiovisuelle ind\u00e9pendante et transparente.\u00a0<br \/>Je r\u00eave d&rsquo;un pays dans lequel la soci\u00e9t\u00e9 civile, les associations culturelles, les clubs et les caf\u00e9s litt\u00e9raires seront libres.\u00a0\u00a0<br \/>Je r\u00eave d&rsquo;un pays o\u00f9 les arts et les cultures, dans leurs diversit\u00e9 linguistique, intellectuelle et esth\u00e9tique (cin\u00e9ma, livre, th\u00e9\u00e2tre, art, musique\u2026) deviennent l&rsquo;oxyg\u00e8ne pour le peuple dans les villes, les villages et les hameaux o\u00f9 on croise dans nos biblioth\u00e8ques des lecteurs en arabe, en tamazight, en fran\u00e7ais et en d&rsquo;autres langues. Je r\u00eave d&rsquo;un pays o\u00f9 la s\u00e9paration de la religion et de la politique, de la religion et des institutions de l&rsquo;\u00c9tat, est un principe fondamental. La foi est un acte personnel et le pays un partage collectif. La citoyennet\u00e9 passe devant la foi.\u00a0<br \/>Je r\u00eave d&rsquo;un pays o\u00f9 la culture de la haine religieuse s\u2019enterre, o\u00f9 les Alg\u00e9riens vivent leur religion, leur la\u00efcit\u00e9, leur ath\u00e9isme, en toute qui\u00e9tude et avec respect les uns et les autres.\u00a0<br \/>Je r\u00eave d\u2019une Alg\u00e9rie o\u00f9 \u00e0 l\u2019\u00e9cole on enseigne la langue amazighe aux c\u00f4t\u00e9s de l\u2019arabe, du fran\u00e7ais, sans hostilit\u00e9 aucune, mais avec amour, g\u00e9nie et concurrence.\u00a0<br \/>Je r\u00eave. Le r\u00eave est une r\u00e9sistance collective. Toute soci\u00e9t\u00e9 qui ne r\u00eave pas est une soci\u00e9t\u00e9 en voie d\u2019extinction. Le sommeil n\u2019est pas le lit des r\u00eaves. Creusez profond\u00e9ment dans la matrice de la soci\u00e9t\u00e9 vous d\u00e9couvrirez les racines du r\u00eave collectif .<\/p>\n<p class=\"c10\"><strong>A. Z.<br \/>aminzaoui@yahoo.fr<\/strong><\/p>\n<\/div>\n<div id=\"text_core\" readability=\"124\">\n<p>Le sommeil n\u2019est pas le lit des r\u00eaves. Creusez profond\u00e9ment dans la matrice de la soci\u00e9t\u00e9, vous d\u00e9couvrirez les racines du r\u00eave collectif ! Je creuse ! Le r\u00e9el m\u00e8ne au r\u00eave ! Et le r\u00eave est le capital \u00e9nerg\u00e9tique du r\u00e9el !<\/p>\n<p>Ainsi, je r\u00eave d\u2019une Alg\u00e9rie pleine de vie ! Ce beau pays est congel\u00e9, vid\u00e9 de vie ! Un pays congel\u00e9 est un pays de p\u00e2ture, de procr\u00e9ation et d&rsquo;hypocrisie morale, politique et culturelle.\u00a0<br \/>Et je r\u00eave, et le r\u00eave est une r\u00e9sistance !<br \/>Bien que le r\u00eave soit un \u00e9tat personnel, selon Freud, il arrive que des personnes ou des groupes sociaux r\u00eavent collectivement. Cela, la rue alg\u00e9rienne l\u2019a bien v\u00e9cu ces jours-ci. Nous ne sommes pas somnambules. On r\u00eave en marchant avec le r\u00eave qui marche en nous ! Sur la place Maurice-Audin se r\u00e9veille le r\u00eave commun ou presque ! Le r\u00eave d\u2019un changement radical, identique pour toutes les citoyennes et tous les citoyens qui marchent dans les rues, sur les trottoirs, qui labourent avec affection leur morceau de terre aride ou fertile, qui, ensemble, poussent un tracteur en panne, qui somnolent dans un transport en commun, qui posent leur t\u00eate pleine d&rsquo;inqui\u00e9tude, \u00e0 la fin de la journ\u00e9e ardue, sur un oreiller froid.\u00a0<br \/>Je songe que notre r\u00eave collectif se m\u00e9tamorphose en une r\u00e9alit\u00e9 tenue sur des pieds solides dans un demain collectif. Une r\u00e9alit\u00e9 radieuse qui se manifeste dans les institutions, les comportements, les lois, l\u2019\u00e9conomie, la gestion des affaires publiques, les libert\u00e9s individuelles et collectives et dans le domaine culturel.\u00a0<br \/>Je r\u00eave d&rsquo;une soci\u00e9t\u00e9 pr\u00eate \u00e0 se r\u00e9concilier avec son Histoire l\u00e9gendaire et plurielle, et dont les citoyennes et les citoyennes se sentent fiers. Une Histoire enseign\u00e9e aux nouvelles g\u00e9n\u00e9rations ni falsification, ni id\u00e9alisation, ni mensonge. Dire que nous sommes les enfants de Chachnaq, Saint-Augustin, Apul\u00e9e, le roi savant Juba II, Jugurtha, Massinissa, Dyhia, Tariq ibn Ziyad, Ibn Khaldoun, Ibn Tumart, Lala N\u2019sumer, Mouloud Mammeri, Kateb Yacine, Anna Gr\u00e9ki, Moufdi Zakariya, Ibn Badis, Mohammed Dib, Jean Amrouche, Mohammed Al E\u00efd Al Khalifa, Si Mohand Ou Mhand&#8230; Mosa\u00efque de cr\u00e9ativit\u00e9, de r\u00e9sistance, de langues, d\u2019imaginaires\u2026. nous sommes les descendants de tout ce beau monde et plus\u2026\u00a0<br \/>Je r\u00eave d&rsquo;une grande Alg\u00e9rie o\u00f9 l&rsquo;Alg\u00e9rien embrasse avec fiert\u00e9 son amazighit\u00e9, son africanit\u00e9 et sa m\u00e9diterran\u00e9it\u00e9.<br \/>Je r\u00eave de voir l&rsquo;Alg\u00e9rie devenir un \u00c9tat de citoyennet\u00e9, et non pas un vaste lot de terrain occup\u00e9 par plus de 40 millions de personnes.<br \/>Je r\u00eave d&rsquo;une Alg\u00e9rie o\u00f9 l\u2019\u00e9galit\u00e9 int\u00e9grale entre les femmes et les hommes devient un v\u00e9cu ; une r\u00e9alit\u00e9 sociale, politique et culturelle. Sans violence, sans harc\u00e8lement, sans racisme sexuel. Je r\u00eave de voir l\u2019Alg\u00e9rie de demain un pays o\u00f9\u00a0 la diversit\u00e9 linguistique, religieuse et philosophique est respect\u00e9e. Le vivre-ensemble est un oxyg\u00e8ne national.<br \/>Je r\u00eave d\u2019un pays o\u00f9 la d\u00e9mocratie est une culture de citoyennet\u00e9 politique, une conduite sociale individuelle et collective.<br \/>Je r\u00eave d&rsquo;une justice ind\u00e9pendante, capable de juger, sur un pied d\u2019\u00e9galit\u00e9, le pr\u00e9sident de la R\u00e9publique, le ministre du gouvernement, le fils du ministre, le fils du g\u00e9n\u00e9ral et le simple citoyen. Je r\u00eave d&rsquo;une presse libre et professionnelle, capable d&rsquo;incarner la force et le sens du quatri\u00e8me pouvoir. Une presse lib\u00e9r\u00e9e du charlatanisme, observ\u00e9e par une autorit\u00e9 audiovisuelle ind\u00e9pendante et transparente.\u00a0<br \/>Je r\u00eave d&rsquo;un pays dans lequel la soci\u00e9t\u00e9 civile, les associations culturelles, les clubs et les caf\u00e9s litt\u00e9raires seront libres.\u00a0\u00a0<br \/>Je r\u00eave d&rsquo;un pays o\u00f9 les arts et les cultures, dans leurs diversit\u00e9 linguistique, intellectuelle et esth\u00e9tique (cin\u00e9ma, livre, th\u00e9\u00e2tre, art, musique\u2026) deviennent l&rsquo;oxyg\u00e8ne pour le peuple dans les villes, les villages et les hameaux o\u00f9 on croise dans nos biblioth\u00e8ques des lecteurs en arabe, en tamazight, en fran\u00e7ais et en d&rsquo;autres langues. Je r\u00eave d&rsquo;un pays o\u00f9 la s\u00e9paration de la religion et de la politique, de la religion et des institutions de l&rsquo;\u00c9tat, est un principe fondamental. La foi est un acte personnel et le pays un partage collectif. La citoyennet\u00e9 passe devant la foi.\u00a0<br \/>Je r\u00eave d&rsquo;un pays o\u00f9 la culture de la haine religieuse s\u2019enterre, o\u00f9 les Alg\u00e9riens vivent leur religion, leur la\u00efcit\u00e9, leur ath\u00e9isme, en toute qui\u00e9tude et avec respect les uns et les autres.\u00a0<br \/>Je r\u00eave d\u2019une Alg\u00e9rie o\u00f9 \u00e0 l\u2019\u00e9cole on enseigne la langue amazighe aux c\u00f4t\u00e9s de l\u2019arabe, du fran\u00e7ais, sans hostilit\u00e9 aucune, mais avec amour, g\u00e9nie et concurrence.\u00a0<br \/>Je r\u00eave. Le r\u00eave est une r\u00e9sistance collective. Toute soci\u00e9t\u00e9 qui ne r\u00eave pas est une soci\u00e9t\u00e9 en voie d\u2019extinction. Le sommeil n\u2019est pas le lit des r\u00eaves. Creusez profond\u00e9ment dans la matrice de la soci\u00e9t\u00e9 vous d\u00e9couvrirez les racines du r\u00eave collectif .<\/p>\n<p class=\"c10\"><strong>A. Z.<br \/>aminzaoui@yahoo.fr<\/strong><\/p>\n<\/div>\n<p>Auteur:<br \/>\n<a href=\"https:\/\/www.liberte-algerie.com\/culture\/lalgerie-revee-313601\">Cliquez ici pour lire l&rsquo;article depuis sa source.<\/a><\/p>\n","protected":false},"excerpt":{"rendered":"<p>Le sommeil n\u2019est pas le lit des r\u00eaves. Creusez profond\u00e9ment dans la matrice de la soci\u00e9t\u00e9, vous d\u00e9couvrirez les racines du r\u00eave collectif ! Je creuse ! Le r\u00e9el m\u00e8ne au r\u00eave ! Et le r\u00eave est le capital \u00e9nerg\u00e9tique du r\u00e9el ! Ainsi, je r\u00eave d\u2019une Alg\u00e9rie pleine de vie ! Ce beau pays [&hellip;]<\/p>\n","protected":false},"author":1742,"featured_media":0,"comment_status":"closed","ping_status":"closed","sticky":false,"template":"","format":"standard","meta":{"fifu_image_url":"","fifu_image_alt":"","footnotes":""},"categories":[73,53],"tags":[],"class_list":["post-27179","post","type-post","status-publish","format-standard","hentry","category-actualite","category-algerie"],"_links":{"self":[{"href":"https:\/\/linitiative.ca\/International\/wp-json\/wp\/v2\/posts\/27179","targetHints":{"allow":["GET"]}}],"collection":[{"href":"https:\/\/linitiative.ca\/International\/wp-json\/wp\/v2\/posts"}],"about":[{"href":"https:\/\/linitiative.ca\/International\/wp-json\/wp\/v2\/types\/post"}],"author":[{"embeddable":true,"href":"https:\/\/linitiative.ca\/International\/wp-json\/wp\/v2\/users\/1742"}],"replies":[{"embeddable":true,"href":"https:\/\/linitiative.ca\/International\/wp-json\/wp\/v2\/comments?post=27179"}],"version-history":[{"count":0,"href":"https:\/\/linitiative.ca\/International\/wp-json\/wp\/v2\/posts\/27179\/revisions"}],"wp:attachment":[{"href":"https:\/\/linitiative.ca\/International\/wp-json\/wp\/v2\/media?parent=27179"}],"wp:term":[{"taxonomy":"category","embeddable":true,"href":"https:\/\/linitiative.ca\/International\/wp-json\/wp\/v2\/categories?post=27179"},{"taxonomy":"post_tag","embeddable":true,"href":"https:\/\/linitiative.ca\/International\/wp-json\/wp\/v2\/tags?post=27179"}],"curies":[{"name":"wp","href":"https:\/\/api.w.org\/{rel}","templated":true}]}}