{"id":27192,"date":"2019-04-11T10:49:04","date_gmt":"2019-04-11T14:49:04","guid":{"rendered":"https:\/\/linitiative.ca\/International\/marrakech-safi-necessite-de-linstauration-dun-systeme-dagregation-agricole-dedie-a-la-filiere-abricotier\/"},"modified":"2019-04-11T10:49:04","modified_gmt":"2019-04-11T14:49:04","slug":"marrakech-safi-necessite-de-linstauration-dun-systeme-dagregation-agricole-dedie-a-la-filiere-abricotier","status":"publish","type":"post","link":"https:\/\/linitiative.ca\/International\/marrakech-safi-necessite-de-linstauration-dun-systeme-dagregation-agricole-dedie-a-la-filiere-abricotier\/","title":{"rendered":"Marrakech-Safi: N\u00e9cessit\u00e9 de l\u2019instauration d\u2019un syst\u00e8me d\u2019agr\u00e9gation agricole d\u00e9di\u00e9 \u00e0 la fili\u00e8re abricotier"},"content":{"rendered":"<div readability=\"39\">\n<p>Marrakech- Le pr\u00e9sident de la Chambre agricole de la r\u00e9gion Marrakech-Safi, Habib Bentaleb a soulign\u00e9, mercredi \u00e0 Marrakech, la n\u00e9cessit\u00e9 d\u2019instaurer un syst\u00e8me d\u2019agr\u00e9gation agricole d\u00e9di\u00e9 \u00e0 la fili\u00e8re abricotier au niveau de la r\u00e9gion, en vue d\u2019am\u00e9liorer le rendement et de garantir une meilleure commercialisation et valorisation du produit.<\/p>\n<\/div>\n<div readability=\"109\">\n<p>Intervenant lors d\u2019une journ\u00e9e de communication sur \u00ab\u00a0la situation actuelle et les opportunit\u00e9s offertes pour la valorisation de l\u2019abricot\u00a0\u00bb, organis\u00e9e par la Chambre r\u00e9gionale d\u2019agriculture, l\u2019Office national du Conseil agricole (ONCA) et l\u2019Association r\u00e9gionale des producteurs d\u2019abricots, M. Bentaleb a pr\u00e9cis\u00e9 que la r\u00e9gion regorge d\u2019importantes potentialit\u00e9s naturelles et environnementales susceptibles de contribuer \u00e0 la multiplication des plantations des diff\u00e9rentes vari\u00e9t\u00e9s d\u2019abricots, de cr\u00e9er des postes d\u2019emploi suppl\u00e9mentaires et de rehausser le rendement, tout en rappelant certaines contraintes qui entravent la valorisation de cette fili\u00e8re agricole, notamment celles inh\u00e9rentes \u00e0 la commercialisation, \u00e0 la valorisation et \u00e0 l\u2019agr\u00e9gation.<\/p>\n<p>De son c\u00f4t\u00e9, le directeur g\u00e9n\u00e9ral de l\u2019ONCA, Jaouad Bahaji, a indiqu\u00e9 que la production d\u2019abricots a enregistr\u00e9 au cours des derni\u00e8res ann\u00e9es une baisse palpable, insistant sur la n\u00e9cessit\u00e9 de la r\u00e9habilitation, de la pr\u00e9servation et de la valorisation de cette fili\u00e8re agricole.<\/p>\n<p>Dans ce cadre, M. Bahaji a rappel\u00e9 que cette fili\u00e8re rev\u00eat une grande importance au niveau de la r\u00e9gion de Marrakech-Safi, notant que la superficie plant\u00e9e en abricots avoisine 6.500 Ha \u00e0 l\u2019\u00e9chelle de la r\u00e9gion, ce qui repr\u00e9sente 47% de la superficie globale \u00e0 l\u2019\u00e9chelle nationale, alors que la production annuelle d\u00e9passe 60.000 tonnes (soit 50% au niveau national), et le volume des exportations annuelles est estim\u00e9 \u00e0 2.200 tonnes seulement (soit 25% des exportations nationales).<\/p>\n<p>Il a, en outre, relev\u00e9 que cette fili\u00e8re offre plusieurs opportunit\u00e9s d\u2019emploi et contribue \u00e0 augmenter les revenus des agriculteurs, sans oublier ses r\u00f4les socio-\u00e9conomique et \u00e9cologique, soulignant l\u2019existence de la possibilit\u00e9 d\u2019augmentation et de d\u00e9veloppement de la superficie plant\u00e9e au niveau r\u00e9gional.<\/p>\n<p>M. Bahaji a \u00e9galement appel\u00e9 \u00e0 l\u2019organisation de cette fili\u00e8re agricole \u00e0 travers l\u2019instauration d\u2019un syst\u00e8me d\u2019agr\u00e9gation, tout en veillant \u00e0 surmonter certaines contraintes li\u00e9es \u00e0 une faible pluviom\u00e9trie irr\u00e9guli\u00e8re, \u00e0 des ressources hydriques limit\u00e9es et \u00e0 l\u2019absence de coop\u00e9ratives agricoles, outre d\u2019autres probl\u00e8mes portant sur la valorisation et la commercialisation du produit ainsi que le manque d\u2019expertise technique des agriculteurs.<\/p>\n<p>Dans la m\u00eame veine, le directeur r\u00e9gional de l\u2019agriculture, Abdelaziz Bousraref, a affirm\u00e9 que l\u2019agr\u00e9gation agricole propre \u00e0 cette fili\u00e8re est susceptible d\u2019am\u00e9liorer le rendement et d\u2019assurer la commercialisation et la valorisation du produit, mettant l\u2019accent sur les principaux objectifs du plan agricole pour la fili\u00e8re abricotier qui consistent notamment en l\u2019am\u00e9lioration des rendements de 10 \u00e0 20 T\/ha et la stabilisation de la superficie, le renforcement de l\u2019organisation professionnelle et interprofessionnelle, et la diversification de la transformation de la production, outre la mise en oeuvre du programme d\u2019assurance multirisques climatiques pour les arbres fruitiers.<\/p>\n<p>Les autres intervenants ont, de leur c\u00f4t\u00e9, insist\u00e9 sur la n\u00e9cessite de l\u2019appui de cette fili\u00e8re de production, de fournir les conseils techniques aux agriculteurs et de chercher des solutions efficientes aux contraintes li\u00e9es \u00e0 la commercialisation et \u00e0 la valorisation, soulignant l\u2019importance du renforcement du conseil agricole, de l\u2019encadrement des agriculteurs et de l\u2019am\u00e9lioration du rendement, tout en oeuvrant \u00e0 mettre un conseiller agricole \u00e0 la disposition de l\u2019association r\u00e9gionale des producteurs d\u2019abricots.<\/p>\n<p>Cette journ\u00e9e a \u00e9t\u00e9 marqu\u00e9e par la pr\u00e9sentation d\u2019une s\u00e9rie d\u2019expos\u00e9s se rapportant \u00e0 \u00ab\u00a0l\u2019\u00e9tat des lieux de la fili\u00e8re abricotier dans la r\u00e9gion\u00a0\u00bb, au \u00ab\u00a0programme de conseil agricole pour accompagner la promotion de la fili\u00e8re abricotier dans la r\u00e9gion\u00a0\u00bb, \u00e0 \u00ab\u00a0la s\u00e9curit\u00e9 sanitaire de la fili\u00e8re abricotier dans la r\u00e9gion\u00a0\u00bb, \u00e0 \u00ab\u00a0l\u2019importance de la diversification des vari\u00e9t\u00e9s dans le d\u00e9veloppement durable de la fili\u00e8re abricotier\u00a0\u00bb et \u00e0 \u00ab\u00a0la commercialisation \u00e0 l\u2019international des abricots\u00a0\u00bb.<\/p>\n<\/div>\n<p>Auteur: Meriem IGASS<br \/>\n<a href=\"http:\/\/www.mapmarrakech.ma\/fr\/marrakech-safi-necessite-de-linstauration-dun-systeme-dagregation-agricole-dedie-a-la-filiere-abricotier\/\">Cliquez ici pour lire l&rsquo;article depuis sa source.<\/a><\/p>\n","protected":false},"excerpt":{"rendered":"<p>Marrakech- Le pr\u00e9sident de la Chambre agricole de la r\u00e9gion Marrakech-Safi, Habib Bentaleb a soulign\u00e9, mercredi \u00e0 Marrakech, la n\u00e9cessit\u00e9 d\u2019instaurer un syst\u00e8me d\u2019agr\u00e9gation agricole d\u00e9di\u00e9 \u00e0 la fili\u00e8re abricotier au niveau de la r\u00e9gion, en vue d\u2019am\u00e9liorer le rendement et de garantir une meilleure commercialisation et valorisation du produit. Intervenant lors d\u2019une journ\u00e9e de [&hellip;]<\/p>\n","protected":false},"author":1788,"featured_media":0,"comment_status":"closed","ping_status":"closed","sticky":false,"template":"","format":"standard","meta":{"fifu_image_url":"","fifu_image_alt":"","footnotes":""},"categories":[54,76],"tags":[],"class_list":["post-27192","post","type-post","status-publish","format-standard","hentry","category-maroc","category-regions"],"_links":{"self":[{"href":"https:\/\/linitiative.ca\/International\/wp-json\/wp\/v2\/posts\/27192","targetHints":{"allow":["GET"]}}],"collection":[{"href":"https:\/\/linitiative.ca\/International\/wp-json\/wp\/v2\/posts"}],"about":[{"href":"https:\/\/linitiative.ca\/International\/wp-json\/wp\/v2\/types\/post"}],"author":[{"embeddable":true,"href":"https:\/\/linitiative.ca\/International\/wp-json\/wp\/v2\/users\/1788"}],"replies":[{"embeddable":true,"href":"https:\/\/linitiative.ca\/International\/wp-json\/wp\/v2\/comments?post=27192"}],"version-history":[{"count":0,"href":"https:\/\/linitiative.ca\/International\/wp-json\/wp\/v2\/posts\/27192\/revisions"}],"wp:attachment":[{"href":"https:\/\/linitiative.ca\/International\/wp-json\/wp\/v2\/media?parent=27192"}],"wp:term":[{"taxonomy":"category","embeddable":true,"href":"https:\/\/linitiative.ca\/International\/wp-json\/wp\/v2\/categories?post=27192"},{"taxonomy":"post_tag","embeddable":true,"href":"https:\/\/linitiative.ca\/International\/wp-json\/wp\/v2\/tags?post=27192"}],"curies":[{"name":"wp","href":"https:\/\/api.w.org\/{rel}","templated":true}]}}