{"id":27196,"date":"2019-04-11T10:22:11","date_gmt":"2019-04-11T14:22:11","guid":{"rendered":"https:\/\/linitiative.ca\/International\/ouargla-05-ans-de-prison-ferme-pour-port-darmes-et-detention-de-munitions\/"},"modified":"2019-04-11T10:22:11","modified_gmt":"2019-04-11T14:22:11","slug":"ouargla-05-ans-de-prison-ferme-pour-port-darmes-et-detention-de-munitions","status":"publish","type":"post","link":"https:\/\/linitiative.ca\/International\/ouargla-05-ans-de-prison-ferme-pour-port-darmes-et-detention-de-munitions\/","title":{"rendered":"Ouargla : 05 ans de prison ferme pour port d\u2019armes et d\u00e9tention de munitions"},"content":{"rendered":"<div>\n<div class=\"K2FeedImage\"><img decoding=\"async\" src=\"http:\/\/www.aps.dz\/media\/k2\/items\/cache\/25f68294a060eaf88517c1f22941ec8a_S.jpg\" alt=\"Ouargla : 05 ans de prison ferme pour port d\u2019armes et d\u00e9tention de munitions\"><\/div>\n<div class=\"K2FeedIntroText\">\n<p><strong>OUARGLA- Une peine de cinq ann\u00e9es de prison ferme a \u00e9t\u00e9 prononc\u00e9e jeudi par le tribunal criminel pr\u00e8s la Cour d\u2019Ouargla \u00e0 l\u2019encontre de trois individus pour port d\u2019armes et d\u00e9tention de munitions\u00a0sans autorisation des autorit\u00e9s comp\u00e9tentes.<\/strong><\/p>\n<\/div>\n<div class=\"K2FeedFullText\">\n<p>Dans cette m\u00eame affaire, le tribunal de Ouargla a \u00e9galement retenu des griefs contre le d\u00e9nomm\u00e9 M.H.Ch (43 ans) pour sortie ill\u00e9galement du territoire national et contre H.T (53 ans) et M.Dj (33 ans) tous deux de nationalit\u00e9 nig\u00e9rienne, pour entr\u00e9e illicite sur le territoire alg\u00e9rien.<\/p>\n<p>Selon l\u2019arr\u00eat de renvoi, l\u2019affaire remonte au mois de mai 2018 lorsqu\u2019une patrouille de l\u2019Arm\u00e9e nationale populaire avait intercept\u00e9, dans la r\u00e9gion de Djanet (Illizi), un v\u00e9hicule tout terrain avec \u00e0 son bord les trois individus pr\u00e9cit\u00e9s, et d\u00e9couvert, dissimul\u00e9 dans un sac de dattes, une arme automatique de type Kalachnikov, deux chargeurs vides et 37 balles de calibre 7,62 mm, ainsi que trois futs contenant 600 litres d&rsquo;essence.<\/p>\n<p>Les mis en cause dans cette affaire ont avou\u00e9 qu&rsquo;ils \u00e9taient en route pour le Niger en provenance de Libye lors de leur interception. Les investigations ont d\u00e9montr\u00e9 que leur voyage en Libye avait pour objectif de\u00a0rallier une organisation terroriste.\u00a0\u00a0\u00a0\u00a0\u00a0\u00a0\u00a0\u00a0\u00a0\u00a0\u00a0<\/p>\n<p>Le repr\u00e9sentant du minist\u00e8re public avait requis dans cette affaire la prison \u00e0 vie contre H.T et des peines de 20 ans de prison ferme contre M.H.Ch et M.Dj.<\/p>\n<\/div>\n<\/div>\n<p>Auteur:<br \/>\n<a href=\"http:\/\/www.aps.dz\/regions\/87943-ouargla-cinq-ans-de-prison-ferme-pour-port-d-armes-et-detention-de-munitions\">Cliquez ici pour lire l&rsquo;article depuis sa source.<\/a><\/p>\n","protected":false},"excerpt":{"rendered":"<p>OUARGLA- Une peine de cinq ann\u00e9es de prison ferme a \u00e9t\u00e9 prononc\u00e9e jeudi par le tribunal criminel pr\u00e8s la Cour d\u2019Ouargla \u00e0 l\u2019encontre de trois individus pour port d\u2019armes et d\u00e9tention de munitions\u00a0sans autorisation des autorit\u00e9s comp\u00e9tentes. Dans cette m\u00eame affaire, le tribunal de Ouargla a \u00e9galement retenu des griefs contre le d\u00e9nomm\u00e9 M.H.Ch (43 [&hellip;]<\/p>\n","protected":false},"author":1790,"featured_media":27197,"comment_status":"closed","ping_status":"closed","sticky":false,"template":"","format":"standard","meta":{"fifu_image_url":"","fifu_image_alt":"","footnotes":""},"categories":[53,76],"tags":[],"class_list":["post-27196","post","type-post","status-publish","format-standard","has-post-thumbnail","hentry","category-algerie","category-regions"],"_links":{"self":[{"href":"https:\/\/linitiative.ca\/International\/wp-json\/wp\/v2\/posts\/27196","targetHints":{"allow":["GET"]}}],"collection":[{"href":"https:\/\/linitiative.ca\/International\/wp-json\/wp\/v2\/posts"}],"about":[{"href":"https:\/\/linitiative.ca\/International\/wp-json\/wp\/v2\/types\/post"}],"author":[{"embeddable":true,"href":"https:\/\/linitiative.ca\/International\/wp-json\/wp\/v2\/users\/1790"}],"replies":[{"embeddable":true,"href":"https:\/\/linitiative.ca\/International\/wp-json\/wp\/v2\/comments?post=27196"}],"version-history":[{"count":0,"href":"https:\/\/linitiative.ca\/International\/wp-json\/wp\/v2\/posts\/27196\/revisions"}],"wp:featuredmedia":[{"embeddable":true,"href":"https:\/\/linitiative.ca\/International\/wp-json\/"}],"wp:attachment":[{"href":"https:\/\/linitiative.ca\/International\/wp-json\/wp\/v2\/media?parent=27196"}],"wp:term":[{"taxonomy":"category","embeddable":true,"href":"https:\/\/linitiative.ca\/International\/wp-json\/wp\/v2\/categories?post=27196"},{"taxonomy":"post_tag","embeddable":true,"href":"https:\/\/linitiative.ca\/International\/wp-json\/wp\/v2\/tags?post=27196"}],"curies":[{"name":"wp","href":"https:\/\/api.w.org\/{rel}","templated":true}]}}