{"id":27203,"date":"2019-04-10T18:30:10","date_gmt":"2019-04-10T22:30:10","guid":{"rendered":"https:\/\/linitiative.ca\/International\/le-commerce-un-secteur-vital-pour-leconomie-nationale-et-le-developpement-regional-m-elalamy\/"},"modified":"2019-04-10T18:30:10","modified_gmt":"2019-04-10T22:30:10","slug":"le-commerce-un-secteur-vital-pour-leconomie-nationale-et-le-developpement-regional-m-elalamy","status":"publish","type":"post","link":"https:\/\/linitiative.ca\/International\/le-commerce-un-secteur-vital-pour-leconomie-nationale-et-le-developpement-regional-m-elalamy\/","title":{"rendered":"Le commerce, un secteur vital pour l\u2019\u00e9conomie nationale et le d\u00e9veloppement r\u00e9gional (M. Elalamy)"},"content":{"rendered":"<div readability=\"40\">\n<p>Le ministre de l\u2019Industrie, de l\u2019Investissement, du Commerce et de l\u2019Economie num\u00e9rique, Moulay Hafid Elalamy, a affirm\u00e9, mercredi \u00e0 Oujda, que le secteur du commerce rev\u00eat une importance vitale pour l\u2019\u00e9conomie nationale et pour le d\u00e9veloppement r\u00e9gional.<\/p>\n<\/div>\n<div readability=\"186\">\n<p>S\u2019exprimant lors d\u2019une Rencontre r\u00e9gionale sur le Commerce, l\u2019industrie et les services, M. Elalamy a soulign\u00e9 que 54% de la population active de la r\u00e9gion de l\u2019Oriental travaillent dans le secteur du commerce qui emploie plus de 1,5 million de personnes au niveau national.<\/p>\n<p>Il a ajout\u00e9 que la r\u00e9gion de l\u2019Oriental compte 18.470 points de vente, 80 souks hebdomadaires, et 22 grandes ou moyennes surfaces de vente, en plus du commerce \u00e9lectronique qui a fait son entr\u00e9e dans cette r\u00e9gion ces derni\u00e8res ann\u00e9es et qui ne cesse de se d\u00e9velopper.<\/p>\n<p>M. Elalamy a relev\u00e9 \u00e0 cet \u00e9gard que cette Rencontre r\u00e9gionale se veut une occasion pour fournir et pr\u00e9senter des donn\u00e9es pr\u00e9cises sur ce secteur et formuler des propositions pour des solutions ad\u00e9quates aux probl\u00e8mes et pr\u00e9occupations des commer\u00e7ants et professionnels du secteur.<\/p>\n<p>Pr\u00e9cisant que les Rencontres r\u00e9gionales sur le commerce s\u2019inscrivent en droite ligne des Hautes orientations royales au sujet de la conception de politiques sectorielles mettant \u00e0 contribution l\u2019ensemble des acteurs concern\u00e9s, le ministre a pr\u00e9cis\u00e9 que les Assises nationales sur le Commerce, pr\u00e9vues les 24 et 25 avril courant \u00e0 Marrakech, d\u00e9battront des diff\u00e9rentes propositions et recommandations issues des 12 Rencontres r\u00e9gionales, et dont le nombre d\u00e9passe les 500 dont 87 \u00e9manant de la r\u00e9gion de l\u2019Oriental.<\/p>\n<p>Ces recommandations, a-t-il fait savoir, feront l\u2019objet d\u2019un examen approfondi et celles qui sont int\u00e9ressantes et r\u00e9alisables seront class\u00e9es en fonction des priorit\u00e9s et des moyens, alors qu\u2019un agenda de leur mise en \u0153uvre sera \u00e9labor\u00e9, avec bien \u00e9videmment un m\u00e9canisme de suivi et d\u2019\u00e9valuation des avanc\u00e9es.<\/p>\n<p>Le ministre a mis l\u2019accent, lors de cette rencontre initi\u00e9e par la Chambre de commerce, d\u2019industrie et de services (CCIS) de l\u2019Oriental, en partenariat avec le minist\u00e8re, sur l\u2019importance de la pr\u00e9servation du commerce de proximit\u00e9 et du d\u00e9veloppement du r\u00f4le et des missions des CCIS.<\/p>\n<p><img class=\"wp-image-11541 aligncenter\" data-src=\"http:\/\/www.mapoujda.ma\/map\/uploads\/2019\/04\/\u0631\u0626\u064a\u0633-\u063a\u0631\u0641\u0629-\u0627\u0644\u062a\u062c\u0627\u0631\u0629-\u0648\u0627\u0644\u0635\u0646\u0627\u0639\u0629-\u0648\u0627\u0644\u062e\u062f\u0645\u0627\u062a-\u0644\u0644\u0634\u0631\u0642-\u0623\u062b\u0646\u0627\u0621-\u0627\u0644\u0642\u0627\u0621-\u0643\u0644\u0645\u062a\u0647-1.jpg\" alt=\"\" width=\"523\" height=\"300\" srcset=\"http:\/\/www.mapoujda.ma\/map\/uploads\/2019\/04\/\u0631\u0626\u064a\u0633-\u063a\u0631\u0641\u0629-\u0627\u0644\u062a\u062c\u0627\u0631\u0629-\u0648\u0627\u0644\u0635\u0646\u0627\u0639\u0629-\u0648\u0627\u0644\u062e\u062f\u0645\u0627\u062a-\u0644\u0644\u0634\u0631\u0642-\u0623\u062b\u0646\u0627\u0621-\u0627\u0644\u0642\u0627\u0621-\u0643\u0644\u0645\u062a\u0647-1.jpg 750w, http:\/\/www.mapoujda.ma\/map\/uploads\/2019\/04\/\u0631\u0626\u064a\u0633-\u063a\u0631\u0641\u0629-\u0627\u0644\u062a\u062c\u0627\u0631\u0629-\u0648\u0627\u0644\u0635\u0646\u0627\u0639\u0629-\u0648\u0627\u0644\u062e\u062f\u0645\u0627\u062a-\u0644\u0644\u0634\u0631\u0642-\u0623\u062b\u0646\u0627\u0621-\u0627\u0644\u0642\u0627\u0621-\u0643\u0644\u0645\u062a\u0647-1-300x172.jpg 300w\" sizes=\"(max-width: 523px) 100vw, 523px\"\/><\/p>\n<p>Prenant la parole, le Wali de la r\u00e9gion de l\u2019Oriental et gouverneur de la pr\u00e9fecture d\u2019Oujda-Angad, Mouad El Jamai, a soulign\u00e9 que les autorit\u00e9s locales et les diff\u00e9rents acteurs \u00e9conomiques et r\u00e9gionaux accordent une attention toute particuli\u00e8re \u00e0 la r\u00e9solution des probl\u00e8mes et difficult\u00e9s que connaissent les secteurs du commerce, de l\u2019industrie et des services, en tenant compte non seulement des besoins imm\u00e9diats mais aussi des d\u00e9fis futurs associ\u00e9s aux mutations que connaissent ces secteurs.<\/p>\n<p>Il a expliqu\u00e9, dans ce sens, que plusieurs initiatives visant le renforcement du secteur commercial dans la r\u00e9gion ont \u00e9t\u00e9 lanc\u00e9es, et ce \u00e0 travers notamment un programme de restructuration des souks et complexes de commerce dans les provinces de la r\u00e9gion, la promotion de l\u2019\u00e9conomie sociale et solidaire, et l\u2019appui aux associations pour cr\u00e9er des alternatives \u00e9conomiques cr\u00e9atrices d\u2019emplois.<\/p>\n<p>M. El Jamai a ainsi rappel\u00e9 le projet de cr\u00e9ation d\u2019une plate-forme pour la valorisation et la commercialisation des produits locaux pour un investissement d\u2019environ 200 millions de dirhams, la cr\u00e9ation dans la r\u00e9gion d\u2019un fonds d\u2019aide \u00e0 l\u2019investissement, en plus de l\u2019ouverture du port de Beni Ensar (Nador) pour l\u2019encouragement des entreprises dans leurs op\u00e9rations d\u2019importation et d\u2019exportation, et ce dans l\u2019attente de la mise en service du port de Nador West-Med.<\/p>\n<p>Le pr\u00e9sident du Conseil de la r\u00e9gion de l\u2019Oriental, Abdenbi Bioui, a fait remarquer, quant \u00e0 lui, que cet \u00e9v\u00e9nement r\u00e9gional s\u2019inscrit dans le contexte national qui souligne l\u2019importance du traitement des questions sectorielles selon une vision de d\u00e9veloppement territorial qui prend en consid\u00e9ration les divers programmes et strat\u00e9gies ainsi que les grandes orientations du Royaume.<\/p>\n<p>Le Conseil, a-t-il dit, \u0153uvre, dans le cadre de la promotion du d\u00e9veloppement int\u00e9gr\u00e9 et durable, \u00e0 am\u00e9liorer l\u2019attractivit\u00e9 de la r\u00e9gion et \u00e0 renforcer sa comp\u00e9titivit\u00e9, en sus de l\u2019encouragement des entreprises et de l\u2019investissement.<\/p>\n<p>De son c\u00f4t\u00e9, le pr\u00e9sident de la Chambre de commerce, d\u2019industrie et de services de l\u2019Oriental, Abdelhafid Jaroudi, a estim\u00e9 que le choix du th\u00e8me de cette Rencontre \u2018\u2019Faire entendre la voix des professionnels pour une meilleure qualification des secteurs productifs\u2019\u2019 t\u00e9moigne de la place distingu\u00e9 qu\u2019occupent les acteurs \u00e9conomiques et de leur r\u00f4le principal dans le processus de d\u00e9veloppement de la r\u00e9gion.<\/p>\n<p><img class=\"wp-image-11542 aligncenter\" data-src=\"http:\/\/www.mapoujda.ma\/map\/uploads\/2019\/04\/\u0627\u0644\u0645\u0646\u0627\u0638\u0631\u0629-\u0627\u0644\u062c\u0647\u0648\u064a\u0629-\u062d\u0648\u0644-\u0627\u0644\u062a\u062c\u0627\u0631\u0629-\u0648\u0627\u0644\u0635\u0646\u0627\u0639\u0629-\u0648\u0627\u0644\u062e\u062f\u0645\u0627\u062a-1.jpg\" alt=\"\" width=\"523\" height=\"300\" srcset=\"http:\/\/www.mapoujda.ma\/map\/uploads\/2019\/04\/\u0627\u0644\u0645\u0646\u0627\u0638\u0631\u0629-\u0627\u0644\u062c\u0647\u0648\u064a\u0629-\u062d\u0648\u0644-\u0627\u0644\u062a\u062c\u0627\u0631\u0629-\u0648\u0627\u0644\u0635\u0646\u0627\u0639\u0629-\u0648\u0627\u0644\u062e\u062f\u0645\u0627\u062a-1.jpg 750w, http:\/\/www.mapoujda.ma\/map\/uploads\/2019\/04\/\u0627\u0644\u0645\u0646\u0627\u0638\u0631\u0629-\u0627\u0644\u062c\u0647\u0648\u064a\u0629-\u062d\u0648\u0644-\u0627\u0644\u062a\u062c\u0627\u0631\u0629-\u0648\u0627\u0644\u0635\u0646\u0627\u0639\u0629-\u0648\u0627\u0644\u062e\u062f\u0645\u0627\u062a-1-300x172.jpg 300w\" sizes=\"(max-width: 523px) 100vw, 523px\"\/><\/p>\n<p>Il a not\u00e9 que cet \u00e9v\u00e9nement \u00e9conomique est le fruit d\u2019une approche visant \u00e0 diagnostiquer les besoins des adh\u00e9rents de la Chambre et leurs pr\u00e9occupations, et \u00e0 adopter une vision proactive des solutions possibles pour surmonter les obstacles qui freinent le d\u00e9veloppement de ces secteurs productifs.<\/p>\n<p>Il a soulign\u00e9 \u00e0 cet \u00e9gard que la Chambre a proc\u00e9d\u00e9 \u00e0 la collecte et la classification des recommandations et propositions formul\u00e9es lors des diff\u00e9rentes r\u00e9unions de concertation et de communication tenues au niveau de la r\u00e9gion par la CCIS, avec pour objectifs de rem\u00e9dier aux contraintes et probl\u00e8mes soulev\u00e9s par les acteurs et les professionnels.<\/p>\n<p>Quant au pr\u00e9sident de la f\u00e9d\u00e9ration des chambres de commerce, d\u2019industrie et de services au Maroc, Omar Mourou, il a fait remarquer que les \u00e9tapes pr\u00e9c\u00e9dentes des Rencontres r\u00e9gionales qui ont eu lieu \u00e0 Agadir, Ouarzazate, Marrakech, F\u00e8s, Rabat, Casablanca, Tanger, Dakhla et Guelmim, ont \u00e9t\u00e9 couronn\u00e9es par la formulation d\u2019une panoplie de propositions int\u00e9ressantes et judicieuses qui refl\u00e8tent \u00e0 quel point les professionnels ont une connaissance profonde de leurs secteurs d\u2019activit\u00e9.<\/p>\n<p>Il s\u2019est dit convaincu que la Rencontre r\u00e9gionale d\u2019Oujda est une autre \u00e9tape qui va enrichir les id\u00e9es et les visions, et partant conforter les acquis pour la mise en place de d\u2019une strat\u00e9gie nationale reposant sur la logique participative.<\/p>\n<p>Tout au long du mois de mars dernier, la CCIS de l\u2019Oriental a organis\u00e9 des tables rondes avec ses adh\u00e9rents et des rencontres de communication suivies d\u2019ateliers de concertation ax\u00e9s sur des questions li\u00e9es au volet juridique, organisationnel et fiscal, \u00e0 la modernisation des secteurs productifs (infrastructures, logistique et services), et \u00e0 l\u2019appui, l\u2019accompagnement, la formation et la protection sociale.<\/p>\n<p>Les recommandations de cette Rencontre, marqu\u00e9e par la pr\u00e9sence du Directeur g\u00e9n\u00e9ral de l\u2019Agence de d\u00e9veloppement de l\u2019Oriental, Mohamed Mbraki, d\u2019\u00e9lus, de repr\u00e9sentants d\u2019associations de commer\u00e7ants et de professionnels du secteur, de responsables des services ext\u00e9rieurs et d\u2019autres personnalit\u00e9s, sont de nature \u00e0 enrichir les d\u00e9bats et les r\u00e9flexions lors des deux prochains rendez-vous, \u00e0 savoir les Assises nationales du commerce (24 et 25 avril) et les 3\u00e8 Assises nationales de la fiscalit\u00e9 (3 et 4 mai).<\/p>\n<\/div>\n<p>Auteur: Soufiane ELAHMAR<br \/>\n<a href=\"http:\/\/www.mapoujda.ma\/fr\/le-commerce-un-secteur-vital-pour-leconomie-nationale-et-le-developpement-regional-m-elalamy\/\">Cliquez ici pour lire l&rsquo;article depuis sa source.<\/a><\/p>\n","protected":false},"excerpt":{"rendered":"<p>Le ministre de l\u2019Industrie, de l\u2019Investissement, du Commerce et de l\u2019Economie num\u00e9rique, Moulay Hafid Elalamy, a affirm\u00e9, mercredi \u00e0 Oujda, que le secteur du commerce rev\u00eat une importance vitale pour l\u2019\u00e9conomie nationale et pour le d\u00e9veloppement r\u00e9gional. S\u2019exprimant lors d\u2019une Rencontre r\u00e9gionale sur le Commerce, l\u2019industrie et les services, M. Elalamy a soulign\u00e9 que 54% [&hellip;]<\/p>\n","protected":false},"author":1788,"featured_media":0,"comment_status":"closed","ping_status":"closed","sticky":false,"template":"","format":"standard","meta":{"fifu_image_url":"","fifu_image_alt":"","footnotes":""},"categories":[54,76],"tags":[],"class_list":["post-27203","post","type-post","status-publish","format-standard","hentry","category-maroc","category-regions"],"_links":{"self":[{"href":"https:\/\/linitiative.ca\/International\/wp-json\/wp\/v2\/posts\/27203","targetHints":{"allow":["GET"]}}],"collection":[{"href":"https:\/\/linitiative.ca\/International\/wp-json\/wp\/v2\/posts"}],"about":[{"href":"https:\/\/linitiative.ca\/International\/wp-json\/wp\/v2\/types\/post"}],"author":[{"embeddable":true,"href":"https:\/\/linitiative.ca\/International\/wp-json\/wp\/v2\/users\/1788"}],"replies":[{"embeddable":true,"href":"https:\/\/linitiative.ca\/International\/wp-json\/wp\/v2\/comments?post=27203"}],"version-history":[{"count":0,"href":"https:\/\/linitiative.ca\/International\/wp-json\/wp\/v2\/posts\/27203\/revisions"}],"wp:attachment":[{"href":"https:\/\/linitiative.ca\/International\/wp-json\/wp\/v2\/media?parent=27203"}],"wp:term":[{"taxonomy":"category","embeddable":true,"href":"https:\/\/linitiative.ca\/International\/wp-json\/wp\/v2\/categories?post=27203"},{"taxonomy":"post_tag","embeddable":true,"href":"https:\/\/linitiative.ca\/International\/wp-json\/wp\/v2\/tags?post=27203"}],"curies":[{"name":"wp","href":"https:\/\/api.w.org\/{rel}","templated":true}]}}