{"id":27204,"date":"2019-04-10T20:39:51","date_gmt":"2019-04-11T00:39:51","guid":{"rendered":"https:\/\/linitiative.ca\/International\/colloque-a-taourirt-sur-la-memoire-historique-de-la-resistance-et-le-developpement-durable\/"},"modified":"2019-04-10T20:39:51","modified_gmt":"2019-04-11T00:39:51","slug":"colloque-a-taourirt-sur-la-memoire-historique-de-la-resistance-et-le-developpement-durable","status":"publish","type":"post","link":"https:\/\/linitiative.ca\/International\/colloque-a-taourirt-sur-la-memoire-historique-de-la-resistance-et-le-developpement-durable\/","title":{"rendered":"Colloque \u00e0 Taourirt sur la m\u00e9moire historique de la r\u00e9sistance et le d\u00e9veloppement durable"},"content":{"rendered":"<p><iframe loading=\"lazy\" width=\"1170\" height=\"658\" src=\"https:\/\/www.youtube.com\/embed\/XgsbfcJelz0?feature=oembed\" frameborder=\"0\" allow=\"accelerometer; autoplay; encrypted-media; gyroscope; picture-in-picture\" allowfullscreen=\"\">[embedded content]<\/iframe><\/p>\n<div class=\"single-post-excerpt post-excerpt-bc\" readability=\"35\">\n<p>Le Haut commissariat aux anciens r\u00e9sistants et anciens membres de l\u2019Arm\u00e9e de lib\u00e9ration (HCAR) a organis\u00e9 \u00e0 Taourirt, un colloque ax\u00e9 sur la m\u00e9moire historique de cette province et les perspectives de d\u00e9veloppement durable dans cette partie du Royaume.<\/p>\n<\/div>\n<p>Auteur: Soufiane ELAHMAR<br \/>\n<a href=\"http:\/\/www.mapoujda.ma\/fr\/colloque-a-taourirt-sur-la-memoire-historique-de-la-resistance-et-le-developpement-durable-2\/\">Cliquez ici pour lire l&rsquo;article depuis sa source.<\/a><\/p>\n","protected":false},"excerpt":{"rendered":"<p>[embedded content] Le Haut commissariat aux anciens r\u00e9sistants et anciens membres de l\u2019Arm\u00e9e de lib\u00e9ration (HCAR) a organis\u00e9 \u00e0 Taourirt, un colloque ax\u00e9 sur la m\u00e9moire historique de cette province et les perspectives de d\u00e9veloppement durable dans cette partie du Royaume. Auteur: Soufiane ELAHMAR Cliquez ici pour lire l&rsquo;article depuis sa source.<\/p>\n","protected":false},"author":1788,"featured_media":0,"comment_status":"closed","ping_status":"closed","sticky":false,"template":"","format":"standard","meta":{"fifu_image_url":"","fifu_image_alt":"","footnotes":""},"categories":[54,76],"tags":[],"class_list":["post-27204","post","type-post","status-publish","format-standard","hentry","category-maroc","category-regions"],"_links":{"self":[{"href":"https:\/\/linitiative.ca\/International\/wp-json\/wp\/v2\/posts\/27204","targetHints":{"allow":["GET"]}}],"collection":[{"href":"https:\/\/linitiative.ca\/International\/wp-json\/wp\/v2\/posts"}],"about":[{"href":"https:\/\/linitiative.ca\/International\/wp-json\/wp\/v2\/types\/post"}],"author":[{"embeddable":true,"href":"https:\/\/linitiative.ca\/International\/wp-json\/wp\/v2\/users\/1788"}],"replies":[{"embeddable":true,"href":"https:\/\/linitiative.ca\/International\/wp-json\/wp\/v2\/comments?post=27204"}],"version-history":[{"count":0,"href":"https:\/\/linitiative.ca\/International\/wp-json\/wp\/v2\/posts\/27204\/revisions"}],"wp:attachment":[{"href":"https:\/\/linitiative.ca\/International\/wp-json\/wp\/v2\/media?parent=27204"}],"wp:term":[{"taxonomy":"category","embeddable":true,"href":"https:\/\/linitiative.ca\/International\/wp-json\/wp\/v2\/categories?post=27204"},{"taxonomy":"post_tag","embeddable":true,"href":"https:\/\/linitiative.ca\/International\/wp-json\/wp\/v2\/tags?post=27204"}],"curies":[{"name":"wp","href":"https:\/\/api.w.org\/{rel}","templated":true}]}}