{"id":27205,"date":"2019-04-11T15:14:08","date_gmt":"2019-04-11T19:14:08","guid":{"rendered":"https:\/\/linitiative.ca\/International\/ligue-1-2-csc-lavagne-avec-un-bon-etat-desprit-et-la-volonte-on-peut-creer-la-surprise-a-rades\/"},"modified":"2019-04-11T15:14:08","modified_gmt":"2019-04-11T19:14:08","slug":"ligue-1-2-csc-lavagne-avec-un-bon-etat-desprit-et-la-volonte-on-peut-creer-la-surprise-a-rades","status":"publish","type":"post","link":"https:\/\/linitiative.ca\/International\/ligue-1-2-csc-lavagne-avec-un-bon-etat-desprit-et-la-volonte-on-peut-creer-la-surprise-a-rades\/","title":{"rendered":"Ligue 1 &amp; 2 : CSC : Lavagne : \u00abAvec un bon \u00e9tat d\u2019esprit et la volont\u00e9, on peut cr\u00e9er la surprise \u00e0 Rad\u00e8s\u00bb"},"content":{"rendered":"<div readability=\"33\">\n<p>Auteur : <span>Hamza S., Samir K.<\/span> <span class=\"time\">jeudi 11 avril 2019 12:05<\/span><\/p>\n<\/div>\n<div id=\"post_core\" readability=\"89\">\n<p>Le coach Denis Lavagne reste persuad\u00e9 qu\u2019avec une volont\u00e9 de fer et un bon \u00e9tat d\u2019esprit, ses joueurs peuvent renverser la vapeur et revenir de Tunis avec la qualification au carr\u00e9 d\u2019as : \u00ab Je reste persuad\u00e9 que si mes joueurs se montrent soud\u00e9s, solides et solidaires et volontaires au m\u00eame temps, on peut cr\u00e9er l\u2019exploit \u00e0 Rad\u00e8s et revenir au pays avec le billet qualificatif. Il est vrai que la rencontre ne sera pas facile, mais on a un groupe capable de relever le d\u00e9fi et de battre l\u2019ES Tunis chez lui et devant sa galerie. \u00bb<br \/><strong>\u00ab L\u2019absence de Belkacemi et Lamri a chamboul\u00e9 mes plans \u00bb<\/strong><br \/>Comme il n\u2019a pas cach\u00e9 sa d\u00e9ception de ne pas compter sur les deux joueurs, Sid Ali Lamri et Smail Belkacemi, samedi prochain, face \u00e0 l\u2019Esp\u00e9rance de Tunis, pour le match retour des \u00bc de finale de la Ligue des champions d\u2019Afrique : \u00ab J\u2019aurais souhait\u00e9 b\u00e9n\u00e9ficier des services de Lamri et Belkacemi face \u00e0 l\u2019EST, ce\u00a0 samedi, mais c\u2019est bien dommage puisque les deux joueurs sont toujours bless\u00e9s et seront out pour ce match retour. Leur absence a chamboul\u00e9 mes plans, mais fort heureusement j\u2019ai r\u00e9cup\u00e9r\u00e9 Djabout et Abid et aussi Beldjilali. \u00bb<\/p>\n<p><strong>\u00ab Les donn\u00e9es seront diff\u00e9rentes au retour, mais on s\u2019est bien pr\u00e9par\u00e9s \u00bb<\/strong><br \/>Le premier responsable technique du CSC reconnait que la mission ne sera gu\u00e8re facile, mais il estime que ses poulains seront au rendez-vous : \u00ab Les donn\u00e9es seront diff\u00e9rentes au match retour, puisque l\u2019ES Tunis abordera le match avec confiance apr\u00e8s le succ\u00e8s du match aller et aura l\u2019avantage du terrain et l\u2019apport du public. Mais on n\u2019a pas peur et on fera tout pour r\u00e9pondre pr\u00e9sent ce samedi et contrer le tenant du terrain et tenter de revenir avec la qualification. \u00bb<br \/><strong>\u00ab On connait assez bien l\u2019EST et on aura notre mot \u00e0 dire \u00bb<\/strong><br \/>Pour le coach des Vert et Noir, les choses sont plus\u00a0 claires maintenant apr\u00e8s la manche aller \u00e0 Hamlaoui : \u00ab Je crois qu\u2019on connait assez bien l\u2019EST. On a une id\u00e9e plus large sur les qualit\u00e9s et les faiblesses de notre adversaire. On n\u2019a pas peur de l\u2019EST et on sera pr\u00eats ce samedi pour r\u00e9ussir un grand match avec, pourquoi pas, un autre exploit dans cette Ligue des champions africaine. \u00bb<br \/><strong>\u00ab La pression sera du c\u00f4t\u00e9 des joueurs de l\u2019ES Tunis et on doit exploiter ce facteur \u00bb<\/strong><br \/>Le technicien fran\u00e7ais essaye de mettre la pression sur les Tunisiens\u00a0\u00a0 : \u00ab Je crois que la pression sera sur les \u00e9paules des joueurs de l\u2019ES Tunis. On jouera sans aucune pression et on n\u2019a rien \u00e0 perdre, du moment que l\u2019adversaire est le tenant du titre. On doit exploiter ce facteur pour surprendre les Tunisiens et les battre chez eux et devant leurs supporters. \u00bb<br \/>\u00ab J\u2019esp\u00e8re que le match de coupe face au CRB sera report\u00e9 de 24h \u00bb<br \/>En conclusion, le driver des Sanafir souhaite vivement que la commission f\u00e9d\u00e9rale de la coupe d\u2019Alg\u00e9rie\u00a0 d\u00e9cale le match aller des \u00bd finales face au CRB de 24h : \u00ab Apr\u00e8s ce match retour en Ligue des champions africaine face \u00e0 l\u2019ES Tunis, on va se concentrer sur celui de la coupe d\u2019Alg\u00e9rie face au CRB. On souhaite qu\u2019il soit programm\u00e9 le 17 de ce mois pour que mes joueurs puissent r\u00e9cup\u00e9rer. \u00bb<br \/>\u00a0<\/p>\n<p><strong>Benayada toujours en solo et r\u00e9int\u00e9grera le groupe demain<\/strong><\/p>\n<p>Hocine Benayada ne veut pas prendre de risques et pr\u00e9f\u00e8re continuer \u00e0 s\u2019entra\u00eener en marge du groupe. D\u2019ailleurs, m\u00eame hier, il s\u2019est entra\u00een\u00e9 en solo et devra poursuivre tout seul aujourd\u2019hui sous l\u2019\u0153il vigilant du pr\u00e9parateur physique et du staff m\u00e9dical, pour \u00e9viter de rechuter. Mais\u00a0 le joueur sera pr\u00e9sent \u00e0 la s\u00e9ance de demain. Il r\u00e9int\u00e9grera le groupe ce vendredi lors de l\u2019ultime s\u00e9ance qu\u2019ils effectueront au stade Rad\u00e8s \u00e0 l\u2019heure du match (20h).<br \/><strong>Il sera pr\u00e9sent face \u00e0 l\u2019ES Tunis<\/strong><br \/>Les supporters du CSC n\u2019ont pas \u00e0 s\u2019inqui\u00e9ter\u00a0 de l\u2019\u00e9tat de sant\u00e9 de Hocine Benayada, puisque ce dernier sera bel et bien pr\u00e9sent ce samedi contre les Tunisiens et prendra part \u00e0 ce match. L\u2019arri\u00e8re droit des Vert et Noir n\u2019a pas voulu prendre de risques, pr\u00e9f\u00e9rant s\u2019entra\u00eener en solo pour \u00e9viter que sa blessure se complique. Sa pr\u00e9sence face aux Esp\u00e9rantistes est acquise.<br \/><strong>\u00ab Je n\u2019ai pas voulu prendre de risques et je ne raterai pas le match de l\u2019EST \u00bb<\/strong><br \/>Le d\u00e9fenseur du CSC a tenu \u00e0 rassurer tout le monde quant \u00e0 sa participation au match de ce samedi face \u00e0 l\u2019ES Tunis : \u00ab Je me sens bien et je ne ressens plus de douleurs, mais j\u2019ai pr\u00e9f\u00e9r\u00e9 m\u2019entra\u00eener en marge du groupe\u00a0 aujourd\u2019hui (ndlr, hier). J\u2019essayerai de r\u00e9int\u00e9grer le groupe ce jeudi, sinon je reprendrai avec mes co\u00e9quipiers lors de la derni\u00e8re\u00a0 s\u00e9ance \u00e0 Rad\u00e8s. Je serai pr\u00e9sent\u00a0 ce samedi, car je ne veux pas rater ce rendez-vous. \u00bb<br \/>\u00a0<\/p>\n<p><strong>Arama : \u00ab On n\u2019est pas<\/strong><br \/>encore \u00e9limin\u00e9s en LDC et on ne jouera pas face au CRB le 16 avril \u00bb<br \/>Le manager g\u00e9n\u00e9ral, Tarek Arama, se montre optimiste pour le match retour face \u00e0 l\u2019ES Tunis et croit en les capacit\u00e9s de l\u2019\u00e9quipe de renverser la vapeur au stade Rad\u00e8s : \u00ab Les gens se trompent s\u2019ils pensent qu\u2019on est \u00e9limin\u00e9s de la Ligue des champions africaine. Comme ils nous ont battus au match aller, on peut les battre \u00e0 Rad\u00e8s. On a une \u00e9quipe solide capable de relever ce d\u00e9fi et de cr\u00e9er l\u2019exploit en se qualifiant en demi-finale. Aux joueurs de croire en leurs capacit\u00e9s, pour aller de l\u2019avant et\u00a0 se donner \u00e0 fond car ils peuvent s\u2019imposer et passer l\u2019\u00e9cueil de l\u2019ES Tunis avec succ\u00e8s. \u00bb\u00a0\u00a0 Et de conclure\u00a0 : \u00ab Apr\u00e8s ce match, on va se concentrer sur la rencontre aller des \u00bd finales de la coupe d\u2019Alg\u00e9rie face au CRB. Un match qu\u2019on doit bien n\u00e9gocier pour aborder le match retour avec assurance. Mais on ne va pas jouer ce match aller le 16 avril, du moment qu\u2019on joue face \u00e0 l\u2019ES Tunis le 13 de ce mois et on demande \u00e0 ce qu\u2019on nous d\u00e9cale ce match aller de 24h au moins. \u00bb<\/p>\n<p><strong>Publi\u00e9 dans :<\/strong> <span>csc<\/span> <span>arama<\/span> <span>Benayad<\/span><\/p>\n<\/div>\n<p>Auteur:<br \/>\n<a href=\"http:\/\/www.lebuteur.com\/article\/detail?titre=csc-lavagne-avec-un-bon-etat-desprit-et-la-volonte-on-peut-creer-la-surprise-a-rades&#038;id=87897&#038;utm_source=feedburner&#038;utm_medium=feed&#038;utm_campaign=Feed%3A+GalerieFArtciles+%28Les+derniers+articles++-+lebuteur.com%29\">Cliquez ici pour lire l&rsquo;article depuis sa source.<\/a><\/p>\n","protected":false},"excerpt":{"rendered":"<p>Auteur : Hamza S., Samir K. jeudi 11 avril 2019 12:05 Le coach Denis Lavagne reste persuad\u00e9 qu\u2019avec une volont\u00e9 de fer et un bon \u00e9tat d\u2019esprit, ses joueurs peuvent renverser la vapeur et revenir de Tunis avec la qualification au carr\u00e9 d\u2019as : \u00ab Je reste persuad\u00e9 que si mes joueurs se montrent soud\u00e9s, [&hellip;]<\/p>\n","protected":false},"author":1738,"featured_media":27206,"comment_status":"closed","ping_status":"closed","sticky":false,"template":"","format":"standard","meta":{"fifu_image_url":"","fifu_image_alt":"","footnotes":""},"categories":[53,75],"tags":[],"class_list":["post-27205","post","type-post","status-publish","format-standard","has-post-thumbnail","hentry","category-algerie","category-sport"],"_links":{"self":[{"href":"https:\/\/linitiative.ca\/International\/wp-json\/wp\/v2\/posts\/27205","targetHints":{"allow":["GET"]}}],"collection":[{"href":"https:\/\/linitiative.ca\/International\/wp-json\/wp\/v2\/posts"}],"about":[{"href":"https:\/\/linitiative.ca\/International\/wp-json\/wp\/v2\/types\/post"}],"author":[{"embeddable":true,"href":"https:\/\/linitiative.ca\/International\/wp-json\/wp\/v2\/users\/1738"}],"replies":[{"embeddable":true,"href":"https:\/\/linitiative.ca\/International\/wp-json\/wp\/v2\/comments?post=27205"}],"version-history":[{"count":0,"href":"https:\/\/linitiative.ca\/International\/wp-json\/wp\/v2\/posts\/27205\/revisions"}],"wp:featuredmedia":[{"embeddable":true,"href":"https:\/\/linitiative.ca\/International\/wp-json\/"}],"wp:attachment":[{"href":"https:\/\/linitiative.ca\/International\/wp-json\/wp\/v2\/media?parent=27205"}],"wp:term":[{"taxonomy":"category","embeddable":true,"href":"https:\/\/linitiative.ca\/International\/wp-json\/wp\/v2\/categories?post=27205"},{"taxonomy":"post_tag","embeddable":true,"href":"https:\/\/linitiative.ca\/International\/wp-json\/wp\/v2\/tags?post=27205"}],"curies":[{"name":"wp","href":"https:\/\/api.w.org\/{rel}","templated":true}]}}