{"id":27209,"date":"2019-04-11T15:14:13","date_gmt":"2019-04-11T19:14:13","guid":{"rendered":"https:\/\/linitiative.ca\/International\/ligue-1-2-usma-chafai-cest-bel-et-bien-fini\/"},"modified":"2019-04-11T15:14:13","modified_gmt":"2019-04-11T19:14:13","slug":"ligue-1-2-usma-chafai-cest-bel-et-bien-fini","status":"publish","type":"post","link":"https:\/\/linitiative.ca\/International\/ligue-1-2-usma-chafai-cest-bel-et-bien-fini\/","title":{"rendered":"Ligue 1 &amp; 2 : USMA: Chafa\u00ef, c\u2019est bel et bien fini !"},"content":{"rendered":"<div readability=\"32\">\n<p>Auteur : <span class=\"time\">jeudi 11 avril 2019 12:05<\/span><\/p>\n<\/div>\n<div id=\"post_core\" readability=\"122\">\n<p>Quelques jours seulement apr\u00e8s l\u2019avoir traduit en conseil de discipline, l\u2019affaire du d\u00e9fenseur Farouk Chafa\u00ef a connu du nouveau dans la journ\u00e9e d\u2019hier. En effet, nous avons appris que la direction des Rouge et Noir a d\u00e9cid\u00e9 de renvoyer le second capitaine de l\u2019\u00e9quipe de mani\u00e8re d\u00e9finitive. Apr\u00e8s plusieurs ann\u00e9es au club, Farouk Chafa\u00ef quittera donc les Rouge et Noir par la petite porte. Il semblerait que les dirigeants du club n\u2019aient vraiment pas dig\u00e9r\u00e9 la mani\u00e8re avec laquelle le joueur s\u2019est comport\u00e9 la veille du match face au CRB en r\u00e9clamant son argent avant de quitter le groupe, ce qui a beaucoup d\u00e9stabilis\u00e9 les joueurs. Cette affaire a donc \u00e9t\u00e9 fatale pour le d\u00e9fenseur. Ainsi, cette fois-ci, c\u2019est bel et bien fini pour le d\u00e9fenseur de l\u2019USMA, qui ne remettra plus jamais les pieds au club.<\/p>\n<p><strong>La protestation de trop<\/strong><br \/>D\u2019apr\u00e8s nos sources, c\u2019est dans la journ\u00e9e d\u2019hier que les dirigeants du club ont pris attache avec Serrar pour \u00e9voquer le cas Chafa\u00ef. D\u2019apr\u00e8s les proches de la direction, le comportement du joueur a agac\u00e9 les dirigeants du club qui ont estim\u00e9 que cette fois-ci, c\u2019\u00e9tait le coup de gueule de trop. Pour rappel, Chafa\u00ef avait d\u00e9j\u00e0 re\u00e7u un premier avertissement de la direction au lendemain de son clash avec un dirigeant. Le second a \u00e9t\u00e9 juste apr\u00e8s ses d\u00e9clarations dans les colonnes du Buteur en d\u00e9clarant que cela faisait des mois qu\u2019il n\u2019avait pas \u00e9t\u00e9 pay\u00e9. Et ce qui s\u2019est produit la veille du derby face au CRB a \u00e9t\u00e9 le 3e et dernier avertissement du club, ce qui a conduit \u00e0 l\u2019exclusion totale.<\/p>\n<p><strong>On a attendu Serrar, pour confirmer la d\u00e9cision<\/strong><br \/>Depuis qu\u2019il a \u00e9t\u00e9 traduit en conseil de discipline, les membres du conseil d\u2019administration avaient d\u00e9j\u00e0 pris leur d\u00e9cision concernant Chafa\u00ef. Mais on a pr\u00e9f\u00e9r\u00e9 attendre la venue de Serrar afin de l\u2019annoncer officiellement. Normal car une d\u00e9cision pareille devait imp\u00e9rativement \u00eatre valid\u00e9e par le directeur sportif du club. Serrar ne s\u2019est pas oppos\u00e9 \u00e0 cette d\u00e9cision car il a vu que les relations se sont vraiment d\u00e9t\u00e9rior\u00e9es entre le joueur et le club.<\/p>\n<p><strong>Son contrat prendra fin dans 2 mois<\/strong><br \/>Pour ce qui est de la situation administrative du joueur avec l\u2019USMA, il sera libre de tout engagement dans 2 mois. Du coup, Chafa\u00ef sera libre de choisir son prochain club. Toutefois, rien n\u2019indique qu\u2019il touchera la totalit\u00e9 de ses mensualit\u00e9s. Tout le monde sait que cela fait plusieurs mois que le d\u00e9fenseur n\u2019a pas touch\u00e9 le moindre sou, ce qui devrait l\u2019inqui\u00e9ter davantage car il n\u2019a pas quitt\u00e9 le club \u00e0 l\u2019amiable.<\/p>\n<p><strong>Une lourde sanction financi\u00e8re<\/strong><br \/>Aux derni\u00e8res nouvelles, Chafa\u00ef ne s\u2019en tirera pas si facilement car la direction du club compte \u00e9galement sanctionner lourdement le joueur sur le plan financier. Chafa\u00ef sera mis d\u2019abord au courant par \u00e9crit de la d\u00e9cision de la direction avant de lui communiquer aussi le montant exact de la sanction financi\u00e8re. Une d\u00e9cision qui a soulag\u00e9 de nombreux dirigeants qui estiment que Chafa\u00ef a agac\u00e9 l\u2019ensemble du groupe par ses nombreux coups de gueule.<br \/>\u00a0<\/p>\n<p><strong>Il se trouve au chevet de sa m\u00e8re en France\u2026<br \/>Benyahia reprendra ce vendredi<\/strong><br \/>Attendu en milieu de semaine, le d\u00e9fenseur Mohamed Benyahia n\u2019a pas pu arriver \u00e0 temps pour la reprise des entra\u00eenements. Toutefois, le retard du joueur est justifi\u00e9 puisqu\u2019il se trouve au chevet de sa m\u00e8re malade en France. D\u2019apr\u00e8s les proches de l\u2019ancien d\u00e9fenseur du Mouloudia d\u2019Oran, Benyahia devrait rentrer au pays dans les prochaines heures. Il sera probablement de retour \u00e0 Alger d\u2019ici vendredi prochain. Il va donc prolonger son s\u00e9jour en France de 24h avant de reprendre les entra\u00eenements avec le groupe.<br \/><strong>Il a pris attache avec Serrar<\/strong><br \/>Toutefois, le d\u00e9fenseur des Rouge et Noir n\u2019est pas rest\u00e9 sans nouvelle. Une source digne de foi nous a confi\u00e9 que Benyahia a pris attache avec le directeur sportif Serrar afin de le mettre au courant. Il lui a expliqu\u00e9 qu\u2019il est dans l\u2019obligation de prolonger de quelques jours son s\u00e9jour en France, le temps que sa m\u00e8re aille mieux. Un argument qui tient la route aux yeux des dirigeants. Serrar a donc accept\u00e9 la justification de Benyahia qui sera de retour au plus tard demain.<br \/>\u00a0<\/p>\n<p><strong>Mansouri \u00abL\u2019urgence est de stopper l\u2019h\u00e9morragie\u00bb<\/strong><\/p>\n<p>Avec du recul, quelle analyse faites-vous du match face au CRB ?<br \/>Je dirais que nous sommes pass\u00e9s \u00e0 c\u00f4t\u00e9 lors de ce derby. On aurait pu mieux faire, mais nous n\u2019avons pas \u00e9t\u00e9 \u00e0 la hauteur. Rien n\u2019a fonctionn\u00e9 comme pr\u00e9vu dans cette rencontre alors que nous \u00e9tions vraiment motiv\u00e9s pour remporter la victoire. On est tomb\u00e9 face \u00e0 une \u00e9quipe qui \u00e9tait plus r\u00e9aliste devant les buts, c\u2019est ce qui explique la d\u00e9faite.<\/p>\n<p><strong>Pensez-vous avoir le moral pour surpasser cette phase ?<\/strong><br \/>Nous n\u2019avons pas d\u2019autres choix que de gagner le prochain match. D\u00e9sormais, nous ne sommes plus dans une position confortable. Bien au contraire, l\u2019urgence est de stopper l\u2019h\u00e9morragie afin de retrouver notre confiance. Cela fait la 3e d\u00e9faite de suite et la situation ne doit plus continuer ainsi.<\/p>\n<p><strong>Le titre est-il toujours jouable, \u00e0 votre avis ?<\/strong><br \/>Bien \u00e9videmment qu\u2019il est encore jouable. N\u2019oublions pas que nous sommes toujours leader avec une l\u00e9g\u00e8re avance sur nos poursuivants directs. Je ne dis pas que c\u2019est rassurant car il faudra gagner. Mais en m\u00eame temps, je dirais que ce n\u2019est pas le moment de douter car une victoire nous remettra sur le bon chemin.<\/p>\n<p><strong>La prochaine sortie sera difficile face \u00e0 l\u2019Entente. Pensez-vous pouvoir d\u00e9crocher les 3 points ?<\/strong><br \/>Je sais que ce sera comme un match de coupe pour nous. C\u2019est la rencontre \u00e0 ne pas perdre. Nous avons encore une avance au classement, mais si on continue \u00e0 perdre nos rencontres, nous allons griller tous nos jokers. C\u2019est pour cette raison qu\u2019il est important de bien se pr\u00e9parer pour la prochaine sortie.<\/p>\n<p><strong>Satisfait de vos prestations ?<\/strong><br \/>Je ne peux pas parler de mes prestations surtout lorsque l\u2019\u00e9quipe perd. Je ne suis pas satisfait car je sais que je peux donner encore mieux. Je vais travailler sous la coupe du staff pour \u00eatre meilleur dans un avenir proche. J\u2019esp\u00e8re \u00eatre \u00e0 la hauteur car le plus dur reste \u00e0 faire.<br \/>\u00a0<\/p>\n<p><strong>Publi\u00e9 dans :<\/strong> <span>USMA<\/span> <span>Mohamed Zerrouk<\/span><\/p>\n<\/div>\n<p>Auteur:<br \/>\n<a href=\"http:\/\/www.lebuteur.com\/article\/detail?titre=usma-chafai-cest-bel-et-bien-fini&#038;id=87895&#038;utm_source=feedburner&#038;utm_medium=feed&#038;utm_campaign=Feed%3A+GalerieFArtciles+%28Les+derniers+articles++-+lebuteur.com%29\">Cliquez ici pour lire l&rsquo;article depuis sa source.<\/a><\/p>\n","protected":false},"excerpt":{"rendered":"<p>Auteur : jeudi 11 avril 2019 12:05 Quelques jours seulement apr\u00e8s l\u2019avoir traduit en conseil de discipline, l\u2019affaire du d\u00e9fenseur Farouk Chafa\u00ef a connu du nouveau dans la journ\u00e9e d\u2019hier. En effet, nous avons appris que la direction des Rouge et Noir a d\u00e9cid\u00e9 de renvoyer le second capitaine de l\u2019\u00e9quipe de mani\u00e8re d\u00e9finitive. Apr\u00e8s [&hellip;]<\/p>\n","protected":false},"author":1738,"featured_media":27210,"comment_status":"closed","ping_status":"closed","sticky":false,"template":"","format":"standard","meta":{"fifu_image_url":"","fifu_image_alt":"","footnotes":""},"categories":[53,75],"tags":[],"class_list":["post-27209","post","type-post","status-publish","format-standard","has-post-thumbnail","hentry","category-algerie","category-sport"],"_links":{"self":[{"href":"https:\/\/linitiative.ca\/International\/wp-json\/wp\/v2\/posts\/27209","targetHints":{"allow":["GET"]}}],"collection":[{"href":"https:\/\/linitiative.ca\/International\/wp-json\/wp\/v2\/posts"}],"about":[{"href":"https:\/\/linitiative.ca\/International\/wp-json\/wp\/v2\/types\/post"}],"author":[{"embeddable":true,"href":"https:\/\/linitiative.ca\/International\/wp-json\/wp\/v2\/users\/1738"}],"replies":[{"embeddable":true,"href":"https:\/\/linitiative.ca\/International\/wp-json\/wp\/v2\/comments?post=27209"}],"version-history":[{"count":0,"href":"https:\/\/linitiative.ca\/International\/wp-json\/wp\/v2\/posts\/27209\/revisions"}],"wp:featuredmedia":[{"embeddable":true,"href":"https:\/\/linitiative.ca\/International\/wp-json\/"}],"wp:attachment":[{"href":"https:\/\/linitiative.ca\/International\/wp-json\/wp\/v2\/media?parent=27209"}],"wp:term":[{"taxonomy":"category","embeddable":true,"href":"https:\/\/linitiative.ca\/International\/wp-json\/wp\/v2\/categories?post=27209"},{"taxonomy":"post_tag","embeddable":true,"href":"https:\/\/linitiative.ca\/International\/wp-json\/wp\/v2\/tags?post=27209"}],"curies":[{"name":"wp","href":"https:\/\/api.w.org\/{rel}","templated":true}]}}