{"id":27211,"date":"2019-04-11T15:14:15","date_gmt":"2019-04-11T19:14:15","guid":{"rendered":"https:\/\/linitiative.ca\/International\/ligue-1-2-jsk-benchaira-on-profitera-de-ce-stage-pour-bien-preparer-le-mco\/"},"modified":"2019-04-11T15:14:15","modified_gmt":"2019-04-11T19:14:15","slug":"ligue-1-2-jsk-benchaira-on-profitera-de-ce-stage-pour-bien-preparer-le-mco","status":"publish","type":"post","link":"https:\/\/linitiative.ca\/International\/ligue-1-2-jsk-benchaira-on-profitera-de-ce-stage-pour-bien-preparer-le-mco\/","title":{"rendered":"Ligue 1 &amp; 2 : JSK &#8211; Bencha\u00efra: \u00abOn profitera de ce stage pour bien pr\u00e9parer le MCO\u00bb"},"content":{"rendered":"<div readability=\"32\">\n<p>Auteur : <span>Ly\u00e8s Aouiche<\/span> <span class=\"time\">jeudi 11 avril 2019 12:05<\/span><\/p>\n<\/div>\n<div id=\"post_core\" readability=\"52\">\n<p>Le milieu de terrain kabyle Mohamed Bencha\u00efra estime que le stage \u00e0 Tigzirt sera l\u2019occasion pour le groupe de bien pr\u00e9parer la prochaine rencontre face au MCO pr\u00e9vue samedi prochain. Il a soulign\u00e9 que les chances pour finir sur le podium sont intactes et que le groupe doit fournir d\u2019\u00e9normes efforts pour atteindre son objectif.<br \/><strong>Vous avez b\u00e9n\u00e9fici\u00e9 de quatre jours de repos apr\u00e8s le match du DRBT. Comment vous portez-vous ?<\/strong><br \/>En raison de la tr\u00eave, le staff technique nous a effectivement lib\u00e9r\u00e9s pour quatre jours de repos. On en a donc bien profit\u00e9 pour r\u00e9cup\u00e9rer mais surtout pour rendre visite \u00e0 la famille. On va reprendre ce mardi (hier) pour pr\u00e9parer la prochaine rencontre face au MCO et avec comme seul objectif r\u00e9ussir notre reprise en remportant notre match devant notre public.<br \/><strong>La JSK reste sur deux d\u00e9faites cons\u00e9cutives face \u00e0 l\u2019OM et au DRBT, deux \u00e9checs qui vous ont fait rater l\u2019occasion de vous emparer de la premi\u00e8re place. Quel est votre sentiment ?<\/strong><br \/>C\u2019est vrai qu\u2019avec les r\u00e9sultats des autres clubs, le leader et les poursuivants directs, je confirme qu\u2019on a rat\u00e9 une\u00a0 belle occasion pour \u00eatre \u00e0 la premi\u00e8re place. Je ne souhaite pas trop revenir en arri\u00e8re mais sachez que la d\u00e9faite face \u00e0 l\u2019OM a \u00e9t\u00e9 s\u00e9v\u00e8re et injuste. Contre le DRBT, je trouve qu\u2019on pouvait revenir au moins avec un match nul malheureusement on a \u00e9t\u00e9 dans un jour sans. En revanche, nous ne baisserons pas les bras, il nous reste encore cinq matchs et on doit jouer pour glaner le maximum de points.<br \/><strong>Est-ce que vous pensez que c\u2019est encore possible de jouer pour le titre ?<\/strong><br \/>Tant que la saison n\u2019est pas finie, rien n\u2019est encore jou\u00e9. Nous sommes \u00e0 la deuxi\u00e8me place \u00e0 cinq points du leader et avec un point d\u2019avance sur le deuxi\u00e8me, le PAC, qui compte toujours un match en retard. Nous n\u2019allons pas limiter nos ambitions lors des cinq prochains matchs, nous jouerons \u00e0 fond nos chances pour finir en beaut\u00e9, c\u2019est-\u00e0-dire parmi les trois premiers.<br \/><strong>Vous effectuerez un stage de quelques jours \u00e0 Tigzirt, ce sera une premi\u00e8re \u00e9tape pour pr\u00e9parer le MCO. Qu\u2019en dites-vous ?<\/strong><br \/>C\u2019est un regroupement qui va nous permettre de nous retrouver ensemble pour quelques jours et travailler dur afin d\u2019\u00eatre pr\u00eats pour le MCO. Nous n\u2019allons pas rechigner sur les efforts et notre objectif est clair, c\u2019est de renouer avec la victoire. Cette rencontre du MCO est un virage important pour les cinq derniers matchs, la victoire est imp\u00e9rative.<\/p>\n<p><strong>Publi\u00e9 dans :<\/strong> <span>JSK<\/span> <span>mco<\/span> <span>Benchaira<\/span><\/p>\n<\/div>\n<p>Auteur:<br \/>\n<a href=\"http:\/\/www.lebuteur.com\/article\/detail?titre=jsk-benchaira-on-profitera-de-ce-stage-pour-bien-preparer-le-mco&#038;id=87894&#038;utm_source=feedburner&#038;utm_medium=feed&#038;utm_campaign=Feed%3A+GalerieFArtciles+%28Les+derniers+articles++-+lebuteur.com%29\">Cliquez ici pour lire l&rsquo;article depuis sa source.<\/a><\/p>\n","protected":false},"excerpt":{"rendered":"<p>Auteur : Ly\u00e8s Aouiche jeudi 11 avril 2019 12:05 Le milieu de terrain kabyle Mohamed Bencha\u00efra estime que le stage \u00e0 Tigzirt sera l\u2019occasion pour le groupe de bien pr\u00e9parer la prochaine rencontre face au MCO pr\u00e9vue samedi prochain. Il a soulign\u00e9 que les chances pour finir sur le podium sont intactes et que le [&hellip;]<\/p>\n","protected":false},"author":1738,"featured_media":27212,"comment_status":"closed","ping_status":"closed","sticky":false,"template":"","format":"standard","meta":{"fifu_image_url":"","fifu_image_alt":"","footnotes":""},"categories":[53,75],"tags":[],"class_list":["post-27211","post","type-post","status-publish","format-standard","has-post-thumbnail","hentry","category-algerie","category-sport"],"_links":{"self":[{"href":"https:\/\/linitiative.ca\/International\/wp-json\/wp\/v2\/posts\/27211","targetHints":{"allow":["GET"]}}],"collection":[{"href":"https:\/\/linitiative.ca\/International\/wp-json\/wp\/v2\/posts"}],"about":[{"href":"https:\/\/linitiative.ca\/International\/wp-json\/wp\/v2\/types\/post"}],"author":[{"embeddable":true,"href":"https:\/\/linitiative.ca\/International\/wp-json\/wp\/v2\/users\/1738"}],"replies":[{"embeddable":true,"href":"https:\/\/linitiative.ca\/International\/wp-json\/wp\/v2\/comments?post=27211"}],"version-history":[{"count":0,"href":"https:\/\/linitiative.ca\/International\/wp-json\/wp\/v2\/posts\/27211\/revisions"}],"wp:featuredmedia":[{"embeddable":true,"href":"https:\/\/linitiative.ca\/International\/wp-json\/"}],"wp:attachment":[{"href":"https:\/\/linitiative.ca\/International\/wp-json\/wp\/v2\/media?parent=27211"}],"wp:term":[{"taxonomy":"category","embeddable":true,"href":"https:\/\/linitiative.ca\/International\/wp-json\/wp\/v2\/categories?post=27211"},{"taxonomy":"post_tag","embeddable":true,"href":"https:\/\/linitiative.ca\/International\/wp-json\/wp\/v2\/tags?post=27211"}],"curies":[{"name":"wp","href":"https:\/\/api.w.org\/{rel}","templated":true}]}}