{"id":27213,"date":"2019-04-11T15:14:17","date_gmt":"2019-04-11T19:14:17","guid":{"rendered":"https:\/\/linitiative.ca\/International\/ligue-1-2-mca-mekhazni-nous-avons-leffectif-le-plus-reduit-du-championnat-et-le-merite-de-la-victoire-revient-aux-joueurs\/"},"modified":"2019-04-11T15:14:17","modified_gmt":"2019-04-11T19:14:17","slug":"ligue-1-2-mca-mekhazni-nous-avons-leffectif-le-plus-reduit-du-championnat-et-le-merite-de-la-victoire-revient-aux-joueurs","status":"publish","type":"post","link":"https:\/\/linitiative.ca\/International\/ligue-1-2-mca-mekhazni-nous-avons-leffectif-le-plus-reduit-du-championnat-et-le-merite-de-la-victoire-revient-aux-joueurs\/","title":{"rendered":"Ligue 1 &amp; 2 : MCA &#8211; Mekhazni: \u00abNous avons l\u2019effectif le plus r\u00e9duit du championnat et le m\u00e9rite de la victoire revient aux joueurs\u00bb"},"content":{"rendered":"<div readability=\"32\">\n<p>Auteur : <span>Kamel M.<\/span> <span class=\"time\">jeudi 11 avril 2019 12:05<\/span><\/p>\n<\/div>\n<div id=\"post_core\" readability=\"91\">\n<p>\u00c0 l\u2019issue de la victoire de son \u00e9quipe acquise aux d\u00e9pens du MCO, et bien qu\u2019elle f\u00fbt difficile, Mekhazni est satisfait de la production, si on tient compte du contexte dans lequel s\u2019est pr\u00e9par\u00e9e son \u00e9quipe, que cela soit sur le plan psychologique en raison de la d\u00e9faite conc\u00e9d\u00e9e face au NAHD, mais aussi les absences enregistr\u00e9es pour cause de blessure ou de suspension. \u00c0 ce sujet le coach du Mouloudia dira : \u00abOn savait bien que la rencontre allait \u00eatre difficile, car le MCO n\u2019est plus \u00e0 pr\u00e9senter et renferme dans sa composante des joueurs de bonne qualit\u00e9. Il faut aussi savoir que nous avons l\u2019effectif le plus r\u00e9duit du championnat, car le Mouloudia a perdu Cherif El Ouazzani et Mebarakou qui est parti au mercato, et il n\u2019\u00e9tait donc pas facile pour nous de pr\u00e9parer ce match face au MCO avec les absences que nous avons enregistr\u00e9es que cela soit pour cause de blessure ou de suspension. \u00c0 l\u2019avenir on sera m\u00eame priv\u00e9s de Hachi et Azzi dont l\u2019indisponibilit\u00e9 sera de longue dur\u00e9e. En d\u00e9pit de ces absences nous avons r\u00e9alis\u00e9 une bonne partie et le m\u00e9rite de la victoire revient aux joueurs qui sont \u00e0 remercier pour les efforts d\u00e9ploy\u00e9s.\u00bb<\/p>\n<p><strong>\u00abJ\u2019ai demand\u00e9 aux joueurs d\u2019y croire jusqu&rsquo;\u00e0 la 93\u2019 de jeu\u00bb<\/strong><br \/>Toujours dans le m\u00eame contexte, le coach nous dira : \u00abCertes, la victoire a tard\u00e9 \u00e0 se dessiner, mais j\u2019avais parl\u00e9 aux joueurs en leur demandant de rester concentr\u00e9s et y croire m\u00eame jusqu&rsquo;\u00e0 la 93\u2019, car on peut marquer un but \u00e0 n\u2019importe quel moment de la partie. Ainsi je remercie mes poulains qui sont rest\u00e9s concentr\u00e9s, ce qui nous a permis de marquer le but de la victoire \u00e0 six minutes de la fin du temps r\u00e9glementaire.\u00bb \u00a0<\/p>\n<p><strong>\u00abEn premi\u00e8re mi-temps on ne s\u2019est pas cr\u00e9\u00e9 d\u2019occasions, mais on a eu la ma\u00eetrise du jeu\u00bb<\/strong><br \/>Si le Mouloudia a eu le m\u00e9rite de gagner cette partie, c\u2019est parce qu\u2019elle s\u2019est cr\u00e9\u00e9 des occasions en seconde p\u00e9riode de jeu, et cela contrairement \u00e0 la premi\u00e8re mi-temps o\u00f9 le rendement de l\u2019\u00e9quipe \u00e9tait similaire \u00e0 celui face au NAHD, puisque le MCA a montr\u00e9 deux visages au stade du 20-Ao\u00fbt. Toutefois, Mekhazni qui n\u2019est pas de cet avis affirme : \u00abContrairement \u00e0 la premi\u00e8re mi-temps que nous avons manqu\u00e9e face au NAHD, je pense qu\u2019on a eu cette fois-ci la ma\u00eetrise du jeu, m\u00eame si l\u2019\u00e9quipe ne s\u2019est pas cr\u00e9\u00e9 des occasions, ce qui est important. Toutefois, et apr\u00e8s les consignes qu\u2019on a donn\u00e9es aux joueurs \u00e0 la pause citron, nous avons rectifi\u00e9 le tir en seconde mi-temps ce qui nous a permis d\u2019avoir plusieurs occasions de but, dont celle que Frioui a concr\u00e9tis\u00e9e.\u00bb<\/p>\n<p>\u00a0<br \/><strong>\u00abJe f\u00e9licite Nerier pour sa prestation et son changement \u00e9tait d\u2019ordre tactique\u00bb<\/strong><br \/>Abord\u00e9 au sujet de la prestation du jeune Nerier et son remplacement en seconde p\u00e9riode de jeu, \u00e0 ce sujet Mekhazni nous a expliqu\u00e9 : \u00abJe tiens \u00e0 f\u00e9liciter Nerier pour sa bonne prestation et son changement est purement tactique. Il faut savoir qu\u2019Arous a plus de vocation offensive que Nerier qui est bon sur le plan d\u00e9fensif. Comme on avait besoin de gagner ce match face au MCO, j\u2019ai fait sortir Nerier et d\u00e9caler Arous sur le flanc droit de la d\u00e9fense, tout en permettant \u00e0 Tebbi de revenir au milieu du terrain afin de faire rentrer Nekkache en attaque.\u00bb<br \/>\u00a0<br \/><strong>\u00abJ\u2019ai d\u00e9j\u00e0 parl\u00e9 des blessures et je ne veux critiquer personne\u00bb \u00a0<\/strong><br \/>En revenant sur le sujet des blessures que les joueurs contractent l\u2019un apr\u00e8s l\u2019autre, Mekhazni s\u2019est expliqu\u00e9 une fois de plus et dira : \u00abJe ne critiquerai personne du fait que je n\u2019\u00e9tais pas pr\u00e9sent \u00e0 l\u2019intersaison. Tout ce que je peux vous dire, c\u2019est qu\u2019en d\u00e9but de saison, il y a ce qu\u2019on appelle le socle qui permet aux joueurs de terminer la saison sans aucun souci et de r\u00e9p\u00e9ter les rencontres sans que cela ne pose probl\u00e8me. Il faut savoir aussi qu\u2019il y a l\u2019hygi\u00e8ne de vie des joueurs qui est tr\u00e8s importante pour \u00e9viter les blessures. Je peux vous dire toutefois qu\u2019un joueur bien pr\u00e9par\u00e9 peut r\u00e9cup\u00e9rer rapidement d\u2019une blessure contrairement \u00e0 un joueur qui n\u2019a pas effectu\u00e9 une bonne pr\u00e9paration.\u00bb\u00a0 \u00a0<\/p>\n<p><strong>\u00abLes coupures nous ont p\u00e9nalis\u00e9s mais cette courte tr\u00eave nous permettra de r\u00e9cup\u00e9rer les joueurs bless\u00e9s\u00bb<\/strong><br \/>Abord\u00e9 au sujet de cette nouvelle tr\u00eave qui s\u2019\u00e9talera jusqu\u2019au 20 avril prochain, Mekhazni ne semble pas inquiet, car elle sera profitable \u00e0 son \u00e9quipe. \u00abIl est vrai que les coupures du championnat sont p\u00e9nalisantes que cela soit pour les joueurs ou pour un technicien pour \u00e9tablir son plan de travail, car elle peut m\u00eame engendrer des blessures. Je pense toutefois que cette nouvelle tr\u00eave sera seulement de courte dur\u00e9e, ce qui nous permettra de la g\u00e9rer convenablement et \u00e0 travers laquelle on va aussi r\u00e9cup\u00e9rer les joueurs bless\u00e9s.\u00bb<\/p>\n<p><strong>Publi\u00e9 dans :<\/strong> <span>mca<\/span> <span>Mekhazni<\/span> <span>Nekkache<\/span> <span>Arous<\/span><\/p>\n<\/div>\n<p>Auteur:<br \/>\n<a href=\"http:\/\/www.lebuteur.com\/article\/detail?titre=mca-mekhazni-nous-avons-leffectif-le-plus-reduit-du-championnat-et-le-merite-de-la-victoire-revient-aux-joueurs&#038;id=87891&#038;utm_source=feedburner&#038;utm_medium=feed&#038;utm_campaign=Feed%3A+GalerieFArtciles+%28Les+derniers+articles++-+lebuteur.com%29\">Cliquez ici pour lire l&rsquo;article depuis sa source.<\/a><\/p>\n","protected":false},"excerpt":{"rendered":"<p>Auteur : Kamel M. jeudi 11 avril 2019 12:05 \u00c0 l\u2019issue de la victoire de son \u00e9quipe acquise aux d\u00e9pens du MCO, et bien qu\u2019elle f\u00fbt difficile, Mekhazni est satisfait de la production, si on tient compte du contexte dans lequel s\u2019est pr\u00e9par\u00e9e son \u00e9quipe, que cela soit sur le plan psychologique en raison de [&hellip;]<\/p>\n","protected":false},"author":1738,"featured_media":27214,"comment_status":"closed","ping_status":"closed","sticky":false,"template":"","format":"standard","meta":{"fifu_image_url":"","fifu_image_alt":"","footnotes":""},"categories":[53,75],"tags":[],"class_list":["post-27213","post","type-post","status-publish","format-standard","has-post-thumbnail","hentry","category-algerie","category-sport"],"_links":{"self":[{"href":"https:\/\/linitiative.ca\/International\/wp-json\/wp\/v2\/posts\/27213","targetHints":{"allow":["GET"]}}],"collection":[{"href":"https:\/\/linitiative.ca\/International\/wp-json\/wp\/v2\/posts"}],"about":[{"href":"https:\/\/linitiative.ca\/International\/wp-json\/wp\/v2\/types\/post"}],"author":[{"embeddable":true,"href":"https:\/\/linitiative.ca\/International\/wp-json\/wp\/v2\/users\/1738"}],"replies":[{"embeddable":true,"href":"https:\/\/linitiative.ca\/International\/wp-json\/wp\/v2\/comments?post=27213"}],"version-history":[{"count":0,"href":"https:\/\/linitiative.ca\/International\/wp-json\/wp\/v2\/posts\/27213\/revisions"}],"wp:featuredmedia":[{"embeddable":true,"href":"https:\/\/linitiative.ca\/International\/wp-json\/"}],"wp:attachment":[{"href":"https:\/\/linitiative.ca\/International\/wp-json\/wp\/v2\/media?parent=27213"}],"wp:term":[{"taxonomy":"category","embeddable":true,"href":"https:\/\/linitiative.ca\/International\/wp-json\/wp\/v2\/categories?post=27213"},{"taxonomy":"post_tag","embeddable":true,"href":"https:\/\/linitiative.ca\/International\/wp-json\/wp\/v2\/tags?post=27213"}],"curies":[{"name":"wp","href":"https:\/\/api.w.org\/{rel}","templated":true}]}}