{"id":27215,"date":"2019-04-11T15:14:19","date_gmt":"2019-04-11T19:14:19","guid":{"rendered":"https:\/\/linitiative.ca\/International\/international-atletico-madrid-diego-costa-suspendu-8-matchs\/"},"modified":"2019-04-11T15:14:19","modified_gmt":"2019-04-11T19:14:19","slug":"international-atletico-madrid-diego-costa-suspendu-8-matchs","status":"publish","type":"post","link":"https:\/\/linitiative.ca\/International\/international-atletico-madrid-diego-costa-suspendu-8-matchs\/","title":{"rendered":"International : Atletico Madrid: Diego Costa suspendu 8 matchs !"},"content":{"rendered":"<div readability=\"32\">\n<p>Auteur : <span class=\"time\">jeudi 11 avril 2019 13:49<\/span><\/p>\n<\/div>\n<div id=\"post_core\" readability=\"43\">\n<p>La sanction est tomb\u00e9e, et elle est tr\u00e8s lourde ! Expuls\u00e9 d\u00e8s la 28e minute contre le FC Barcelone (0-2), samedi dernier, l&rsquo;attaquant de l&rsquo;Atletico Madrid, Diego Costa, a \u00e9cop\u00e9 d&rsquo;une suspension de huit matchs. L&rsquo;international espagnol \u00e9tait accus\u00e9 d&rsquo;avoir insult\u00e9 l&rsquo;arbitre Jesus Gil Manzano avant de le tenir par le bras. Alors qu&rsquo;il ne reste plus que sept journ\u00e9es de Liga \u00e0 disputer, Diego Costa ne rejouera donc plus cette saison rapporte Maxifoot.fr.<\/p>\n<p><strong>Publi\u00e9 dans :<\/strong> <span>Atl\u00e9tico Madrid<\/span> <span>Diego Costa<\/span><\/p>\n<\/div>\n<p>Auteur:<br \/>\n<a href=\"http:\/\/www.lebuteur.com\/article\/detail?titre=atletico-madrid-diego-costa-suspendu-8-matchs&#038;id=87909&#038;utm_source=feedburner&#038;utm_medium=feed&#038;utm_campaign=Feed%3A+GalerieFArtciles+%28Les+derniers+articles++-+lebuteur.com%29\">Cliquez ici pour lire l&rsquo;article depuis sa source.<\/a><\/p>\n","protected":false},"excerpt":{"rendered":"<p>Auteur : jeudi 11 avril 2019 13:49 La sanction est tomb\u00e9e, et elle est tr\u00e8s lourde ! Expuls\u00e9 d\u00e8s la 28e minute contre le FC Barcelone (0-2), samedi dernier, l&rsquo;attaquant de l&rsquo;Atletico Madrid, Diego Costa, a \u00e9cop\u00e9 d&rsquo;une suspension de huit matchs. L&rsquo;international espagnol \u00e9tait accus\u00e9 d&rsquo;avoir insult\u00e9 l&rsquo;arbitre Jesus Gil Manzano avant de le [&hellip;]<\/p>\n","protected":false},"author":1738,"featured_media":27216,"comment_status":"closed","ping_status":"closed","sticky":false,"template":"","format":"standard","meta":{"fifu_image_url":"","fifu_image_alt":"","footnotes":""},"categories":[53,75],"tags":[],"class_list":["post-27215","post","type-post","status-publish","format-standard","has-post-thumbnail","hentry","category-algerie","category-sport"],"_links":{"self":[{"href":"https:\/\/linitiative.ca\/International\/wp-json\/wp\/v2\/posts\/27215","targetHints":{"allow":["GET"]}}],"collection":[{"href":"https:\/\/linitiative.ca\/International\/wp-json\/wp\/v2\/posts"}],"about":[{"href":"https:\/\/linitiative.ca\/International\/wp-json\/wp\/v2\/types\/post"}],"author":[{"embeddable":true,"href":"https:\/\/linitiative.ca\/International\/wp-json\/wp\/v2\/users\/1738"}],"replies":[{"embeddable":true,"href":"https:\/\/linitiative.ca\/International\/wp-json\/wp\/v2\/comments?post=27215"}],"version-history":[{"count":0,"href":"https:\/\/linitiative.ca\/International\/wp-json\/wp\/v2\/posts\/27215\/revisions"}],"wp:featuredmedia":[{"embeddable":true,"href":"https:\/\/linitiative.ca\/International\/wp-json\/"}],"wp:attachment":[{"href":"https:\/\/linitiative.ca\/International\/wp-json\/wp\/v2\/media?parent=27215"}],"wp:term":[{"taxonomy":"category","embeddable":true,"href":"https:\/\/linitiative.ca\/International\/wp-json\/wp\/v2\/categories?post=27215"},{"taxonomy":"post_tag","embeddable":true,"href":"https:\/\/linitiative.ca\/International\/wp-json\/wp\/v2\/tags?post=27215"}],"curies":[{"name":"wp","href":"https:\/\/api.w.org\/{rel}","templated":true}]}}