{"id":27217,"date":"2019-04-11T15:14:21","date_gmt":"2019-04-11T19:14:21","guid":{"rendered":"https:\/\/linitiative.ca\/International\/pros-dijon-coup-dur-pour-mehdi-abeid\/"},"modified":"2019-04-11T15:14:21","modified_gmt":"2019-04-11T19:14:21","slug":"pros-dijon-coup-dur-pour-mehdi-abeid","status":"publish","type":"post","link":"https:\/\/linitiative.ca\/International\/pros-dijon-coup-dur-pour-mehdi-abeid\/","title":{"rendered":"Pros : Dijon: Coup dur pour Mehdi Abeid"},"content":{"rendered":"<div readability=\"32\">\n<p>Auteur : <span class=\"time\">jeudi 11 avril 2019 14:17<\/span><\/p>\n<\/div>\n<div id=\"post_core\" readability=\"40\">\n<p>Le milieu de terrain de l\u2019\u00e9quipe nationale,\u00a0 Mehdi Abeid sera encore absent des terrains pendant cinq semaines en raison de blessure. C\u2019est ce qu\u2019a indiqu\u00e9 le m\u00e9dia fran\u00e7ais, L&rsquo;Equipe. Abeid s&rsquo;est bless\u00e9 le 27 mars dernier, lors du match amical entre l&rsquo;Alg\u00e9rie et la Tunisie (1-0) \u00e0 Blida et souffre du quadriceps. \u00a0Un v\u00e9ritable coup dur pour Abeid.<\/p>\n<p><strong>Publi\u00e9 dans :<\/strong> <span>mehdi abeid<\/span><\/p>\n<\/div>\n<p>Auteur:<br \/>\n<a href=\"http:\/\/www.lebuteur.com\/article\/detail?titre=dijon-coup-dur-pour-mehdi-abeid&#038;id=87910&#038;utm_source=feedburner&#038;utm_medium=feed&#038;utm_campaign=Feed%3A+GalerieFArtciles+%28Les+derniers+articles++-+lebuteur.com%29\">Cliquez ici pour lire l&rsquo;article depuis sa source.<\/a><\/p>\n","protected":false},"excerpt":{"rendered":"<p>Auteur : jeudi 11 avril 2019 14:17 Le milieu de terrain de l\u2019\u00e9quipe nationale,\u00a0 Mehdi Abeid sera encore absent des terrains pendant cinq semaines en raison de blessure. C\u2019est ce qu\u2019a indiqu\u00e9 le m\u00e9dia fran\u00e7ais, L&rsquo;Equipe. Abeid s&rsquo;est bless\u00e9 le 27 mars dernier, lors du match amical entre l&rsquo;Alg\u00e9rie et la Tunisie (1-0) \u00e0 Blida [&hellip;]<\/p>\n","protected":false},"author":1738,"featured_media":27218,"comment_status":"closed","ping_status":"closed","sticky":false,"template":"","format":"standard","meta":{"fifu_image_url":"","fifu_image_alt":"","footnotes":""},"categories":[53,75],"tags":[],"class_list":["post-27217","post","type-post","status-publish","format-standard","has-post-thumbnail","hentry","category-algerie","category-sport"],"_links":{"self":[{"href":"https:\/\/linitiative.ca\/International\/wp-json\/wp\/v2\/posts\/27217","targetHints":{"allow":["GET"]}}],"collection":[{"href":"https:\/\/linitiative.ca\/International\/wp-json\/wp\/v2\/posts"}],"about":[{"href":"https:\/\/linitiative.ca\/International\/wp-json\/wp\/v2\/types\/post"}],"author":[{"embeddable":true,"href":"https:\/\/linitiative.ca\/International\/wp-json\/wp\/v2\/users\/1738"}],"replies":[{"embeddable":true,"href":"https:\/\/linitiative.ca\/International\/wp-json\/wp\/v2\/comments?post=27217"}],"version-history":[{"count":0,"href":"https:\/\/linitiative.ca\/International\/wp-json\/wp\/v2\/posts\/27217\/revisions"}],"wp:featuredmedia":[{"embeddable":true,"href":"https:\/\/linitiative.ca\/International\/wp-json\/"}],"wp:attachment":[{"href":"https:\/\/linitiative.ca\/International\/wp-json\/wp\/v2\/media?parent=27217"}],"wp:term":[{"taxonomy":"category","embeddable":true,"href":"https:\/\/linitiative.ca\/International\/wp-json\/wp\/v2\/categories?post=27217"},{"taxonomy":"post_tag","embeddable":true,"href":"https:\/\/linitiative.ca\/International\/wp-json\/wp\/v2\/tags?post=27217"}],"curies":[{"name":"wp","href":"https:\/\/api.w.org\/{rel}","templated":true}]}}