{"id":27221,"date":"2019-04-11T15:14:24","date_gmt":"2019-04-11T19:14:24","guid":{"rendered":"https:\/\/linitiative.ca\/International\/afrique-can-2019-les-chapeaux-sont-connus\/"},"modified":"2019-04-11T15:14:24","modified_gmt":"2019-04-11T19:14:24","slug":"afrique-can-2019-les-chapeaux-sont-connus","status":"publish","type":"post","link":"https:\/\/linitiative.ca\/International\/afrique-can-2019-les-chapeaux-sont-connus\/","title":{"rendered":"Afrique : CAN 2019 : les chapeaux sont connus !"},"content":{"rendered":"<div readability=\"32\">\n<p>Auteur : <span class=\"time\">jeudi 11 avril 2019 16:14<\/span><\/p>\n<\/div>\n<div id=\"post_core\" readability=\"74\">\n<p>Le tirage au sort de la phase finale de la Coupe d\u2019Afrique des nations 2019 se d\u00e9roulera demain, vendredi 12 avril, \u00e0 partir de 19h, depuis le Caire, en Egypte.<\/p>\n<p>La Conf\u00e9d\u00e9ration Africaine de Football (CAF) a publi\u00e9 aujourd\u2019hui le classement des formations participantes, d\u00e9voilant ainsi les 4 chapeaux d\u2019apr\u00e8s lesquels le tirage au sort sera effectu\u00e9 demain. Pour la premi\u00e8re fois, 24 nations participeront \u00e0 la comp\u00e9tition qui se d\u00e9roulera de 21 juin au 19 juillet prochain. Ainsi, six groupes de quatre pays, issus des quatre chapeaux, seront constitu\u00e9s rapporte FootMercato.<\/p>\n<p>Dans le chapeau 1, on retrouvera l\u2019Egypte, pays h\u00f4te, en compagnie du Cameroun, tenant du titre, du S\u00e9n\u00e9gal, de la Tunisie, du Nig\u00e9ria et du Maroc, tous pr\u00e9sents au dernier Mondial.<\/p>\n<p>Dans le chapeau 2, la R\u00e9publique D\u00e9mocratique du Congo sera accompagn\u00e9e par le Ghana, le Mali, la C\u00f4t\u00e9 d\u2019Ivoire, la Guin\u00e9e et l\u2019Alg\u00e9rie.<\/p>\n<p>Revers\u00e9e dans le chapeau 3, l\u2019Afrique du Sud sera accompagn\u00e9e du B\u00e9nin et de Madagascar, qui disputera sa premi\u00e8re CAN.<\/p>\n<p>Enfin, le chapeau 4 regroupera deux autres Petits Poucets, le Burundi et la Mauritanie.<\/p>\n<p><strong>Publi\u00e9 dans :<\/strong> <span>CAN 2019<\/span><\/p>\n<\/div>\n<p>Auteur:<br \/>\n<a href=\"http:\/\/www.lebuteur.com\/article\/detail?titre=can-2019-les-chapeaux-sont-connus&#038;id=87912&#038;utm_source=feedburner&#038;utm_medium=feed&#038;utm_campaign=Feed%3A+GalerieFArtciles+%28Les+derniers+articles++-+lebuteur.com%29\">Cliquez ici pour lire l&rsquo;article depuis sa source.<\/a><\/p>\n","protected":false},"excerpt":{"rendered":"<p>Auteur : jeudi 11 avril 2019 16:14 Le tirage au sort de la phase finale de la Coupe d\u2019Afrique des nations 2019 se d\u00e9roulera demain, vendredi 12 avril, \u00e0 partir de 19h, depuis le Caire, en Egypte. La Conf\u00e9d\u00e9ration Africaine de Football (CAF) a publi\u00e9 aujourd\u2019hui le classement des formations participantes, d\u00e9voilant ainsi les 4 [&hellip;]<\/p>\n","protected":false},"author":1738,"featured_media":27222,"comment_status":"closed","ping_status":"closed","sticky":false,"template":"","format":"standard","meta":{"fifu_image_url":"","fifu_image_alt":"","footnotes":""},"categories":[53,75],"tags":[],"class_list":["post-27221","post","type-post","status-publish","format-standard","has-post-thumbnail","hentry","category-algerie","category-sport"],"_links":{"self":[{"href":"https:\/\/linitiative.ca\/International\/wp-json\/wp\/v2\/posts\/27221","targetHints":{"allow":["GET"]}}],"collection":[{"href":"https:\/\/linitiative.ca\/International\/wp-json\/wp\/v2\/posts"}],"about":[{"href":"https:\/\/linitiative.ca\/International\/wp-json\/wp\/v2\/types\/post"}],"author":[{"embeddable":true,"href":"https:\/\/linitiative.ca\/International\/wp-json\/wp\/v2\/users\/1738"}],"replies":[{"embeddable":true,"href":"https:\/\/linitiative.ca\/International\/wp-json\/wp\/v2\/comments?post=27221"}],"version-history":[{"count":0,"href":"https:\/\/linitiative.ca\/International\/wp-json\/wp\/v2\/posts\/27221\/revisions"}],"wp:featuredmedia":[{"embeddable":true,"href":"https:\/\/linitiative.ca\/International\/wp-json\/"}],"wp:attachment":[{"href":"https:\/\/linitiative.ca\/International\/wp-json\/wp\/v2\/media?parent=27221"}],"wp:term":[{"taxonomy":"category","embeddable":true,"href":"https:\/\/linitiative.ca\/International\/wp-json\/wp\/v2\/categories?post=27221"},{"taxonomy":"post_tag","embeddable":true,"href":"https:\/\/linitiative.ca\/International\/wp-json\/wp\/v2\/tags?post=27221"}],"curies":[{"name":"wp","href":"https:\/\/api.w.org\/{rel}","templated":true}]}}