{"id":27223,"date":"2019-04-11T15:14:25","date_gmt":"2019-04-11T19:14:25","guid":{"rendered":"https:\/\/linitiative.ca\/International\/international-fc-barcelone-nouvelles-rassurantes-pour-lionel-messi\/"},"modified":"2019-04-11T15:14:25","modified_gmt":"2019-04-11T19:14:25","slug":"international-fc-barcelone-nouvelles-rassurantes-pour-lionel-messi","status":"publish","type":"post","link":"https:\/\/linitiative.ca\/International\/international-fc-barcelone-nouvelles-rassurantes-pour-lionel-messi\/","title":{"rendered":"International : FC Barcelone : Nouvelles rassurantes pour Lionel Messi"},"content":{"rendered":"<div readability=\"32\">\n<p>Auteur : <span class=\"time\">jeudi 11 avril 2019 18:00<\/span><\/p>\n<\/div>\n<div id=\"post_core\" readability=\"48\">\n<p>Durant cette rencontre, Lionel Messi a eu le nez en sang en premi\u00e8re p\u00e9riode suite \u00e0 une charge de Chris Smalling, mais l\u2019international argentin a pu finir la rencontre. Et alors que le Bar\u00e7a craignait une blessure pour \u00ab\u00a0La Pulga\u00a0\u00bb, les examens pass\u00e9s ce jeudi auraient rassur\u00e9 le club catalan.<\/p>\n<p>D\u2019apr\u00e8s les informations de Footmercato, les examens n\u2019auraient rien r\u00e9v\u00e9l\u00e9. Alors que l\u2019on craignait un forfait du num\u00e9ro 10 pour le d\u00e9placement \u00e0 Huesca samedi apr\u00e8s-midi, celui-ci devrait \u00eatre disponible pour cette rencontre. La m\u00eame source explique d\u2019ailleurs que le Bar\u00e7a ne devrait pas communiquer sur le sujet au vu des r\u00e9sultats. Cependant, le joueur de 31 ans devrait \u00eatre pr\u00e9serv\u00e9 ce week-end pour \u00eatre \u00e0 100% pour le quart de finale retour de C1 contre MU mardi prochain.<\/p>\n<p><strong>Publi\u00e9 dans :<\/strong> <span>messi<\/span> <span>bar\u00e7a<\/span><\/p>\n<\/div>\n<p>Auteur:<br \/>\n<a href=\"http:\/\/www.lebuteur.com\/article\/detail?titre=fc-barcelone-nouvelles-rassurantes-pour-lionel-messi&#038;id=87913&#038;utm_source=feedburner&#038;utm_medium=feed&#038;utm_campaign=Feed%3A+GalerieFArtciles+%28Les+derniers+articles++-+lebuteur.com%29\">Cliquez ici pour lire l&rsquo;article depuis sa source.<\/a><\/p>\n","protected":false},"excerpt":{"rendered":"<p>Auteur : jeudi 11 avril 2019 18:00 Durant cette rencontre, Lionel Messi a eu le nez en sang en premi\u00e8re p\u00e9riode suite \u00e0 une charge de Chris Smalling, mais l\u2019international argentin a pu finir la rencontre. Et alors que le Bar\u00e7a craignait une blessure pour \u00ab\u00a0La Pulga\u00a0\u00bb, les examens pass\u00e9s ce jeudi auraient rassur\u00e9 le [&hellip;]<\/p>\n","protected":false},"author":1738,"featured_media":27224,"comment_status":"closed","ping_status":"closed","sticky":false,"template":"","format":"standard","meta":{"fifu_image_url":"","fifu_image_alt":"","footnotes":""},"categories":[53,75],"tags":[],"class_list":["post-27223","post","type-post","status-publish","format-standard","has-post-thumbnail","hentry","category-algerie","category-sport"],"_links":{"self":[{"href":"https:\/\/linitiative.ca\/International\/wp-json\/wp\/v2\/posts\/27223","targetHints":{"allow":["GET"]}}],"collection":[{"href":"https:\/\/linitiative.ca\/International\/wp-json\/wp\/v2\/posts"}],"about":[{"href":"https:\/\/linitiative.ca\/International\/wp-json\/wp\/v2\/types\/post"}],"author":[{"embeddable":true,"href":"https:\/\/linitiative.ca\/International\/wp-json\/wp\/v2\/users\/1738"}],"replies":[{"embeddable":true,"href":"https:\/\/linitiative.ca\/International\/wp-json\/wp\/v2\/comments?post=27223"}],"version-history":[{"count":0,"href":"https:\/\/linitiative.ca\/International\/wp-json\/wp\/v2\/posts\/27223\/revisions"}],"wp:featuredmedia":[{"embeddable":true,"href":"https:\/\/linitiative.ca\/International\/wp-json\/"}],"wp:attachment":[{"href":"https:\/\/linitiative.ca\/International\/wp-json\/wp\/v2\/media?parent=27223"}],"wp:term":[{"taxonomy":"category","embeddable":true,"href":"https:\/\/linitiative.ca\/International\/wp-json\/wp\/v2\/categories?post=27223"},{"taxonomy":"post_tag","embeddable":true,"href":"https:\/\/linitiative.ca\/International\/wp-json\/wp\/v2\/tags?post=27223"}],"curies":[{"name":"wp","href":"https:\/\/api.w.org\/{rel}","templated":true}]}}