{"id":27230,"date":"2019-04-10T19:00:00","date_gmt":"2019-04-10T23:00:00","guid":{"rendered":"https:\/\/linitiative.ca\/International\/amelioration-des-urgences-medicales-et-prise-en-charge-des-malades-des-instructions-fermes\/"},"modified":"2019-04-10T19:00:00","modified_gmt":"2019-04-10T23:00:00","slug":"amelioration-des-urgences-medicales-et-prise-en-charge-des-malades-des-instructions-fermes","status":"publish","type":"post","link":"https:\/\/linitiative.ca\/International\/amelioration-des-urgences-medicales-et-prise-en-charge-des-malades-des-instructions-fermes\/","title":{"rendered":"Am\u00e9lioration des urgences m\u00e9dicales et prise en charge des malades   : des instructions fermes"},"content":{"rendered":"<p><strong>Le ministre de la Sant\u00e9, de la Population et de la R\u00e9forme hospitali\u00e8re, Mohamed Miraoui,\u00a0 a donn\u00e9 des instructions fermes aux cadres du secteur, en vue d&rsquo;am\u00e9liorer les services des urgences m\u00e9dicales et la prise en charge des malades, a indiqu\u00e9 hier un communiqu\u00e9 du minist\u00e8re.\u00a0\u00a0<\/strong><\/p>\n<p>Pr\u00e9sidant une rencontre regroupant les cadres de l&rsquo;administration centrale, les directeurs g\u00e9n\u00e9raux des centres hospitalo-universitaires (CHU), les directeurs des \u00e9tablissements publics hospitaliers (EPH), les directeurs des \u00e9tablissements hospitaliers sp\u00e9cialis\u00e9s (EHS) et les directeurs des \u00e9tablissements publics de la sant\u00e9 de proximit\u00e9 (EPSP) de la wilaya d&rsquo;Alger, le ministre a mis l&rsquo;accent sur \u00ab\u00a0la n\u00e9cessit\u00e9 d&rsquo;assurer le bon d\u00e9roulement des services des urgences et le traitement des dysfonctionnements concernant la r\u00e9ception, l&rsquo;orientation et l&rsquo;hygi\u00e8ne hospitali\u00e8res\u00a0\u00bb. A cette occasion, il a appel\u00e9 \u00e0 \u00ab\u00a0prendre les mesures n\u00e9cessaires pour faciliter la prise en charge des cas des urgences \u00e0 travers la mise en place et la maintenance des \u00e9quipements et des mat\u00e9riels chirurgicaux et l&rsquo;am\u00e9lioration des prestations sanitaires dans cette wilaya, notamment la pr\u00e9paration du mois de Ramadhan ainsi que la pr\u00e9vention des maladies\u00a0\u00a0 inh\u00e9rentes \u00e0 la saison estivale 2019\u00a0\u00bb. Par ailleurs, M. Miraoui a soulign\u00e9 l&rsquo;importance \u00ab\u00a0de doter les diff\u00e9rents services d&rsquo;appareils d&rsquo;h\u00e9modialyse en vue de garantir l&rsquo;offre, sachant que les urgences m\u00e9dicales constituent \u00ab\u00a0l&rsquo;image du secteur de la sant\u00e9 et le portail qui fixe les cadres g\u00e9n\u00e9raux de gestion des autres services m\u00e9dicaux\u00a0\u00bb.\u00a0 En pr\u00e9vision du mois de ramadhan et de la saison estivale, le ministre a demand\u00e9 aux responsables de la sant\u00e9 de \u00ab\u00a0r\u00e9unir toutes les conditions\u00a0\u00a0 mat\u00e9rielles et humaines n\u00e9cessaires et d&rsquo;organiser des campagnes de\u00a0\u00a0 sensibilisation, en se r\u00e9f\u00e9rant aux normes de pr\u00e9vention des maladies transmissibles qui se propagent, notamment durant la p\u00e9riode estivale\u00a0\u00bb. Concernant la prise en charge de la femme enceinte, M. Meraoui, qui a insist\u00e9 sur \u00ab\u00a0l&rsquo;importance de la prise en charge de cette cat\u00e9gorie de la soci\u00e9t\u00e9 qui doit avoir un suivi dans les h\u00f4pitaux publics ou priv\u00e9s depuis le d\u00e9but de la grossesse\u00a0\u00bb, pr\u00e9voit \u00ab\u00a0la baisse de la moyenne de mortalit\u00e9 chez les m\u00e8res, en adaptation avec les moyens accord\u00e9s et d\u00e9finis dans le cadre du guide de prise en charge de la femme enceinte. Il a \u00e9galement appel\u00e9 \u00e0 conjuguer les efforts de tous les acteurs dans le domaine, de fa\u00e7on \u00e0 assurer une bonne prise en charge de la sant\u00e9 de la m\u00e8re et de l&rsquo;enfant\u00a0\u00bb. Evoquant la m\u00e9decine de proximit\u00e9, le ministre a mis l&rsquo;accent sur \u00ab\u00a0le r\u00f4le efficient des institutions publiques de sant\u00e9 de proximit\u00e9 dans les\u00a0\u00a0 volets de la pr\u00e9vention et des soins. Le premier consiste \u00e0 sensibiliser sur les risques des maladies et voies de pr\u00e9vention, \u00e0 travers les campagnes de sensibilisation, alors que le deuxi\u00e8me consiste \u00e0 accorder les soins et \u00e0 assurer les prestations sanitaires aux citoyens\u00a0\u00bb. Le ministre a donn\u00e9 des instructions aux g\u00e9rants pour \u00ab\u00a0assurer une\u00a0\u00a0 participation du mouvement associatif dans les activit\u00e9s de l&rsquo;information et de la sensibilisation destin\u00e9es aux citoyens et renforcer le dialogue social global avec les diff\u00e9rents syndicats\u00a0\u00bb, soulignant sa d\u00e9termination \u00e0 organiser des rencontres p\u00e9riodiques qui regroupent toutes les wilayas.<br \/>\u00a0<\/p>\n<p>Auteur: elmoudjahid<br \/>\n<a href=\"http:\/\/www.elmoudjahid.com\/fr\/actualites\/135720\">Cliquez ici pour lire l&rsquo;article depuis sa source.<\/a><\/p>\n","protected":false},"excerpt":{"rendered":"<p>Le ministre de la Sant\u00e9, de la Population et de la R\u00e9forme hospitali\u00e8re, Mohamed Miraoui,\u00a0 a donn\u00e9 des instructions fermes aux cadres du secteur, en vue d&rsquo;am\u00e9liorer les services des urgences m\u00e9dicales et la prise en charge des malades, a indiqu\u00e9 hier un communiqu\u00e9 du minist\u00e8re.\u00a0\u00a0 Pr\u00e9sidant une rencontre regroupant les cadres de l&rsquo;administration centrale, [&hellip;]<\/p>\n","protected":false},"author":1744,"featured_media":0,"comment_status":"closed","ping_status":"closed","sticky":false,"template":"","format":"standard","meta":{"fifu_image_url":"","fifu_image_alt":"","footnotes":""},"categories":[73,53],"tags":[],"class_list":["post-27230","post","type-post","status-publish","format-standard","hentry","category-actualite","category-algerie"],"_links":{"self":[{"href":"https:\/\/linitiative.ca\/International\/wp-json\/wp\/v2\/posts\/27230","targetHints":{"allow":["GET"]}}],"collection":[{"href":"https:\/\/linitiative.ca\/International\/wp-json\/wp\/v2\/posts"}],"about":[{"href":"https:\/\/linitiative.ca\/International\/wp-json\/wp\/v2\/types\/post"}],"author":[{"embeddable":true,"href":"https:\/\/linitiative.ca\/International\/wp-json\/wp\/v2\/users\/1744"}],"replies":[{"embeddable":true,"href":"https:\/\/linitiative.ca\/International\/wp-json\/wp\/v2\/comments?post=27230"}],"version-history":[{"count":0,"href":"https:\/\/linitiative.ca\/International\/wp-json\/wp\/v2\/posts\/27230\/revisions"}],"wp:attachment":[{"href":"https:\/\/linitiative.ca\/International\/wp-json\/wp\/v2\/media?parent=27230"}],"wp:term":[{"taxonomy":"category","embeddable":true,"href":"https:\/\/linitiative.ca\/International\/wp-json\/wp\/v2\/categories?post=27230"},{"taxonomy":"post_tag","embeddable":true,"href":"https:\/\/linitiative.ca\/International\/wp-json\/wp\/v2\/tags?post=27230"}],"curies":[{"name":"wp","href":"https:\/\/api.w.org\/{rel}","templated":true}]}}