{"id":27231,"date":"2019-04-10T19:00:00","date_gmt":"2019-04-10T23:00:00","guid":{"rendered":"https:\/\/linitiative.ca\/International\/realisation-des-logements-aadl-et-lpp-cadence-appreciable\/"},"modified":"2019-04-10T19:00:00","modified_gmt":"2019-04-10T23:00:00","slug":"realisation-des-logements-aadl-et-lpp-cadence-appreciable","status":"publish","type":"post","link":"https:\/\/linitiative.ca\/International\/realisation-des-logements-aadl-et-lpp-cadence-appreciable\/","title":{"rendered":"R\u00e9alisation des logements AADL et LPP  :  Cadence appr\u00e9ciable"},"content":{"rendered":"<p>Le ministre de l&rsquo;Habitat, de l&rsquo;Urbanisme et de la Ville, Kamel Beldjoud, a rassur\u00e9, hier, les souscripteurs aux logements de types location-vente (AADL) et logement promotionnel public (LPP) que les travaux de r\u00e9alisation de leurs logements avan\u00e7aient \u00e0 une \u00ab\u00a0cadence appr\u00e9ciable\u00a0\u00bb.\u00a0\u00a0\u00a0\u00a0\u00a0\u00a0\u00a0 Lors de sa premi\u00e8re rencontre avec les directeurs et cadres du secteur, M. Beldjoud a indiqu\u00e9 que ses services \u00e9taient en contact permanent avec les responsables locaux afin de suivre \u00ab\u00a0minutieusement\u00a0\u00bb\u00a0\u00a0 l&rsquo;\u00e9tat d&rsquo;avancement de ces programmes.\u00a0\u00a0\u00a0\u00a0\u00a0\u00a0\u00a0\u00a0\u00a0 Le ministre a pr\u00e9cis\u00e9 que l&rsquo;Etat avait consacr\u00e9 tous les moyens\u00a0\u00a0 financiers et mat\u00e9riels n\u00e9cessaires \u00e0 la poursuite de la r\u00e9alisation des programmes, ajoutant que les op\u00e9rations de remise des clefs se poursuivront\u00a0\u00a0 de fa\u00e7on r\u00e9guli\u00e8re. Concernant le programme AADL 1 (2001 et 2002), le ministre a indiqu\u00e9 que le secteur \u0153uvrait au parach\u00e8vement de ce programme dans les plus brefs d\u00e9lais, affirmant que des instructions avaient \u00e9t\u00e9 donn\u00e9es afin de convoquer 10.000 souscripteurs \u00e0 Alger, mardi, pour leur remettre les ordres de versements relatifs \u00e0 la quatri\u00e8me tranche (5%).\u00a0 Pour parachever cette op\u00e9ration, durant le mois de Ramadhan, tous les souscripteurs restants dans le cadre du programme AADL1 seront convoqu\u00e9s pour recevoir leurs ordres de versement de la quatri\u00e8me tranche, et dans les 14 wilayas concern\u00e9es par ce programme.\u00a0 Cette op\u00e9ration permettra de passer au programme AADL 2 (souscripteurs de 2013) et d&rsquo;entamer la prise en charge graduelle des dossiers avant la fin 2019, a ajout\u00e9\u00a0 M. Beldjoud. Le ministre a insist\u00e9 sur l&rsquo;imp\u00e9ratif de doter ces projets de\u00a0\u00a0 structures publiques n\u00e9cessaires, notamment en mati\u00e8re d&rsquo;\u00e9ducation, de sant\u00e9 et de s\u00e9curit\u00e9. A cet effet, le ministre a indiqu\u00e9 que plusieurs assises avaient \u00e9t\u00e9 tenues pour examiner les voies de r\u00e9alisation de toutes les structures publiques, en accordant toutes les facilit\u00e9s et les enveloppes financi\u00e8res n\u00e9cessaires.<\/p>\n<p>Auteur: elmoudjahid<br \/>\n<a href=\"http:\/\/www.elmoudjahid.com\/fr\/actualites\/135721\">Cliquez ici pour lire l&rsquo;article depuis sa source.<\/a><\/p>\n","protected":false},"excerpt":{"rendered":"<p>Le ministre de l&rsquo;Habitat, de l&rsquo;Urbanisme et de la Ville, Kamel Beldjoud, a rassur\u00e9, hier, les souscripteurs aux logements de types location-vente (AADL) et logement promotionnel public (LPP) que les travaux de r\u00e9alisation de leurs logements avan\u00e7aient \u00e0 une \u00ab\u00a0cadence appr\u00e9ciable\u00a0\u00bb.\u00a0\u00a0\u00a0\u00a0\u00a0\u00a0\u00a0 Lors de sa premi\u00e8re rencontre avec les directeurs et cadres du secteur, M. Beldjoud [&hellip;]<\/p>\n","protected":false},"author":1744,"featured_media":0,"comment_status":"closed","ping_status":"closed","sticky":false,"template":"","format":"standard","meta":{"fifu_image_url":"","fifu_image_alt":"","footnotes":""},"categories":[73,53],"tags":[],"class_list":["post-27231","post","type-post","status-publish","format-standard","hentry","category-actualite","category-algerie"],"_links":{"self":[{"href":"https:\/\/linitiative.ca\/International\/wp-json\/wp\/v2\/posts\/27231","targetHints":{"allow":["GET"]}}],"collection":[{"href":"https:\/\/linitiative.ca\/International\/wp-json\/wp\/v2\/posts"}],"about":[{"href":"https:\/\/linitiative.ca\/International\/wp-json\/wp\/v2\/types\/post"}],"author":[{"embeddable":true,"href":"https:\/\/linitiative.ca\/International\/wp-json\/wp\/v2\/users\/1744"}],"replies":[{"embeddable":true,"href":"https:\/\/linitiative.ca\/International\/wp-json\/wp\/v2\/comments?post=27231"}],"version-history":[{"count":0,"href":"https:\/\/linitiative.ca\/International\/wp-json\/wp\/v2\/posts\/27231\/revisions"}],"wp:attachment":[{"href":"https:\/\/linitiative.ca\/International\/wp-json\/wp\/v2\/media?parent=27231"}],"wp:term":[{"taxonomy":"category","embeddable":true,"href":"https:\/\/linitiative.ca\/International\/wp-json\/wp\/v2\/categories?post=27231"},{"taxonomy":"post_tag","embeddable":true,"href":"https:\/\/linitiative.ca\/International\/wp-json\/wp\/v2\/tags?post=27231"}],"curies":[{"name":"wp","href":"https:\/\/api.w.org\/{rel}","templated":true}]}}