{"id":27232,"date":"2019-04-10T19:00:00","date_gmt":"2019-04-10T23:00:00","guid":{"rendered":"https:\/\/linitiative.ca\/International\/agriculture-et-environnement-convention-de-cooperation-scientifique-et-technique\/"},"modified":"2019-04-10T19:00:00","modified_gmt":"2019-04-10T23:00:00","slug":"agriculture-et-environnement-convention-de-cooperation-scientifique-et-technique","status":"publish","type":"post","link":"https:\/\/linitiative.ca\/International\/agriculture-et-environnement-convention-de-cooperation-scientifique-et-technique\/","title":{"rendered":"Agriculture et environnement :  convention de coop\u00e9ration scientifique et technique"},"content":{"rendered":"<p>Les ministres de l\u2019Environnement et des Energies renouvelables et de l\u2019Agriculture, du D\u00e9veloppement rural et de la P\u00eache ont proc\u00e9d\u00e9, hier, \u00e0 Alger, \u00e0 la signature d\u2019une convention de coop\u00e9ration scientifique et technique dans le domaine de l\u2019environnement marin.<br \/>Fatima Zohra Zerouati a fait savoir \u00e0 cette occasion que cette rencontre constitue une \u00e9tape \u00ab importante \u00bb vers le d\u00e9veloppement durable et affirm\u00e9 que ce partenariat a pour objectif\u00a0 d\u2019assurer la s\u00e9curit\u00e9 alimentaire du pays et, par la m\u00eame, la s\u00e9curit\u00e9 nationale. \u00abA cet \u00e9gard, lorsque l\u2019on \u00e9voque ce type de d\u00e9veloppement, nous faisons directement \u00e9cho \u00e0 l\u2019imp\u00e9rieuse n\u00e9cessit\u00e9 de prot\u00e9ger le capital environnemental de notre pays. Cela exige de notre part de prot\u00e9ger notre importante bande c\u00f4ti\u00e8re et foresti\u00e8re. C\u2019est donc, \u00e0 ce titre, que les pouvoirs publics ont mis en place une strat\u00e9gie intersectorielle, compl\u00e8te, allant dans ce sens et ce, \u00e0 l\u2019horizon 2030\u00bb, a expliqu\u00e9 la ministre de l\u2019Environnement et des Energies renouvelables, soulignant que cette strat\u00e9gie est inclusive et consensuelle. De son c\u00f4t\u00e9,\u00a0 Cherif Omari a d\u00e9clar\u00e9 que cet accord \u00e9minemment fructueux s\u2019inscrit dans la volont\u00e9 de \u00ab prot\u00e9ger \u00bb notre bande c\u00f4ti\u00e8re, sa faune ainsi que sa flore, et de \u00ab renforcer \u00bb la production halieutique. \u00ab Cette convention permettra, par ailleurs, de prot\u00e9ger tant l\u2019\u00e9cologie que\u00a0 l\u2019environnement\u00a0 et de renforcer les capacit\u00e9s scientifiques et techniques des coop\u00e9rants pour aller vers le d\u00e9veloppement durable. Outre les zones marines et rurales, les for\u00eats doivent, \u00e9galement, b\u00e9n\u00e9ficier de cet appui scientifique et technique\u00bb, a estim\u00e9 le ministre de l\u2019Agriculture, du D\u00e9veloppement rural et de la P\u00eache. Pour rappel, lors d\u2019une pr\u00e9c\u00e9dente d\u00e9claration \u00e0 la presse, le directeur g\u00e9n\u00e9ral de la p\u00eache et des ressources halieutiques, Taha Hamouche, avait affirm\u00e9 que la surveillance environnementale permet au secteur de \u00ab mieux g\u00e9rer \u00bb l\u2019effort de p\u00eache et de classer les zones de p\u00eache et d\u2019aquaculture suivant les normes de s\u00e9curit\u00e9 sanitaire nationales et internationales. L\u2019environnement marin et le littoral subissent une charge polluante urbaine et industrielle dont l\u2019impact sur le milieu marin et les produits halieutiques est \u00e0 surveiller et \u00e0 \u00e9valuer p\u00e9riodiquement. \u00a0<br \/>En collaboration avec plusieurs institutions d\u2019analyse et de recherche intersectorielles, la Direction g\u00e9n\u00e9rale de la p\u00eache et de l\u2019aquaculture d\u00e9pendant du minist\u00e8re de l\u2019Agriculture, du D\u00e9veloppement rural et de la P\u00eache avait mis en place un dispositif de suivi et d\u2019\u00e9valuation de l\u2019\u00e9tat de salubrit\u00e9 des milieux et des produits de la p\u00eache.<br \/><strong>Sami Kaidi<\/strong><br \/>\u00a0<\/p>\n<p>Auteur: elmoudjahid<br \/>\n<a href=\"http:\/\/www.elmoudjahid.com\/fr\/actualites\/135722\">Cliquez ici pour lire l&rsquo;article depuis sa source.<\/a><\/p>\n","protected":false},"excerpt":{"rendered":"<p>Les ministres de l\u2019Environnement et des Energies renouvelables et de l\u2019Agriculture, du D\u00e9veloppement rural et de la P\u00eache ont proc\u00e9d\u00e9, hier, \u00e0 Alger, \u00e0 la signature d\u2019une convention de coop\u00e9ration scientifique et technique dans le domaine de l\u2019environnement marin.Fatima Zohra Zerouati a fait savoir \u00e0 cette occasion que cette rencontre constitue une \u00e9tape \u00ab importante [&hellip;]<\/p>\n","protected":false},"author":1744,"featured_media":0,"comment_status":"closed","ping_status":"closed","sticky":false,"template":"","format":"standard","meta":{"fifu_image_url":"","fifu_image_alt":"","footnotes":""},"categories":[73,53],"tags":[],"class_list":["post-27232","post","type-post","status-publish","format-standard","hentry","category-actualite","category-algerie"],"_links":{"self":[{"href":"https:\/\/linitiative.ca\/International\/wp-json\/wp\/v2\/posts\/27232","targetHints":{"allow":["GET"]}}],"collection":[{"href":"https:\/\/linitiative.ca\/International\/wp-json\/wp\/v2\/posts"}],"about":[{"href":"https:\/\/linitiative.ca\/International\/wp-json\/wp\/v2\/types\/post"}],"author":[{"embeddable":true,"href":"https:\/\/linitiative.ca\/International\/wp-json\/wp\/v2\/users\/1744"}],"replies":[{"embeddable":true,"href":"https:\/\/linitiative.ca\/International\/wp-json\/wp\/v2\/comments?post=27232"}],"version-history":[{"count":0,"href":"https:\/\/linitiative.ca\/International\/wp-json\/wp\/v2\/posts\/27232\/revisions"}],"wp:attachment":[{"href":"https:\/\/linitiative.ca\/International\/wp-json\/wp\/v2\/media?parent=27232"}],"wp:term":[{"taxonomy":"category","embeddable":true,"href":"https:\/\/linitiative.ca\/International\/wp-json\/wp\/v2\/categories?post=27232"},{"taxonomy":"post_tag","embeddable":true,"href":"https:\/\/linitiative.ca\/International\/wp-json\/wp\/v2\/tags?post=27232"}],"curies":[{"name":"wp","href":"https:\/\/api.w.org\/{rel}","templated":true}]}}