{"id":27237,"date":"2019-04-11T10:23:57","date_gmt":"2019-04-11T14:23:57","guid":{"rendered":"https:\/\/linitiative.ca\/International\/87942-tirage-au-sort-de-la-can-2019-l-algerie-dans-le-chapeau-2\/"},"modified":"2019-04-11T10:23:57","modified_gmt":"2019-04-11T14:23:57","slug":"87942-tirage-au-sort-de-la-can-2019-l-algerie-dans-le-chapeau-2","status":"publish","type":"post","link":"https:\/\/linitiative.ca\/International\/87942-tirage-au-sort-de-la-can-2019-l-algerie-dans-le-chapeau-2\/","title":{"rendered":"CAN 2019 \/ tirage au sort : l&rsquo;Alg\u00e9rie dans le chapeau 2"},"content":{"rendered":"<div>\n<div class=\"K2FeedImage\"><img decoding=\"async\" src=\"http:\/\/www.aps.dz\/media\/k2\/items\/cache\/78fa3e61ed42713ce42735bca034ac32_S.jpg\" alt=\"CAN 2019 \/ tirage au sort : l'Alg\u00e9rie dans le chapeau 2\"><\/div>\n<div class=\"K2FeedIntroText\">\n<p>LE CAIRE &#8211; L&rsquo;Alg\u00e9rie est plac\u00e9e dans le chapeau 2 en pr\u00e9vision du tirage au sort de la phase finale de la Coupe d&rsquo;Afrique des nations CAN-2019, pr\u00e9vu vendredi \u00e0 19h00 au Caire, a indiqu\u00e9 jeudi la Conf\u00e9d\u00e9ration africaine de football (CAF) sur son compte twitter.<\/p>\n<\/div>\n<div class=\"K2FeedFullText\">\n<p>Outre l&rsquo;Alg\u00e9rie, le chapeau 2 est compos\u00e9 de la RD Congo, du Ghana, du Mali, de la C\u00f4te d&rsquo;Ivoire et de la Guin\u00e9e.<\/p>\n<p>Le chapeau 1 est form\u00e9 de l&rsquo;Egypte (pays h\u00f4te), du Cameroun, du S\u00e9n\u00e9gal, de la Tunisie, du Nigeria et du Maroc.<\/p>\n<p>Le chapeau 3 comprend l&rsquo;Afrique du Sud, l&rsquo;Ouganda, le B\u00e9nin, la Mauritanie, Madagascar et le Kenya.<\/p>\n<p>Quant au chapeau 4, il est constitu\u00e9 du Zimbabwe, de la Namibie, de la Guin\u00e9e-Bissau, de l&rsquo;Angola, de la Tanzanie et du Burundi.<\/p>\n<p>Les 24 qualifi\u00e9s seront scind\u00e9s en six groupes de quatre. Les deux premiers de chaque groupe ainsi que les quatre meilleurs troisi\u00e8mes se qualifient pour les 8es de finale de la CAN-2019 qui se d\u00e9roulera du 21 juin au 19 juillet dans quatre villes \u00e9gyptiennes.<\/p>\n<p>Les quatre chapeaux ont \u00e9t\u00e9 \u00e9tablis sur la base du classement officiel de la CAF des \u00e9quipes nationales.<\/p>\n<\/div>\n<p><img loading=\"lazy\" decoding=\"async\" src=\"http:\/\/feeds.feedburner.com\/~r\/aps-sport\/~4\/PaKW_R7sSXo\" height=\"1\" width=\"1\" alt=\"\"><\/div>\n<p>Auteur:<br \/>\n<a href=\"http:\/\/www.aps.dz\/sport\/87942-tirage-au-sort-de-la-can-2019-l-algerie-dans-le-chapeau-2?utm_source=feedburner&#038;utm_medium=feed&#038;utm_campaign=Feed%3A+aps-sport+%28APS+-+SPORT%29\">Cliquez ici pour lire l&rsquo;article depuis sa source.<\/a><\/p>\n","protected":false},"excerpt":{"rendered":"<p>LE CAIRE &#8211; L&rsquo;Alg\u00e9rie est plac\u00e9e dans le chapeau 2 en pr\u00e9vision du tirage au sort de la phase finale de la Coupe d&rsquo;Afrique des nations CAN-2019, pr\u00e9vu vendredi \u00e0 19h00 au Caire, a indiqu\u00e9 jeudi la Conf\u00e9d\u00e9ration africaine de football (CAF) sur son compte twitter. Outre l&rsquo;Alg\u00e9rie, le chapeau 2 est compos\u00e9 de la [&hellip;]<\/p>\n","protected":false},"author":1790,"featured_media":27238,"comment_status":"closed","ping_status":"closed","sticky":false,"template":"","format":"standard","meta":{"fifu_image_url":"","fifu_image_alt":"","footnotes":""},"categories":[53,75],"tags":[],"class_list":["post-27237","post","type-post","status-publish","format-standard","has-post-thumbnail","hentry","category-algerie","category-sport"],"_links":{"self":[{"href":"https:\/\/linitiative.ca\/International\/wp-json\/wp\/v2\/posts\/27237","targetHints":{"allow":["GET"]}}],"collection":[{"href":"https:\/\/linitiative.ca\/International\/wp-json\/wp\/v2\/posts"}],"about":[{"href":"https:\/\/linitiative.ca\/International\/wp-json\/wp\/v2\/types\/post"}],"author":[{"embeddable":true,"href":"https:\/\/linitiative.ca\/International\/wp-json\/wp\/v2\/users\/1790"}],"replies":[{"embeddable":true,"href":"https:\/\/linitiative.ca\/International\/wp-json\/wp\/v2\/comments?post=27237"}],"version-history":[{"count":0,"href":"https:\/\/linitiative.ca\/International\/wp-json\/wp\/v2\/posts\/27237\/revisions"}],"wp:featuredmedia":[{"embeddable":true,"href":"https:\/\/linitiative.ca\/International\/wp-json\/"}],"wp:attachment":[{"href":"https:\/\/linitiative.ca\/International\/wp-json\/wp\/v2\/media?parent=27237"}],"wp:term":[{"taxonomy":"category","embeddable":true,"href":"https:\/\/linitiative.ca\/International\/wp-json\/wp\/v2\/categories?post=27237"},{"taxonomy":"post_tag","embeddable":true,"href":"https:\/\/linitiative.ca\/International\/wp-json\/wp\/v2\/tags?post=27237"}],"curies":[{"name":"wp","href":"https:\/\/api.w.org\/{rel}","templated":true}]}}