{"id":27245,"date":"2019-04-11T14:57:27","date_gmt":"2019-04-11T18:57:27","guid":{"rendered":"https:\/\/linitiative.ca\/International\/87975-tournoi-international-cap-d-ail-youcef-rihane-accede-au-dernier-carre\/"},"modified":"2019-04-11T14:57:27","modified_gmt":"2019-04-11T18:57:27","slug":"87975-tournoi-international-cap-d-ail-youcef-rihane-accede-au-dernier-carre","status":"publish","type":"post","link":"https:\/\/linitiative.ca\/International\/87975-tournoi-international-cap-d-ail-youcef-rihane-accede-au-dernier-carre\/","title":{"rendered":"Tournoi international Cap-d&rsquo;Ail: Youcef Rihane acc\u00e8de au dernier carr\u00e9"},"content":{"rendered":"<div>\n<div class=\"K2FeedImage\"><img decoding=\"async\" src=\"http:\/\/www.aps.dz\/media\/k2\/items\/cache\/4a1c5941defc4fa88b9de55b38164818_S.jpg\" alt=\"Tournoi international Cap-d'Ail: Youcef Rihane acc\u00e8de au dernier carr\u00e9\"><\/div>\n<div class=\"K2FeedIntroText\">\n<p><strong>PARIS &#8211; Le tennisman alg\u00e9rien Youcef Rihane s&rsquo;est qualifi\u00e9 jeudi aux demi-finales du Tournoi international juniors de Cap-d&rsquo;Ail, qui se d\u00e9roule du 7 au 14 avril dans les Alpes-Maritimes (France), en s&rsquo;imposant devant la t\u00eate de s\u00e9rie N.3 l&rsquo;Italien Flavio Cobolli en deux sets (6-0,7-5).<\/strong><\/p>\n<\/div>\n<div class=\"K2FeedFullText\">\n<p>En demi-finale, pr\u00e9vue vendredi, Rihane d\u00e9fiera le Fran\u00e7ais Kyrian Jaquet.<\/p>\n<hr>\n<h3>Lire aussi:\u00a0<a href=\"http:\/\/www.aps.dz\/sport\/87749-tennis-tournoi-international-j2-cap-d-ail-l-algerien-rihane-admis-dans-le-tableau-final\" target=\"_blank\" rel=\"noopener noreferrer\">Tennis\/Tournoi international J2 Cap-d&rsquo;Ail: l&rsquo;Alg\u00e9rien Rihane admis dans le tableau final\u00a0<\/a><\/h3>\n<hr>\n<p>De Grade 2, ce tournoi international qui se d\u00e9roule sur les courts en terre battue du Tennis club Cap-d&rsquo;Ail, a drain\u00e9 la participation de plusieurs joueurs figurant dans le Top 50 mondial de la cat\u00e9gorie \u00ab\u00a0juniors\u00a0\u00bb, notamment, le Canadien Taha Baadi (40e) et l&rsquo;Italien Flavio Cobolli (48e).<\/p>\n<\/div>\n<p><img loading=\"lazy\" decoding=\"async\" src=\"http:\/\/feeds.feedburner.com\/~r\/aps-sport\/~4\/YkH-SIcv0hg\" height=\"1\" width=\"1\" alt=\"\"><\/div>\n<p>Auteur:<br \/>\n<a href=\"http:\/\/www.aps.dz\/sport\/87975-tournoi-international-cap-d-ail-youcef-rihane-accede-au-dernier-carre?utm_source=feedburner&#038;utm_medium=feed&#038;utm_campaign=Feed%3A+aps-sport+%28APS+-+SPORT%29\">Cliquez ici pour lire l&rsquo;article depuis sa source.<\/a><\/p>\n","protected":false},"excerpt":{"rendered":"<p>PARIS &#8211; Le tennisman alg\u00e9rien Youcef Rihane s&rsquo;est qualifi\u00e9 jeudi aux demi-finales du Tournoi international juniors de Cap-d&rsquo;Ail, qui se d\u00e9roule du 7 au 14 avril dans les Alpes-Maritimes (France), en s&rsquo;imposant devant la t\u00eate de s\u00e9rie N.3 l&rsquo;Italien Flavio Cobolli en deux sets (6-0,7-5). En demi-finale, pr\u00e9vue vendredi, Rihane d\u00e9fiera le Fran\u00e7ais Kyrian Jaquet. [&hellip;]<\/p>\n","protected":false},"author":1790,"featured_media":27246,"comment_status":"closed","ping_status":"closed","sticky":false,"template":"","format":"standard","meta":{"fifu_image_url":"","fifu_image_alt":"","footnotes":""},"categories":[53,75],"tags":[],"class_list":["post-27245","post","type-post","status-publish","format-standard","has-post-thumbnail","hentry","category-algerie","category-sport"],"_links":{"self":[{"href":"https:\/\/linitiative.ca\/International\/wp-json\/wp\/v2\/posts\/27245","targetHints":{"allow":["GET"]}}],"collection":[{"href":"https:\/\/linitiative.ca\/International\/wp-json\/wp\/v2\/posts"}],"about":[{"href":"https:\/\/linitiative.ca\/International\/wp-json\/wp\/v2\/types\/post"}],"author":[{"embeddable":true,"href":"https:\/\/linitiative.ca\/International\/wp-json\/wp\/v2\/users\/1790"}],"replies":[{"embeddable":true,"href":"https:\/\/linitiative.ca\/International\/wp-json\/wp\/v2\/comments?post=27245"}],"version-history":[{"count":0,"href":"https:\/\/linitiative.ca\/International\/wp-json\/wp\/v2\/posts\/27245\/revisions"}],"wp:featuredmedia":[{"embeddable":true,"href":"https:\/\/linitiative.ca\/International\/wp-json\/"}],"wp:attachment":[{"href":"https:\/\/linitiative.ca\/International\/wp-json\/wp\/v2\/media?parent=27245"}],"wp:term":[{"taxonomy":"category","embeddable":true,"href":"https:\/\/linitiative.ca\/International\/wp-json\/wp\/v2\/categories?post=27245"},{"taxonomy":"post_tag","embeddable":true,"href":"https:\/\/linitiative.ca\/International\/wp-json\/wp\/v2\/tags?post=27245"}],"curies":[{"name":"wp","href":"https:\/\/api.w.org\/{rel}","templated":true}]}}