{"id":27249,"date":"2019-04-11T05:00:52","date_gmt":"2019-04-11T09:00:52","guid":{"rendered":"https:\/\/linitiative.ca\/International\/sidi-bel-abbes-regain-de-la-contestation-face-au-mutisme-des-pouvoirs-publics\/"},"modified":"2019-04-11T05:00:52","modified_gmt":"2019-04-11T09:00:52","slug":"sidi-bel-abbes-regain-de-la-contestation-face-au-mutisme-des-pouvoirs-publics","status":"publish","type":"post","link":"https:\/\/linitiative.ca\/International\/sidi-bel-abbes-regain-de-la-contestation-face-au-mutisme-des-pouvoirs-publics\/","title":{"rendered":"Sidi Bel Abb\u00e8s : Regain de la contestation face au mutisme des pouvoirs publics"},"content":{"rendered":"<h4 class=\"title-14\"\/>\n<div class=\"featured_image\"><img width=\"800\" height=\"552\" data-cfsrc=\"https:\/\/www.elwatan.com\/wp-content\/uploads\/2019\/04\/SBA.gif\" class=\"attachment-post-thumbnail size-post-thumbnail wp-post-image c1\" alt=\"\"\/><noscript><\/p>\n<p><img loading=\"lazy\" decoding=\"async\" width=\"800\" height=\"552\" src=\"https:\/\/www.elwatan.com\/wp-content\/uploads\/2019\/04\/SBA.gif\" class=\"attachment-post-thumbnail size-post-thumbnail wp-post-image\" alt=\"\"\/><\/p>\n<p><\/noscript><\/div>\n<p class=\"p4\"><span class=\"s4\">Les mouvements de contestation ont connu un tr\u00e8s fort regain en ce d\u00e9but de semaine \u00e0 Sidi Bel Abb\u00e8s, \u00e0 la faveur de la mobilisation citoyenne que conna\u00eet le pays depuis le 22 f\u00e9vrier.<\/span><\/p>\n<p class=\"p4\"><span class=\"s5\"><strong>R<\/strong><\/span><span class=\"s4\">assemblement des agents contractuels de la commune du chef-lieu de la wilaya, fermeture des si\u00e8ges d\u2019APC, sit-in des demandeurs de logements, marasme au sein des administrations, d\u00e9nonciation des actes de corruption et de spoliation du foncier industriel\u2026 Les mouvements de contestation ont connu un tr\u00e8s fort regain en ce d\u00e9but de semaine \u00e0 Sidi Bel Abb\u00e8s, \u00e0 la faveur de la mobilisation citoyenne que conna\u00eet le pays depuis le 22 f\u00e9vrier.<\/span><\/p>\n<p class=\"p4\"><span class=\"s4\">Fortement p\u00e9nalis\u00e9s par une d\u00e9t\u00e9rioration accrue de leur pouvoir d\u2019achat et l\u2019insignifiance de leurs salaires (8000 dinars par mois), les contractuels \u00e0 temps partiel de l\u2019administration ont cri\u00e9, haut et fort, dimanche, leur d\u00e9sarroi devant le si\u00e8ge de la wilaya. Ils r\u00e9clament, l\u00e9gitiment, une r\u00e9vision de leur statut professionnel et <em>\u00abplus de transparence dans l\u2019organisation des concours de recrutement aux emplois permanents\u00bb<\/em>, explique une employ\u00e9e de l\u2019APC, recrut\u00e9e il une dizaine d\u2019ann\u00e9es dans le cadre du diapositif de l\u2019ANEM.<\/span><\/p>\n<p class=\"p4\"><span class=\"s4\">Le statut pr\u00e9caire des contractuels et les conditions de travail discriminatoires auxquels ils sont soumis r\u00e9v\u00e8lent, on ne peut mieux, toute l\u2019injustice qui frappe cette cat\u00e9gorie de salari\u00e9s. Avant eux, les contractuels du Centre hospitalo-universitaire Hassani Abdelakder ont, en fin de semaine derni\u00e8re, observ\u00e9 un sit-in \u00e0 l\u2019entr\u00e9e de cet \u00e9tablissement pour revendiquer la r\u00e9gularisation de leur situation.<\/span><\/p>\n<p class=\"p4\"><span class=\"s4\">Dans les diff\u00e9rentes communes de la wilaya, des mouvements de protestation sont men\u00e9s presque quotidiennement pour d\u00e9noncer la corruption, le despotisme et la gabegie au sein des Assembl\u00e9es populaires communales (APC). Des actions spectaculaires de fermeture des si\u00e8ges d\u2019APC ont m\u00eame eu lieu. Malgr\u00e9 un discours officiel glorifiant les <em>\u00abinjazate\u00bb<\/em> (r\u00e9alisations) de ces deux derni\u00e8res d\u00e9cennies, les populations des communes et hameaux d\u00e9sh\u00e9rit\u00e9s de la wilaya ne d\u00e9col\u00e8rent pas face \u00e0 l\u2019insuffisance criante des commodit\u00e9s de la vie quotidienne (routes, eau potable, r\u00e9seaux d\u2019assainissement, transport, etc.) et \u00e0 l\u2019accroissement du ch\u00f4mage.<\/span><\/p>\n<p class=\"p4\"><span class=\"s4\">Dans ces localit\u00e9s, les surco\u00fbts de projets douteux et la mainmise de r\u00e9seaux de pr\u00e9dation dop\u00e9s par la commande publique reviennent en surface. Des citoyens exhortent, d\u2019ailleurs, la justice \u00e0 ouvrir des enqu\u00eates approfondies et impartiales sur les projets relevant des secteurs de l\u2019hydraulique, du logement et de l\u2019am\u00e9nagement urbain. Dans le secteur du logement, les souscripteurs de programmes LPA et ex-LSP n\u2019h\u00e9sitent pas \u00e0 \u00e9voquer le diktat de certains promoteurs qui font fi de toutes les lois.<\/span><\/p>\n<p class=\"p4\"><span class=\"s4\"><em>\u00abLa col\u00e8re de la population n\u2019est pas pr\u00e8s de baisser tant que des promoteurs continueront \u00e0 racketter d\u2019honn\u00eates citoyens avec la complicit\u00e9 de segments entiers de l\u2019administration\u00bb<\/em>, assurent des souscripteurs qui attendent, depuis plus de dix ans, les cl\u00e9s de leurs logements. Et l\u00e0 encore, malgr\u00e9 un nombre incalculable d\u2019actions de protestation, les promesses et engagements (jamais respect\u00e9s) ne font plus recette.<\/span><\/p>\n<p class=\"p4\"><span class=\"s4\">D\u2019ailleurs, depuis plus d\u2019un mois et demi, les d\u00e9clarations des responsables locaux se font rares, sinon \u00e9vasives, face \u00e0 des attentes l\u00e9gitimes que la population traduit chaque vendredi dans la rue. Outre ces attentes, beaucoup de questions ressurgissent sur les actes de gestion d\u2019anciens walis soup\u00e7onn\u00e9s d\u2019avoir brad\u00e9 le foncier industriel et conc\u00e9d\u00e9 des actifs d\u2019anciennes soci\u00e9t\u00e9s publiques \u00e0 des <em>\u00abaffairistes\u00bb<\/em>, et ce, dans des conditions tr\u00e8s suspectes.<\/span><\/p>\n<p class=\"p4\"><span class=\"s4\">On \u00e9voque ainsi la concession du parc de l\u2019ex-Entreprise publique de transport de voyageurs (EPTVO), les attributions d\u2019assiettes fonci\u00e8res dans le cadre du Calpiref, le d\u00e9tournement d\u2019espaces verts pour la r\u00e9alisation de projets immobiliers, les surco\u00fbts exorbitants de certains \u00e9quipements publics. Autant de dossiers que devrait prendre fermement en main la justice, loin de toute surench\u00e8re, et ce, en conformit\u00e9 avec le v\u0153u exprim\u00e9 par la population, descendue massivement dans la rue.<\/span><\/p>\n<div class=\"yuzo_related_post style-1\" data-version=\"5.12.88\">\n<p><h3>Related Post<\/h3>\n<\/p>\n<div class=\"yuzo_wraps\">\n<div class=\"relatedthumb relatedpost-564133 c11\"><a href=\"https:\/\/www.elwatan.com\/edition\/actualite\/rassemblement-des-handicapes-a-la-grande-poste-nous-aussi-nous-voulons-nous-soigner-en-suisse-16-03-2019\"\/><\/p>\n<p><span class=\"yuzo__text--title c10\">Rassemblement des handicap\u00e9s \u00e0 la Grande-Poste : \u00ab&#8230;<\/span><\/div>\n<div class=\"relatedthumb relatedpost-562379 c11\"><a href=\"https:\/\/www.elwatan.com\/edition\/culture\/memoire-et-souvenirs-07-03-2019\"\/><\/p>\n<p><span class=\"yuzo__text--title c10\">M\u00e9moire et souvenirs<\/span><\/div>\n<div class=\"relatedthumb relatedpost-198898 c11\"><a href=\"https:\/\/www.elwatan.com\/edition\/actualite\/on-vous-le-dit-272-01-12-2018\"\/><\/p>\n<p><span class=\"yuzo__text--title c10\">On vous le dit<\/span><\/div>\n<\/div>\n<\/div>\n<p><span class=\"post-views-label\">Post Views:<\/span> <span class=\"post-views-count\">121<\/span><\/p>\n<p>Auteur: Anis Khecheba<br \/>\n<a href=\"https:\/\/www.elwatan.com\/regions\/ouest\/bel-abes\/sidi-bel-abbes-regain-de-la-contestation-face-au-mutisme-des-pouvoirs-publics-11-04-2019\">Cliquez ici pour lire l&rsquo;article depuis sa source.<\/a><\/p>\n","protected":false},"excerpt":{"rendered":"<p>Les mouvements de contestation ont connu un tr\u00e8s fort regain en ce d\u00e9but de semaine \u00e0 Sidi Bel Abb\u00e8s, \u00e0 la faveur de la mobilisation citoyenne que conna\u00eet le pays depuis le 22 f\u00e9vrier. Rassemblement des agents contractuels de la commune du chef-lieu de la wilaya, fermeture des si\u00e8ges d\u2019APC, sit-in des demandeurs de logements, [&hellip;]<\/p>\n","protected":false},"author":1743,"featured_media":27250,"comment_status":"closed","ping_status":"closed","sticky":false,"template":"","format":"standard","meta":{"fifu_image_url":"","fifu_image_alt":"","footnotes":""},"categories":[73,53],"tags":[],"class_list":["post-27249","post","type-post","status-publish","format-standard","has-post-thumbnail","hentry","category-actualite","category-algerie"],"_links":{"self":[{"href":"https:\/\/linitiative.ca\/International\/wp-json\/wp\/v2\/posts\/27249","targetHints":{"allow":["GET"]}}],"collection":[{"href":"https:\/\/linitiative.ca\/International\/wp-json\/wp\/v2\/posts"}],"about":[{"href":"https:\/\/linitiative.ca\/International\/wp-json\/wp\/v2\/types\/post"}],"author":[{"embeddable":true,"href":"https:\/\/linitiative.ca\/International\/wp-json\/wp\/v2\/users\/1743"}],"replies":[{"embeddable":true,"href":"https:\/\/linitiative.ca\/International\/wp-json\/wp\/v2\/comments?post=27249"}],"version-history":[{"count":0,"href":"https:\/\/linitiative.ca\/International\/wp-json\/wp\/v2\/posts\/27249\/revisions"}],"wp:featuredmedia":[{"embeddable":true,"href":"https:\/\/linitiative.ca\/International\/wp-json\/"}],"wp:attachment":[{"href":"https:\/\/linitiative.ca\/International\/wp-json\/wp\/v2\/media?parent=27249"}],"wp:term":[{"taxonomy":"category","embeddable":true,"href":"https:\/\/linitiative.ca\/International\/wp-json\/wp\/v2\/categories?post=27249"},{"taxonomy":"post_tag","embeddable":true,"href":"https:\/\/linitiative.ca\/International\/wp-json\/wp\/v2\/tags?post=27249"}],"curies":[{"name":"wp","href":"https:\/\/api.w.org\/{rel}","templated":true}]}}