{"id":27251,"date":"2019-04-11T05:08:06","date_gmt":"2019-04-11T09:08:06","guid":{"rendered":"https:\/\/linitiative.ca\/International\/le-rcd-son-discours-vise-a-proteger-un-regime-corrompu\/"},"modified":"2019-04-11T05:08:06","modified_gmt":"2019-04-11T09:08:06","slug":"le-rcd-son-discours-vise-a-proteger-un-regime-corrompu","status":"publish","type":"post","link":"https:\/\/linitiative.ca\/International\/le-rcd-son-discours-vise-a-proteger-un-regime-corrompu\/","title":{"rendered":"Le RCD : \u00abSon discours vise \u00e0 prot\u00e9ger un r\u00e9gime corrompu\u00bb"},"content":{"rendered":"<h4 class=\"title-14\"\/>\n<p>Le chef d\u2019\u00e9tat-major, Ahmed Ga\u00efd Salah, qui a promis de veiller sur la transition, a mis en garde contre des \u00abtentatives de la part de certaines parties \u00e9trang\u00e8res\u00bb de \u00abd\u00e9stabiliser le pays\u00bb, sans les nommer.<\/p>\n<p>Ses d\u00e9clarations ont \u00e9t\u00e9 vivement critiqu\u00e9es par l\u2019opposition. Le RCD, par la voix de son charg\u00e9 de la communication, a d\u00e9nonc\u00e9 le manque d\u2019audace d\u2019Ahmed Ga\u00efd Salah. \u00abGa\u00efd Salah, qui s\u2019est exprim\u00e9 en tant que chef d\u2019Etat et non pas comme un chef d\u2019\u00e9tat-major, est incapable de mentionner les noms des agents de l\u2019\u00e9tranger. Qui sont-ils\u00a0?\u00bb a \u00e9crit Yacine Aissiouane, dans un post sur Facebook.<\/p>\n<p>Et d\u2019ajouter sur un ton interrogatif\u00a0: \u00abIl a parl\u00e9 du clan, mais n\u2019a pas mentionn\u00e9 de noms. Il a brandi la main de l\u2019\u00e9tranger sans fournir de noms. O\u00f9 est le courage dans ses propos\u00a0? Est-il vrai que c\u2019est un militaire ? Celui qui manque d\u2019audace \u00e0 nommer les choses est-il capable de prot\u00e9ger le pays\u00a0? Son discours creux ne vise-t-il pas \u00e0 induire en erreur l\u2019opinion publique et terroriser le peuple afin de pr\u00e9server un r\u00e9gime corrompu\u00a0?\u00bb<\/p>\n<p>De son c\u00f4t\u00e9, le Collectif alg\u00e9rien pour la IIe R\u00e9publique consid\u00e8re globalement que \u00abl\u2019intervention de l\u2019arm\u00e9e est dans l\u2019optique d\u2019assurer la continuit\u00e9 du r\u00e9gime, \u00e9galement inquiets du risque de voir s\u2019instaurer une dictature militaire qui renforcerait les violences et l\u2019autoritarisme. Ceci repr\u00e9senterait clairement une v\u00e9ritable r\u00e9gression du combat d\u00e9mocratique\u00bb.<\/p>\n<p>Face \u00e0 la gravit\u00e9 de la situation, le collectif a demand\u00e9 aux \u00abautorit\u00e9s militaires de se conformer aux pr\u00e9rogatives qui leur sont assign\u00e9es, d\u2019abord par l\u2019\u00e9thique et la morale de leur institution, \u00e0 savoir la d\u00e9fense du territoire et la s\u00e9curit\u00e9 des citoyens\u00bb, et exhort\u00e9\u00a0\u00ab\u00a0les force de s\u00e9curit\u00e9 de respecter le droit constitutionnel et humain des citoyens alg\u00e9rien de rassemblement et de manifestation\u00bb.<\/p>\n<p>\u00abToute violence venant des forces de l\u2019ordre peut mettre en p\u00e9ril la stabilit\u00e9 g\u00e9n\u00e9rale du pays et tout processus de transition et leur fait porter la responsabilit\u00e9 de tout d\u00e9rapage\u00bb, a soulign\u00e9 le collectif, tout en appelant les \u00ab\u00a0Alg\u00e9riens \u00e0 continuer la R\u00e9volution du sourire dans le calme, la s\u00e9r\u00e9nit\u00e9 et la fraternit\u00e9\u00bb.<\/p>\n<div class=\"yuzo_related_post style-1\" data-version=\"5.12.88\">\n<p><h3>Related Post<\/h3>\n<\/p>\n<div class=\"yuzo_wraps\">\n<div class=\"relatedthumb relatedpost-554711 c11\"><a href=\"https:\/\/www.elwatan.com\/edition\/sports\/caf-abid-charef-sera-t-il-rehabilite-23-01-2019\"\/><\/p>\n<p><span class=\"yuzo__text--title c10\">CAF :\u00a0Abid-Charef sera-t-il r\u00e9habilit\u00e9 ?<\/span><\/div>\n<div class=\"relatedthumb relatedpost-286338 c11\"><a href=\"https:\/\/www.elwatan.com\/edition\/actualite\/dans-le-cadre-de-la-reconciliation-nationale-selon-mohamed-aissa-08-12-2018\"\/><\/p>\n<p><span class=\"yuzo__text--title c10\">\u00abDans le cadre de la r\u00e9conciliation nationale\u00bb, se&#8230;<\/span><\/div>\n<div class=\"relatedthumb relatedpost-558703 c11\"><a href=\"https:\/\/www.elwatan.com\/pages-hebdo\/multimedia\/condor-l3-smart-concentre-de-design-et-de-performance-17-02-2019\"\/><\/p>\n<p><span class=\"yuzo__text--title c10\">CONDOR L3 SMART : Concentr\u00e9 de design et de perfor&#8230;<\/span><\/div>\n<div class=\"relatedthumb relatedpost-329962 c11\"><a href=\"https:\/\/www.elwatan.com\/edition\/sports\/les-constantinois-motives-13-12-2018\"\/><\/p>\n<p><span class=\"yuzo__text--title c10\">Les Constantinois motiv\u00e9s<\/span><\/div>\n<\/div>\n<\/div>\n<p><span class=\"post-views-label\">Post Views:<\/span> <span class=\"post-views-count\">1\u00a0154<\/span><\/p>\n<p>Auteur: Hicham Chouadria<br \/>\n<a href=\"https:\/\/www.elwatan.com\/edition\/actualite\/le-rcd-son-discours-vise-a-proteger-un-regime-corrompu-11-04-2019\">Cliquez ici pour lire l&rsquo;article depuis sa source.<\/a><\/p>\n","protected":false},"excerpt":{"rendered":"<p>Le chef d\u2019\u00e9tat-major, Ahmed Ga\u00efd Salah, qui a promis de veiller sur la transition, a mis en garde contre des \u00abtentatives de la part de certaines parties \u00e9trang\u00e8res\u00bb de \u00abd\u00e9stabiliser le pays\u00bb, sans les nommer. Ses d\u00e9clarations ont \u00e9t\u00e9 vivement critiqu\u00e9es par l\u2019opposition. Le RCD, par la voix de son charg\u00e9 de la communication, a [&hellip;]<\/p>\n","protected":false},"author":1743,"featured_media":0,"comment_status":"closed","ping_status":"closed","sticky":false,"template":"","format":"standard","meta":{"fifu_image_url":"","fifu_image_alt":"","footnotes":""},"categories":[73,53],"tags":[],"class_list":["post-27251","post","type-post","status-publish","format-standard","hentry","category-actualite","category-algerie"],"_links":{"self":[{"href":"https:\/\/linitiative.ca\/International\/wp-json\/wp\/v2\/posts\/27251","targetHints":{"allow":["GET"]}}],"collection":[{"href":"https:\/\/linitiative.ca\/International\/wp-json\/wp\/v2\/posts"}],"about":[{"href":"https:\/\/linitiative.ca\/International\/wp-json\/wp\/v2\/types\/post"}],"author":[{"embeddable":true,"href":"https:\/\/linitiative.ca\/International\/wp-json\/wp\/v2\/users\/1743"}],"replies":[{"embeddable":true,"href":"https:\/\/linitiative.ca\/International\/wp-json\/wp\/v2\/comments?post=27251"}],"version-history":[{"count":0,"href":"https:\/\/linitiative.ca\/International\/wp-json\/wp\/v2\/posts\/27251\/revisions"}],"wp:attachment":[{"href":"https:\/\/linitiative.ca\/International\/wp-json\/wp\/v2\/media?parent=27251"}],"wp:term":[{"taxonomy":"category","embeddable":true,"href":"https:\/\/linitiative.ca\/International\/wp-json\/wp\/v2\/categories?post=27251"},{"taxonomy":"post_tag","embeddable":true,"href":"https:\/\/linitiative.ca\/International\/wp-json\/wp\/v2\/tags?post=27251"}],"curies":[{"name":"wp","href":"https:\/\/api.w.org\/{rel}","templated":true}]}}