{"id":27252,"date":"2019-04-11T05:10:00","date_gmt":"2019-04-11T09:10:00","guid":{"rendered":"https:\/\/linitiative.ca\/International\/droit-dans-le-mur\/"},"modified":"2019-04-11T05:10:00","modified_gmt":"2019-04-11T09:10:00","slug":"droit-dans-le-mur","status":"publish","type":"post","link":"https:\/\/linitiative.ca\/International\/droit-dans-le-mur\/","title":{"rendered":"Droit dans le mur"},"content":{"rendered":"<h4 class=\"title-14\"\/>\n<p>Les mots utilis\u00e9s hier par le chef d\u2019\u00e9tat-major sont d\u2019une grande gravit\u00e9. C\u2019est aussi clair que l\u2019eau de roche, Ahmed Ga\u00efd Salah a us\u00e9 d\u2019un discours qui ferme la porte \u00e0 toute \u00e9volution de la situation politique dans le pays.<\/p>\n<p>Il ne fait moins que de jeter l\u2019opprobre sur les revendications port\u00e9es par les Alg\u00e9riens dans les plus lointaines et recul\u00e9es contr\u00e9es d\u2019Alg\u00e9rie, \u00e0 savoir l\u2019\u00e9loignement des figures embl\u00e9matiques du syst\u00e8me mis en place par Abdelaziz Bouteflika, de la gestion de la p\u00e9riode de transition.<\/p>\n<p>Il accuse \u00abcertaines parties \u00e9trang\u00e8res, partant de leurs ant\u00e9c\u00e9dents historiques avec notre pays\u00bb, donc la France, qui poussent \u00abcertains individus au-devant de la sc\u00e8ne actuelle en les imposant comme repr\u00e9sentants du peuple en vue de conduire la phase de transition afin de mettre \u00e0 ex\u00e9cution leurs desseins visant \u00e0 d\u00e9stabiliser le pays et semer la discorde entre les enfants du peuple \u00e0 travers des slogans irr\u00e9alisables\u00bb.<\/p>\n<p>Partant d\u2019un tel argument, n\u2019ayant aucune prise avec la r\u00e9alit\u00e9 que les Alg\u00e9riens pourraient bien choisir des repr\u00e9sentants manipul\u00e9s par la France, poussant la rue \u00e0 souscrire \u00e0 des revendications impossibles et visant \u00ab\u00e0 mener le pays vers un vide constitutionnel et d\u00e9truire les institutions de l\u2019Etat\u00bb, le chef de l\u2019arm\u00e9e ferme d\u00e9finitivement la porte \u00e0 la d\u00e9mission du chef de l\u2019Etat par int\u00e9rim, Abdelkader Bensalah, du Premier ministre, Noureddine Bedoui, et du pr\u00e9sident du Conseil constitutionnel, Tayeb Bela\u00efz, r\u00e9clam\u00e9e avec insistance par les Alg\u00e9riens qui sont encore sortis hier massivement pour dire leur rejet de la feuille de route qui est mise en \u0153uvre contre leur gr\u00e9.<\/p>\n<p>Le chef d\u2019\u00e9tat-major aurait pu d\u00e9velopper d\u2019autres arguments pour d\u00e9fendre son propre agenda, car comment peut-on penser que les millions d\u2019Alg\u00e9riens, qui revendiquent l\u00e9gitimement le changement d\u2019un syst\u00e8me qui a sem\u00e9 la gabegie et la d\u00e9solation dans le pays, peuvent \u00eatre aussi incr\u00e9dules pour tol\u00e9rer des repr\u00e9sentants qui font le jeu d\u2019une puissance \u00e9trang\u00e8re ?<\/p>\n<p>Mais tenons-nous en uniquement au chapitre des \u00abslogans irr\u00e9alisables\u00bb qu\u2019\u00e9voque le vice-ministre de la D\u00e9fense.<\/p>\n<p>Pense-t-il qu\u2019une \u00e9lection pr\u00e9sidentielle est r\u00e9alisable dans trois mois par un chef d\u2019Etat rejet\u00e9 massivement par les Alg\u00e9riens\u00a0? Le risque n\u2019est-il pas plut\u00f4t dans l\u2019ent\u00eatement \u00e0 imposer une feuille de route qui ne fait pas consensus que dans la recherche d\u2019une solution approuv\u00e9e par les Alg\u00e9riens, et tous les acteurs de la vie politique\u00a0? Il est, sans l\u2019ombre d\u2019un doute, difficile d\u2019imaginer une \u00e9lection pr\u00e9sidentielle tenue dans les normes voulues par les Alg\u00e9riens dans un contexte aussi tendu, voire insurrectionnel.<\/p>\n<p>Le rejet dont font l\u2019objet tous les symboles du r\u00e9gime mis en place par l\u2019ex-pr\u00e9sident Abdelaziz Bouteflika rend en effet impossible et irr\u00e9alisable tout consensus. ce n\u2019est pas un caprice passager, mais une lame de fond d\u2019une soci\u00e9t\u00e9 qui aspire au progr\u00e8s, \u00e0 la d\u00e9mocratie et \u00e0 la libert\u00e9.<\/p>\n<p>Les Alg\u00e9riens ne veulent rien d\u2019autre que de se donner les moyens et les instruments d\u2019une gouvernance saine pour remettre l\u2019Alg\u00e9rie sur les rails du d\u00e9veloppement. Ils le revendiquent avec leurs tripes. La feuille de route enclench\u00e9e avec l\u2019intronisation de Abdelkader Bensalah depuis avant-hier ne peut avoir un autre sort que celui de conduire le pays dans l\u2019impasse.<\/p>\n<div class=\"yuzo_related_post style-1\" data-version=\"5.12.88\">\n<p><h3>Related Post<\/h3>\n<\/p>\n<div class=\"yuzo_wraps\">\n<div class=\"relatedthumb relatedpost-325447 c11\"><a href=\"https:\/\/www.elwatan.com\/regions\/ouest\/oran\/culture-une-exposition-collective-dartistes-peintres-12-12-2018\"\/><\/p>\n<p><span class=\"yuzo__text--title c10\">Culture :\u00a0Une exposition collective d\u2019artistes-pei&#8230;<\/span><\/div>\n<div class=\"relatedthumb relatedpost-375769 c11\"><a href=\"https:\/\/www.elwatan.com\/edition\/sports\/cinq-pays-representes-par-deux-clubs-25-12-2018\"\/><\/p>\n<p><span class=\"yuzo__text--title c10\">Cinq pays repr\u00e9sent\u00e9s par deux clubs<\/span><\/div>\n<div class=\"relatedthumb relatedpost-565017 c11\"><a href=\"https:\/\/www.elwatan.com\/edition\/actualite\/femmes-algeriennes-pour-un-changement-vers-legalite-21-03-2019\"\/><\/p>\n<p><span class=\"yuzo__text--title c10\">Femmes alg\u00e9riennes pour un changement vers l\u2019\u00e9gali&#8230;<\/span><\/div>\n<div class=\"relatedthumb relatedpost-485539 c11\"><a href=\"https:\/\/www.elwatan.com\/edition\/sports\/jsm-bejaia-la-direction-en-colere-contre-bououkaz-06-01-2019\"\/><\/p>\n<p><span class=\"yuzo__text--title c10\">JSM B\u00e9ja\u00efa : La direction en col\u00e8re contre Bououka&#8230;<\/span><\/div>\n<\/div>\n<\/div>\n<p><span class=\"post-views-label\">Post Views:<\/span> <span class=\"post-views-count\">1\u00a0895<\/span><\/p>\n<p>Auteur: Hicham Chouadria<br \/>\n<a href=\"https:\/\/www.elwatan.com\/edition\/actualite\/droit-dans-le-mur-3-11-04-2019\">Cliquez ici pour lire l&rsquo;article depuis sa source.<\/a><\/p>\n","protected":false},"excerpt":{"rendered":"<p>Les mots utilis\u00e9s hier par le chef d\u2019\u00e9tat-major sont d\u2019une grande gravit\u00e9. C\u2019est aussi clair que l\u2019eau de roche, Ahmed Ga\u00efd Salah a us\u00e9 d\u2019un discours qui ferme la porte \u00e0 toute \u00e9volution de la situation politique dans le pays. Il ne fait moins que de jeter l\u2019opprobre sur les revendications port\u00e9es par les Alg\u00e9riens [&hellip;]<\/p>\n","protected":false},"author":1743,"featured_media":0,"comment_status":"closed","ping_status":"closed","sticky":false,"template":"","format":"standard","meta":{"fifu_image_url":"","fifu_image_alt":"","footnotes":""},"categories":[73,53],"tags":[],"class_list":["post-27252","post","type-post","status-publish","format-standard","hentry","category-actualite","category-algerie"],"_links":{"self":[{"href":"https:\/\/linitiative.ca\/International\/wp-json\/wp\/v2\/posts\/27252","targetHints":{"allow":["GET"]}}],"collection":[{"href":"https:\/\/linitiative.ca\/International\/wp-json\/wp\/v2\/posts"}],"about":[{"href":"https:\/\/linitiative.ca\/International\/wp-json\/wp\/v2\/types\/post"}],"author":[{"embeddable":true,"href":"https:\/\/linitiative.ca\/International\/wp-json\/wp\/v2\/users\/1743"}],"replies":[{"embeddable":true,"href":"https:\/\/linitiative.ca\/International\/wp-json\/wp\/v2\/comments?post=27252"}],"version-history":[{"count":0,"href":"https:\/\/linitiative.ca\/International\/wp-json\/wp\/v2\/posts\/27252\/revisions"}],"wp:attachment":[{"href":"https:\/\/linitiative.ca\/International\/wp-json\/wp\/v2\/media?parent=27252"}],"wp:term":[{"taxonomy":"category","embeddable":true,"href":"https:\/\/linitiative.ca\/International\/wp-json\/wp\/v2\/categories?post=27252"},{"taxonomy":"post_tag","embeddable":true,"href":"https:\/\/linitiative.ca\/International\/wp-json\/wp\/v2\/tags?post=27252"}],"curies":[{"name":"wp","href":"https:\/\/api.w.org\/{rel}","templated":true}]}}