{"id":27253,"date":"2019-04-11T05:12:26","date_gmt":"2019-04-11T09:12:26","guid":{"rendered":"https:\/\/linitiative.ca\/International\/il-accuse-des-parties-etrangeres-davoir-infiltre-le-hirak-les-menaces-dahmed-gaid-salah-contre-la-rue\/"},"modified":"2019-04-11T05:12:26","modified_gmt":"2019-04-11T09:12:26","slug":"il-accuse-des-parties-etrangeres-davoir-infiltre-le-hirak-les-menaces-dahmed-gaid-salah-contre-la-rue","status":"publish","type":"post","link":"https:\/\/linitiative.ca\/International\/il-accuse-des-parties-etrangeres-davoir-infiltre-le-hirak-les-menaces-dahmed-gaid-salah-contre-la-rue\/","title":{"rendered":"Il accuse des parties \u00e9trang\u00e8res d\u2019avoir infiltr\u00e9 le hirak : Les menaces d\u2019Ahmed Ga\u00efd Salah contre la rue"},"content":{"rendered":"<h4 class=\"title-14\"\/>\n<div class=\"featured_image\"><img width=\"800\" height=\"534\" data-cfsrc=\"https:\/\/www.elwatan.com\/wp-content\/uploads\/2019\/04\/Gaid-col-mdn-e1554941795708.jpg\" class=\"attachment-post-thumbnail size-post-thumbnail wp-post-image c1\" alt=\"\"\/><noscript><\/p>\n<p><img loading=\"lazy\" decoding=\"async\" width=\"800\" height=\"534\" src=\"https:\/\/www.elwatan.com\/wp-content\/uploads\/2019\/04\/Gaid-col-mdn-e1554941795708.jpg\" class=\"attachment-post-thumbnail size-post-thumbnail wp-post-image\" alt=\"\"\/><\/p>\n<p><\/noscript> <span class=\"featured-image-caption\">Le chef d\u2019\u00e9tat-major Ahmed Ga\u00efd Salah (photo : MDN)<\/span><\/div>\n<p>Attendu depuis deux jours, le chef d\u2019\u00e9tat-major de l\u2019ANP a parl\u00e9 hier au troisi\u00e8me jour de sa visite dans la 2e R\u00e9gion militaire. Le g\u00e9n\u00e9ral de corps d\u2019arm\u00e9e Ahmed Ga\u00efd Salah n\u2019a pas livr\u00e9 un message \u00e0 la hauteur des attentes du peuple alg\u00e9rien, qui aspire \u00e0 un changement r\u00e9el.<\/p>\n<p>Le chef d\u2019\u00e9tat-major de l\u2019ANP, qui s\u2019est engag\u00e9 dans ses trois derniers discours \u00e0 \u00eatre en phase avec le peuple, renoue avec son langage belliqueux, mena\u00e7ant et provocant d\u2019avant le hirak, brandissant \u00e0 nouveau la fameuse main \u00e9trang\u00e8re qui serait donc derri\u00e8re toute cette mobilisation citoyenne pacifique pour le changement du syst\u00e8me politique.<\/p>\n<p>Il accuse des parties \u00e9trang\u00e8res, qu\u2019il ne nomme pas, d\u2019avoir infiltr\u00e9 le mouvement populaire et d\u2019avoir donc \u00e9t\u00e9 derri\u00e8re l\u2019exigence du d\u00e9part de tous les symboles du syst\u00e8me Bouteflika.<\/p>\n<p><strong>\u00abSlogan irr\u00e9alisable\u00bb<\/strong><\/p>\n<p>\u00abAvec le d\u00e9but de cette nouvelle phase et la poursuite des marches, nous avons d\u00e9plor\u00e9 l\u2019apparition de tentatives de la part de certaines parties \u00e9trang\u00e8res, partant de leurs ant\u00e9c\u00e9dents historiques avec notre pays, poussant certains individus au-devant de la sc\u00e8ne actuelle, en les imposant comme repr\u00e9sentants du peuple en vue de conduire la phase de transition, afin de mettre en ex\u00e9cution leurs desseins visant \u00e0 d\u00e9stabiliser le pays et semer la discorde entre les enfants du peuple, \u00e0 travers des slogans irr\u00e9alisables visant \u00e0 mener le pays vers un vide constitutionnel et d\u00e9truire les institutions de l\u2019Etat\u00bb, a soulign\u00e9 Ahmed Ga\u00efd Salah, qui ne veut plus entendre parler de transition, une revendication de la rue mais aussi de la classe politique.<\/p>\n<p>Mais dire que les Alg\u00e9riens se font manipuler par des parties \u00e9trang\u00e8res, c\u2019est tout au moins insulter l\u2019intelligence de ce peuple qui manifeste pacifiquement et civiquement depuis maintenant deux mois pour le d\u00e9part du r\u00e9gime en place que Ga\u00efd Salah, lui-m\u00eame, a fini par qualifier de \u00abbande\u00bb.<\/p>\n<p>Le g\u00e9n\u00e9ral de corps d\u2019arm\u00e9e, qui a donc d\u00e9finitivement tourn\u00e9 le dos \u00e0 la volont\u00e9 populaire de changer radicalement le syst\u00e8me, a consid\u00e9r\u00e9 que suivre la feuille de route de l\u2019opposition, qui appelle dans sa majorit\u00e9 \u00e0 une p\u00e9riode de transition, est dangereux.<\/p>\n<p>La raison\u00a0? Cette d\u00e9marche va cr\u00e9er un vide constitutionnel qui pourrait m\u00eame provoquer \u00abune d\u00e9claration de l\u2019\u00e9tat d\u2019exception\u00bb, que le Haut commandement de l\u2019ANP a \u00abcat\u00e9goriquement r\u00e9cus\u00e9 depuis le d\u00e9but des \u00e9v\u00e9nements\u00bb.<\/p>\n<p>Pour Ahmed Ga\u00efd Salah, il est \u00abirraisonnable de g\u00e9rer la p\u00e9riode de transition sans les institutions qui organisent et supervisent cette op\u00e9ration\u00bb. Autrement dit, il refuse le d\u00e9part des \u00ab3B\u00bb, Bensalah, Bedoui et Bela\u00efz.<\/p>\n<p><strong>\u00abPlan pernicieux\u00bb<\/strong><\/p>\n<p>Pour justifier ce rejet de la demande du d\u00e9part de tout le syst\u00e8me, il invoque des \u00abcons\u00e9quences d\u00e9coulant de cette situation qui pourraient compromettre tout ce qui a \u00e9t\u00e9 r\u00e9alis\u00e9 depuis l\u2019ind\u00e9pendance \u00e0 ce jour, en termes d\u2019acquis et de r\u00e9alisations qui demeurent la fiert\u00e9 des g\u00e9n\u00e9rations\u00bb.<\/p>\n<p>Il ira encore loin en insistant sur ces \u00abparties \u00e9trang\u00e8res\u00bb qui s\u2019affairent, par tous les moyens, \u00ab\u00e0 d\u00e9voyer ces marches de leurs objectifs fondamentaux et \u00e0 les r\u00e9cup\u00e9rer afin de faire aboutir leurs plans pernicieux, visant \u00e0 porter atteinte au climat de s\u00e9curit\u00e9 et de qui\u00e9tude dont jouit notre pays\u00bb.<\/p>\n<p>Poursuivant son discours, le chef d\u2019\u00e9tat-major a affirm\u00e9 que l\u2019ANP a consenti des efforts afin de pr\u00e9server \u00abcet immense \u00e9lan populaire de l\u2019exploitation par ceux qui le guettent \u00e0 l\u2019int\u00e9rieur et l\u2019ext\u00e9rieur, \u00e0 l\u2019instar de quelques individus appartenant \u00e0 des organisations non gouvernementales, qui ont \u00e9t\u00e9 pris en flagrant d\u00e9lit, dont la mission consiste \u00e0 infiltrer les manifestations pacifiques et les orienter, avec la complicit\u00e9 et en coordination avec leurs agents \u00e0 l\u2019int\u00e9rieur\u00bb.<\/p>\n<p>Ahmed Ga\u00efd Salah a appel\u00e9 \u00e0 suivre \u00abla voie de la sagesse, de la pond\u00e9ration et de la clairvoyance, qui tient compte de l\u2019int\u00e9r\u00eat supr\u00eame de la nation en premier lieu\u00bb.<\/p>\n<p>Il a assur\u00e9 que le processus constitutionnel mis en route avec la d\u00e9signation de Bensalah comme int\u00e9rimaire pour 90 jours sera accompagn\u00e9 par l\u2019ANP. \u00abLa conduite de la p\u00e9riode de transition n\u00e9cessite un ensemble de m\u00e9canismes dont la mise en \u0153uvre doit s\u2019effectuer conform\u00e9ment \u00e0 la Constitution, qui stipule que le pr\u00e9sident du Conseil de la nation que choisit le Parlement avec ses deux Chambres, apr\u00e8s le constat de la vacance, assume la charge de chef de l\u2019Etat pour une dur\u00e9e de trois mois, avec des pr\u00e9rogatives limit\u00e9es, jusqu\u2019\u00e0 l\u2019\u00e9lection du nouveau pr\u00e9sident de la R\u00e9publique\u00bb, a pr\u00e9cis\u00e9 le chef d\u2019\u00e9tat-major, selon lequel, \u00abl\u2019ANP veillera au suivi de cette phase\u00bb.<\/p>\n<p>Ahmed Gaid Salah justifie le r\u00f4le de l\u2019ANP dans ce processus de remise du pays sur la\u00a0voie strictement constitutionnelle, par \u00abla confiance r\u00e9ciproque entre le peuple et son arm\u00e9e\u00bb. Il a promis que la future \u00e9lection pr\u00e9sidentielle se d\u00e9roulera \u00abdans un climat de s\u00e9r\u00e9nit\u00e9 et dans le strict respect des r\u00e8gles de transparence et d\u2019int\u00e9grit\u00e9 et des lois de la R\u00e9publique\u00bb.<\/p>\n<p><strong>L\u2019\u00e9pouvantail d\u2019une crise socio\u00e9conomique<\/strong><\/p>\n<p>Dans son argumentaire pour d\u00e9fendre l\u2019option Bensalah pour une pr\u00e9sidentielle dans trois mois, le chef d\u2019\u00e9tat-major de l\u2019ANP a agit\u00e9 l\u2019\u00e9pouvantail d\u2019une crise socio\u00e9conomique qui guette les Alg\u00e9riens. \u00abComme il appartient \u00e0 tout un chacun de comprendre et assimiler tous les aspects et les contours de la crise, durant la p\u00e9riode \u00e0 venir, notamment dans son volet socio\u00e9conomique, qui s\u2019aggravera davantage si les positions obstin\u00e9es et les revendications irr\u00e9alisables persistent, ce qui impactera n\u00e9gativement le march\u00e9 du travail et le pouvoir d\u2019achat du citoyen\u00bb, a-t-il relev\u00e9.<\/p>\n<p>Ahmed Ga\u00efd Salah a visiblement oubli\u00e9 de souligner que cette crise \u00e9conomique est la cons\u00e9quence de la gestion hasardeuse et catastrophique de l\u2019\u00e9conomie durant deux d\u00e9cennies.<\/p>\n<p>Quant \u00e0 la transition et son impact sur cette situation \u00e9conomique, elle est prise en consid\u00e9ration dans la plupart des initiatives \u00e9manant des partis de l\u2019opposition. Le chef de l\u2019\u00e9tat-major a demand\u00e9 aux Alg\u00e9riens \u00abde faire preuve de patience, de conscience et de lucidit\u00e9 afin de r\u00e9aliser les revendications populaires, guider le pays vers la paix et jeter les bases d\u2019un Etat de droit et d\u2019institutions\u00bb.<\/p>\n<p>Pour lui, \u00abl\u2019histoire t\u00e9moignera de la sinc\u00e9rit\u00e9\u00bb de ses propos et de ses actes. Il a assur\u00e9 qu\u2019elle \u00e9tait anim\u00e9e par \u00abaucune autre ambition que celle de servir\u00bb l\u2019Alg\u00e9rie et \u00abde veiller \u00e0 sa s\u00e9curit\u00e9 et sa stabilit\u00e9\u00bb.<\/p>\n<p>Il s\u2019est dit convaincu que \u00ableurs espoirs et leurs man\u0153uvres visant \u00e0 porter atteinte \u00e0 la r\u00e9putation et la cr\u00e9dibilit\u00e9 de l\u2019Arm\u00e9e nationale populaire \u00e9choueront, et celle-ci demeurera, malgr\u00e9 les complots des conspirateurs et l\u2019animosit\u00e9 des vindicatifs, un fort soutien pour son peuple dans les \u00e9preuves et les crises, dans le cadre des dispositions de la Constitution et des lois de la R\u00e9publique\u00bb.<\/p>\n<p>Ahmed Ga\u00efd Salah a conclu son discours en se disant \u00abprofond\u00e9ment confiant que le peuple comprendra et mesurera la sensibilit\u00e9 de la situation et privil\u00e9giera l\u2019int\u00e9r\u00eat national\u00bb.<\/p>\n<div class=\"yuzo_related_post style-1\" data-version=\"5.12.88\">\n<p><h3>Related Post<\/h3>\n<\/p>\n<div class=\"yuzo_wraps\">\n<div class=\"relatedthumb relatedpost-485387 c11\"><a href=\"https:\/\/www.elwatan.com\/edition\/sports\/usmba-2-ess-0-el-khadra-se-rebiffe-05-01-2019\"\/><\/p>\n<p><span class=\"yuzo__text--title c10\">USMBA 2 \u2013 ESS 0 : El Khadra se rebiffe<\/span><\/div>\n<div class=\"relatedthumb relatedpost-568983 c11\"><a href=\"https:\/\/www.elwatan.com\/edition\/sports\/commentaire-dure-sera-la-chute-11-04-2019\"\/><\/p>\n<p><span class=\"yuzo__text--title c10\">Commentaire : Dure sera la chute<\/span><\/div>\n<div class=\"relatedthumb relatedpost-503870 c11\"><a href=\"https:\/\/www.elwatan.com\/regions\/centre\/actu-centre\/affaire-de-lirbl-une-commission-denquete-du-ministere-des-sports-simpose-08-01-2019\"\/><\/p>\n<p><span class=\"yuzo__text--title c10\">Affaire de l\u2019IRBL : Une commission d\u2019enqu\u00eate du mi&#8230;<\/span><\/div>\n<div class=\"relatedthumb relatedpost-556233 c11\"><a href=\"https:\/\/www.elwatan.com\/edition\/actualite\/election-presidentielle-ouyahia-et-benyounes-menent-campagne-pour-le-5e-mandat-02-02-2019\"\/><\/p>\n<p><span class=\"yuzo__text--title c10\">Ahmed Ouyahia : \u00abL\u2019avenir est dans la continuit\u00e9\u00bb&#8230;<\/span><\/div>\n<\/div>\n<\/div>\n<p><span class=\"post-views-label\">Post Views:<\/span> <span class=\"post-views-count\">5\u00a0282<\/span><\/p>\n<p>Auteur: Hicham Chouadria<br \/>\n<a href=\"https:\/\/www.elwatan.com\/edition\/actualite\/il-accuse-des-parties-etrangeres-davoir-infiltre-le-hirak-les-menaces-dahmed-gaid-salah-contre-la-rue-11-04-2019\">Cliquez ici pour lire l&rsquo;article depuis sa source.<\/a><\/p>\n","protected":false},"excerpt":{"rendered":"<p>Le chef d\u2019\u00e9tat-major Ahmed Ga\u00efd Salah (photo : MDN) Attendu depuis deux jours, le chef d\u2019\u00e9tat-major de l\u2019ANP a parl\u00e9 hier au troisi\u00e8me jour de sa visite dans la 2e R\u00e9gion militaire. Le g\u00e9n\u00e9ral de corps d\u2019arm\u00e9e Ahmed Ga\u00efd Salah n\u2019a pas livr\u00e9 un message \u00e0 la hauteur des attentes du peuple alg\u00e9rien, qui aspire [&hellip;]<\/p>\n","protected":false},"author":1743,"featured_media":27254,"comment_status":"closed","ping_status":"closed","sticky":false,"template":"","format":"standard","meta":{"fifu_image_url":"","fifu_image_alt":"","footnotes":""},"categories":[73,53],"tags":[],"class_list":["post-27253","post","type-post","status-publish","format-standard","has-post-thumbnail","hentry","category-actualite","category-algerie"],"_links":{"self":[{"href":"https:\/\/linitiative.ca\/International\/wp-json\/wp\/v2\/posts\/27253","targetHints":{"allow":["GET"]}}],"collection":[{"href":"https:\/\/linitiative.ca\/International\/wp-json\/wp\/v2\/posts"}],"about":[{"href":"https:\/\/linitiative.ca\/International\/wp-json\/wp\/v2\/types\/post"}],"author":[{"embeddable":true,"href":"https:\/\/linitiative.ca\/International\/wp-json\/wp\/v2\/users\/1743"}],"replies":[{"embeddable":true,"href":"https:\/\/linitiative.ca\/International\/wp-json\/wp\/v2\/comments?post=27253"}],"version-history":[{"count":0,"href":"https:\/\/linitiative.ca\/International\/wp-json\/wp\/v2\/posts\/27253\/revisions"}],"wp:featuredmedia":[{"embeddable":true,"href":"https:\/\/linitiative.ca\/International\/wp-json\/"}],"wp:attachment":[{"href":"https:\/\/linitiative.ca\/International\/wp-json\/wp\/v2\/media?parent=27253"}],"wp:term":[{"taxonomy":"category","embeddable":true,"href":"https:\/\/linitiative.ca\/International\/wp-json\/wp\/v2\/categories?post=27253"},{"taxonomy":"post_tag","embeddable":true,"href":"https:\/\/linitiative.ca\/International\/wp-json\/wp\/v2\/tags?post=27253"}],"curies":[{"name":"wp","href":"https:\/\/api.w.org\/{rel}","templated":true}]}}