{"id":27255,"date":"2019-04-11T05:20:47","date_gmt":"2019-04-11T09:20:47","guid":{"rendered":"https:\/\/linitiative.ca\/International\/presidentielle-le-chef-detat-convoque-le-corps-electoral-pour-le-4-juillet-2019\/"},"modified":"2019-04-11T05:20:47","modified_gmt":"2019-04-11T09:20:47","slug":"presidentielle-le-chef-detat-convoque-le-corps-electoral-pour-le-4-juillet-2019","status":"publish","type":"post","link":"https:\/\/linitiative.ca\/International\/presidentielle-le-chef-detat-convoque-le-corps-electoral-pour-le-4-juillet-2019\/","title":{"rendered":"Pr\u00e9sidentielle : le chef d\u2019\u00e9tat convoque le corps \u00e9lectoral pour le 4 juillet 2019"},"content":{"rendered":"<h4 class=\"title-14\"\/>\n<p>Le chef d\u2019Etat, Abdelkader Bensalah, a sign\u00e9, mardi, le d\u00e9cret pr\u00e9sidentiel convoquant le corps \u00e9lectoral pour l\u2019\u00e9lection pr\u00e9sidentielle fix\u00e9e au 4 juillet 2019, a indiqu\u00e9 hier un communiqu\u00e9 de la pr\u00e9sidence de la R\u00e9publique. \u00abM. Abdelkader Bensalah, chef d\u2019Etat, a proc\u00e9d\u00e9 le mardi 9 avril 2019, jour de sa prise de fonction, \u00e0 la signature du d\u00e9cret pr\u00e9sidentiel portant convocation du corps \u00e9lectoral \u00e0 l\u2019\u00e9lection pr\u00e9sidentielle fix\u00e9e au jeudi 4 juillet 2019\u00bb, pr\u00e9cise le communiqu\u00e9.<\/p>\n<div class=\"yuzo_related_post style-1\" data-version=\"5.12.88\">\n<p><h3>Related Post<\/h3>\n<\/p>\n<div class=\"yuzo_wraps\">\n<div class=\"relatedthumb relatedpost-569084 c11\"><a href=\"https:\/\/www.elwatan.com\/edition\/actualite\/le-rcd-son-discours-vise-a-proteger-un-regime-corrompu-11-04-2019\"\/><\/p>\n<p><span class=\"yuzo__text--title c10\">Le RCD : \u00abSon discours vise \u00e0 prot\u00e9ger un r\u00e9gime c&#8230;<\/span><\/div>\n<div class=\"relatedthumb relatedpost-565025 c11\"><a href=\"https:\/\/www.elwatan.com\/regions\/ouest\/actu-ouest\/relizane-attribution-de-170-logements-lpl-a-mendes-et-sidi-saada-21-03-2019\"\/><\/p>\n<p><span class=\"yuzo__text--title c10\">Relizane : Attribution de 170 logements LPL \u00e0 Mend&#8230;<\/span><\/div>\n<div class=\"relatedthumb relatedpost-239697 c11\"><a href=\"https:\/\/www.elwatan.com\/edition\/culture\/solange-cesarovna-enchante-le-public-04-12-2018\"\/><\/p>\n<p><span class=\"yuzo__text--title c10\">Solange Cesarovna enchante le public<\/span><\/div>\n<\/div>\n<\/div>\n<p><span class=\"post-views-label\">Post Views:<\/span> <span class=\"post-views-count\">314<\/span><\/p>\n<p>Auteur: Hicham Chouadria<br \/>\n<a href=\"https:\/\/www.elwatan.com\/edition\/actualite\/presidentielle-le-chef-detat-convoque-le-corps-electoral-pour-le-4-juillet-2019-11-04-2019\">Cliquez ici pour lire l&rsquo;article depuis sa source.<\/a><\/p>\n","protected":false},"excerpt":{"rendered":"<p>Le chef d\u2019Etat, Abdelkader Bensalah, a sign\u00e9, mardi, le d\u00e9cret pr\u00e9sidentiel convoquant le corps \u00e9lectoral pour l\u2019\u00e9lection pr\u00e9sidentielle fix\u00e9e au 4 juillet 2019, a indiqu\u00e9 hier un communiqu\u00e9 de la pr\u00e9sidence de la R\u00e9publique. \u00abM. Abdelkader Bensalah, chef d\u2019Etat, a proc\u00e9d\u00e9 le mardi 9 avril 2019, jour de sa prise de fonction, \u00e0 la signature [&hellip;]<\/p>\n","protected":false},"author":1743,"featured_media":0,"comment_status":"closed","ping_status":"closed","sticky":false,"template":"","format":"standard","meta":{"fifu_image_url":"","fifu_image_alt":"","footnotes":""},"categories":[73,53],"tags":[],"class_list":["post-27255","post","type-post","status-publish","format-standard","hentry","category-actualite","category-algerie"],"_links":{"self":[{"href":"https:\/\/linitiative.ca\/International\/wp-json\/wp\/v2\/posts\/27255","targetHints":{"allow":["GET"]}}],"collection":[{"href":"https:\/\/linitiative.ca\/International\/wp-json\/wp\/v2\/posts"}],"about":[{"href":"https:\/\/linitiative.ca\/International\/wp-json\/wp\/v2\/types\/post"}],"author":[{"embeddable":true,"href":"https:\/\/linitiative.ca\/International\/wp-json\/wp\/v2\/users\/1743"}],"replies":[{"embeddable":true,"href":"https:\/\/linitiative.ca\/International\/wp-json\/wp\/v2\/comments?post=27255"}],"version-history":[{"count":0,"href":"https:\/\/linitiative.ca\/International\/wp-json\/wp\/v2\/posts\/27255\/revisions"}],"wp:attachment":[{"href":"https:\/\/linitiative.ca\/International\/wp-json\/wp\/v2\/media?parent=27255"}],"wp:term":[{"taxonomy":"category","embeddable":true,"href":"https:\/\/linitiative.ca\/International\/wp-json\/wp\/v2\/categories?post=27255"},{"taxonomy":"post_tag","embeddable":true,"href":"https:\/\/linitiative.ca\/International\/wp-json\/wp\/v2\/tags?post=27255"}],"curies":[{"name":"wp","href":"https:\/\/api.w.org\/{rel}","templated":true}]}}