{"id":27256,"date":"2019-04-11T05:24:56","date_gmt":"2019-04-11T09:24:56","guid":{"rendered":"https:\/\/linitiative.ca\/International\/le-referendum-a-ciel-ouvert-a-tranche-systeme-degage\/"},"modified":"2019-04-11T05:24:56","modified_gmt":"2019-04-11T09:24:56","slug":"le-referendum-a-ciel-ouvert-a-tranche-systeme-degage","status":"publish","type":"post","link":"https:\/\/linitiative.ca\/International\/le-referendum-a-ciel-ouvert-a-tranche-systeme-degage\/","title":{"rendered":"Le r\u00e9f\u00e9rendum \u00ab\u00e0 ciel ouvert\u00bb a tranch\u00e9 : \u00abSyst\u00e8me d\u00e9gage\u00a0!\u00bb"},"content":{"rendered":"<h4 class=\"title-14\">Rep\u00e8re<\/h4>\n<p>Le discours du g\u00e9n\u00e9ral de corps d\u2019arm\u00e9e Ahmed Ga\u00efd Salah, prononc\u00e9 hier \u00e0 Oran, est en total d\u00e9phasage avec la volont\u00e9 populaire exprim\u00e9e massivement, qui a demand\u00e9 le d\u00e9mant\u00e8lement de tout le syst\u00e8me corrompu et corrupteur de l\u2019ancien pr\u00e9sident de la R\u00e9publique, Abdelaziz Bouteflika.<\/p>\n<p>Un discours mi-belliqueux mi-conciliant, \u00e0 travers lequel le chef d\u2019\u00e9tat-major de l\u2019ANP cherche le soutien de la majorit\u00e9 des Alg\u00e9riens pour faire aboutir une feuille de route conform\u00e9ment aux dispositions constitutionnelles. Ga\u00efd Salah demande \u00e9galement aux Alg\u00e9riens de lui faire confiance.<\/p>\n<p>Mais quelle confiance et quel soutien peut obtenir Ga\u00efd Salah des Alg\u00e9riens, lorsque celui-ci a \u00e9t\u00e9 complice de la forfaiture contre la Constitution en cautionnant le 5e\u00a0mandat d\u2019un homme sur son lit de mort\u00a0? Quel cr\u00e9dit peut-on accorder au g\u00e9n\u00e9ral qui a pouss\u00e9 \u00e0 la d\u00e9mission l\u2019ancien pr\u00e9sident de la R\u00e9publique, lorsqu\u2019il affirme que la revendication populaire est irr\u00e9alisable\u00a0? Sait-il au moins que l\u2019argument de la \u00abmain de l\u2019\u00e9tranger\u00bb n\u2019a aucun effet sur la majorit\u00e9 des Alg\u00e9riens, sorti pour jeter l\u2019anath\u00e8me sur le mouvement pacifique des citoyens\u00a0? La conviction de Ga\u00efd Salah de revenir co\u00fbte que co\u00fbte \u00e0 l\u2019ordre constitutionnel est d\u2019ores et d\u00e9j\u00e0 frapp\u00e9e de suspicion.<\/p>\n<p>Car \u00e0 force d\u2019avoir \u00e9t\u00e9 viol\u00e9e \u00e0 maintes reprises par le syst\u00e8me en place, la Constitution actuelle, qui a par ailleurs montr\u00e9 toutes ses tares, ne r\u00e9pond plus aux exigences des citoyens et aux d\u00e9fis auxquels la soci\u00e9t\u00e9 alg\u00e9rienne doit faire face. La Loi fondamentale a \u00e9t\u00e9 rendue tout bonnement caduque et inop\u00e9rante.<\/p>\n<p>Des leaders politiques et hommes de loi, tels que Mustapha Bouchachi et Zoubida Assoul, ont \u00e0 maintes reprises affirm\u00e9 la possibilit\u00e9 d\u2019instaurer une p\u00e9riode de transition g\u00e9r\u00e9e par un Pr\u00e9sident de l\u2019Etat et un gouvernement ind\u00e9pendant, pr\u00e9lude \u00e0 une \u00e9lection pr\u00e9sidentielle transparente et propre. L\u2019ANP et tous les services de s\u00e9curit\u00e9 auraient pu accompagner cette transition et surtout la prot\u00e9ger de toutes les tentatives de manipulation ou de sabotage.<\/p>\n<p>On serait tent\u00e9 de croire que Ga\u00efd Salah cherche \u00e0 prot\u00e9ger certains \u00abr\u00e9sidus du syst\u00e8me\u00bb qu\u2019il voudrait recycler dans le cadre d\u2019une r\u00e9forme de l\u2019Etat, ou dans ce que l\u2019on pourrait appeler l\u2019av\u00e8nement d\u2019une \u00abIIe R\u00e9publique\u00bb.<\/p>\n<p>Suspicion l\u00e9gitime d\u2019un peuple habitu\u00e9 \u00e0 vivre des situations politiques dramatiques, voire improbables. A l\u2019\u00e9vidence, Ga\u00efd Salah est tr\u00e8s mal plac\u00e9 pour dire que l\u2019actuelle Constitution est un texte \u00abcoranique\u00bb pour l\u2019imposer \u00e0 la majorit\u00e9 des citoyens, qui appellent tous ceux qui se sont compromis avec le syst\u00e8me en place de rendre des comptes avant de d\u00e9guerpir \u00e0 jamais.<\/p>\n<p>En outre, aucune approche s\u00e9rieuse n\u2019a \u00e9t\u00e9 entreprise envers le mouvement de contestation pour que celui-ci puisse d\u00e9signer ses repr\u00e9sentants. Au contraire, on a essay\u00e9 de discr\u00e9diter les figures les plus en vue de ce mouvement, notamment sur les r\u00e9seaux sociaux, sans grand succ\u00e8s heureusement.<\/p>\n<p>Ahmed Ga\u00efd Salah aura en tous les cas une r\u00e9ponse claire des Alg\u00e9riennes et des Alg\u00e9riens ce vendredi, 12 avril, qui pourrait lui faire changer d\u2019avis et accepter de se ranger franchement du c\u00f4t\u00e9 de son peuple. L\u2019Alg\u00e9rie appartient \u00e0 sa jeunesse et non aux caciques du syst\u00e8me qui ont rong\u00e9 les fondements de l\u2019Etat.<\/p>\n<div class=\"yuzo_related_post style-1\" data-version=\"5.12.88\">\n<p><h3>Related Post<\/h3>\n<\/p>\n<div class=\"yuzo_wraps\">\n<div class=\"relatedthumb relatedpost-567298 c11\"><a href=\"https:\/\/www.elwatan.com\/edition\/culture\/festival-international-du-film-oriental-de-geneve-sous-le-signe-de-leloge-de-la-difference-02-04-2019\"\/><\/p>\n<p><span class=\"yuzo__text--title c10\">Festival international du film oriental de Gen\u00e8ve &#8230;<\/span><\/div>\n<div class=\"relatedthumb relatedpost-566046 c11\"><a href=\"https:\/\/www.elwatan.com\/edition\/actualite\/paris-nous-voulons-la-paix-alors-degagez-26-03-2019\"\/><\/p>\n<p><span class=\"yuzo__text--title c10\">Paris : \u00ab Nous voulons la paix, alors d\u00e9gagez \u00bb&#8230;<\/span><\/div>\n<div class=\"relatedthumb relatedpost-567117 c11\"><a href=\"https:\/\/www.elwatan.com\/edition\/international\/les-principaux-candidats-attaches-a-loccident-01-04-2019\"\/><\/p>\n<p><span class=\"yuzo__text--title c10\">Les principaux candidats attach\u00e9s \u00e0 l\u2019Occident<\/span><\/div>\n<div class=\"relatedthumb relatedpost-567142 c11\"><a href=\"https:\/\/www.elwatan.com\/edition\/actualite\/guerre-des-clans-rumeurs-et-fake-news-01-04-2019\"\/><\/p>\n<p><span class=\"yuzo__text--title c10\">Guerre des clans, rumeurs et fake news<\/span><\/div>\n<\/div>\n<\/div>\n<p><span class=\"post-views-label\">Post Views:<\/span> <span class=\"post-views-count\">958<\/span><\/p>\n<p>Auteur: Hicham Chouadria<br \/>\n<a href=\"https:\/\/www.elwatan.com\/edition\/actualite\/le-referendum-a-ciel-ouvert-a-tranche-systeme-degage-11-04-2019\">Cliquez ici pour lire l&rsquo;article depuis sa source.<\/a><\/p>\n","protected":false},"excerpt":{"rendered":"<p>Rep\u00e8re Le discours du g\u00e9n\u00e9ral de corps d\u2019arm\u00e9e Ahmed Ga\u00efd Salah, prononc\u00e9 hier \u00e0 Oran, est en total d\u00e9phasage avec la volont\u00e9 populaire exprim\u00e9e massivement, qui a demand\u00e9 le d\u00e9mant\u00e8lement de tout le syst\u00e8me corrompu et corrupteur de l\u2019ancien pr\u00e9sident de la R\u00e9publique, Abdelaziz Bouteflika. Un discours mi-belliqueux mi-conciliant, \u00e0 travers lequel le chef d\u2019\u00e9tat-major [&hellip;]<\/p>\n","protected":false},"author":1743,"featured_media":0,"comment_status":"closed","ping_status":"closed","sticky":false,"template":"","format":"standard","meta":{"fifu_image_url":"","fifu_image_alt":"","footnotes":""},"categories":[73,53],"tags":[],"class_list":["post-27256","post","type-post","status-publish","format-standard","hentry","category-actualite","category-algerie"],"_links":{"self":[{"href":"https:\/\/linitiative.ca\/International\/wp-json\/wp\/v2\/posts\/27256","targetHints":{"allow":["GET"]}}],"collection":[{"href":"https:\/\/linitiative.ca\/International\/wp-json\/wp\/v2\/posts"}],"about":[{"href":"https:\/\/linitiative.ca\/International\/wp-json\/wp\/v2\/types\/post"}],"author":[{"embeddable":true,"href":"https:\/\/linitiative.ca\/International\/wp-json\/wp\/v2\/users\/1743"}],"replies":[{"embeddable":true,"href":"https:\/\/linitiative.ca\/International\/wp-json\/wp\/v2\/comments?post=27256"}],"version-history":[{"count":0,"href":"https:\/\/linitiative.ca\/International\/wp-json\/wp\/v2\/posts\/27256\/revisions"}],"wp:attachment":[{"href":"https:\/\/linitiative.ca\/International\/wp-json\/wp\/v2\/media?parent=27256"}],"wp:term":[{"taxonomy":"category","embeddable":true,"href":"https:\/\/linitiative.ca\/International\/wp-json\/wp\/v2\/categories?post=27256"},{"taxonomy":"post_tag","embeddable":true,"href":"https:\/\/linitiative.ca\/International\/wp-json\/wp\/v2\/tags?post=27256"}],"curies":[{"name":"wp","href":"https:\/\/api.w.org\/{rel}","templated":true}]}}