{"id":27257,"date":"2019-04-11T05:26:15","date_gmt":"2019-04-11T09:26:15","guid":{"rendered":"https:\/\/linitiative.ca\/International\/premier-discours-de-abdelkader-bensalah-une-instance-collegiale-pour-lelection-comme-seule-reponse\/"},"modified":"2019-04-11T05:26:15","modified_gmt":"2019-04-11T09:26:15","slug":"premier-discours-de-abdelkader-bensalah-une-instance-collegiale-pour-lelection-comme-seule-reponse","status":"publish","type":"post","link":"https:\/\/linitiative.ca\/International\/premier-discours-de-abdelkader-bensalah-une-instance-collegiale-pour-lelection-comme-seule-reponse\/","title":{"rendered":"Premier discours de Abdelkader Bensalah : Une instance \u00abcoll\u00e9giale\u00bb pour l\u2019\u00e9lection comme seule r\u00e9ponse"},"content":{"rendered":"<h4 class=\"title-14\"\/>\n<div class=\"featured_image\"><img width=\"1384\" height=\"1525\" data-cfsrc=\"https:\/\/www.elwatan.com\/wp-content\/uploads\/2019\/04\/bensalah-h-lyes-e1554942844919.jpg\" class=\"attachment-post-thumbnail size-post-thumbnail wp-post-image c1\" alt=\"\" srcset=\"https:\/\/www.elwatan.com\/wp-content\/uploads\/2019\/04\/bensalah-h-lyes-e1554942844919.jpg 1384w, https:\/\/www.elwatan.com\/wp-content\/uploads\/2019\/04\/bensalah-h-lyes-e1554942844919-272x300.jpg 272w, https:\/\/www.elwatan.com\/wp-content\/uploads\/2019\/04\/bensalah-h-lyes-e1554942844919-768x846.jpg 768w, https:\/\/www.elwatan.com\/wp-content\/uploads\/2019\/04\/bensalah-h-lyes-e1554942844919-929x1024.jpg 929w, https:\/\/www.elwatan.com\/wp-content\/uploads\/2019\/04\/bensalah-h-lyes-e1554942844919-1320x1454.jpg 1320w\" sizes=\"(max-width: 1384px) 100vw, 1384px\"\/><noscript><\/p>\n<p><img loading=\"lazy\" decoding=\"async\" width=\"1384\" height=\"1525\" src=\"https:\/\/www.elwatan.com\/wp-content\/uploads\/2019\/04\/bensalah-h-lyes-e1554942844919.jpg\" class=\"attachment-post-thumbnail size-post-thumbnail wp-post-image\" alt=\"\" srcset=\"https:\/\/www.elwatan.com\/wp-content\/uploads\/2019\/04\/bensalah-h-lyes-e1554942844919.jpg 1384w, https:\/\/www.elwatan.com\/wp-content\/uploads\/2019\/04\/bensalah-h-lyes-e1554942844919-272x300.jpg 272w, https:\/\/www.elwatan.com\/wp-content\/uploads\/2019\/04\/bensalah-h-lyes-e1554942844919-768x846.jpg 768w, https:\/\/www.elwatan.com\/wp-content\/uploads\/2019\/04\/bensalah-h-lyes-e1554942844919-929x1024.jpg 929w, https:\/\/www.elwatan.com\/wp-content\/uploads\/2019\/04\/bensalah-h-lyes-e1554942844919-1320x1454.jpg 1320w\" sizes=\"auto, (max-width: 1384px) 100vw, 1384px\"\/><\/p>\n<p><\/noscript> <span class=\"featured-image-caption\">(photo : H. Ly\u00e8s)<\/span><\/div>\n<p>Le premier discours du chef de l\u2019Etat, Abdelkader Bensalah, prononc\u00e9 avant-hier soir, jour de son investiture, n\u2019a rien apport\u00e9 en termes de r\u00e9ponses aux revendications des citoyens.<\/p>\n<p>L\u2019ancien pr\u00e9sident du Conseil de la nation a annonc\u00e9, comme seule mesure, la mise sur pieds d\u2019\u00abune institution nationale coll\u00e9giale, souveraine dans ses d\u00e9cisions, \u00e0 laquelle sera d\u00e9volue la mission de r\u00e9unir les conditions n\u00e9cessaires de pr\u00e9paration et d\u2019organisation d\u2019\u00e9lections nationales honn\u00eates et transparentes\u00bb.<\/p>\n<p>Ce qui est loin de satisfaire les exigences de la population, exprim\u00e9es de mani\u00e8re pacifique depuis le 22 f\u00e9vrier dernier, et qui s\u2019articulent autour du \u00abd\u00e9part du r\u00e9gime\u00bb.<\/p>\n<p>Pouvait-il en \u00eatre autrement pour une personnalit\u00e9 politique d\u00e9cri\u00e9e par la population bien avant son intronisation, et qui de plus est rompue \u00e0 la langue de bois dont elle use depuis pr\u00e8s de 30 ans\u00a0?<\/p>\n<p>Le jour-m\u00eame de son installation par le Parlement \u00e0 la t\u00eate de l\u2019Etat, des milliers d\u2019\u00e9tudiants, \u00e0 travers plusieurs wilayas du pays, ont march\u00e9 pour r\u00e9clamer son d\u00e9part. Il en a \u00e9t\u00e9 de m\u00eame hier.<\/p>\n<p>De plus, il est de plus en plus clair aujourd\u2019hui que le \u00abpouvoir\u00bb en place veut s\u2019en tenir \u00e0 sa feuille de route, qui consiste en une application stricte de l\u2019article 102 de la Constitution.<\/p>\n<p>Ce qui s\u2019apparente \u00e0 une volont\u00e9 de p\u00e9rennisation du \u00absyst\u00e8me\u00bb. Et dans cette optique-l\u00e0, Abdelkader Bensalah, m\u00eame s\u2019il en avait les pr\u00e9rogatives, la Constitution n\u2019ayant accord\u00e9 aucune marge de man\u0153uvre \u00e0 un pr\u00e9sident par int\u00e9rim, ne pouvait \u00aboffrir\u00bb plus \u00e0 la population.<\/p>\n<p>Il a, par cons\u00e9quent, d\u00e9velopp\u00e9, dans son discours, une sorte de \u00abd\u00e9ni de la r\u00e9alit\u00e9\u00bb, qui fait qu\u2019il soit en d\u00e9calage par rapport aux revendications du peuple, ce dernier ayant exprim\u00e9, d\u2019apr\u00e8s lui, \u00abses aspirations au changement, aux r\u00e9formes et \u00e0 la participation effective dans la prise des d\u00e9cisions aff\u00e9rentes \u00e0 son avenir\u00bb.<\/p>\n<p>Toujours dans cet ordre de \u00abd\u00e9ni de la r\u00e9alit\u00e9\u00bb, le chef d\u2019Etat a lanc\u00e9 un appel en direction des citoyens\u00a0\u2013 ceux-l\u00e0 m\u00eames qui r\u00e9clament son d\u00e9part\u00a0\u2013 pour l\u2019accompagner dans sa mission. \u00abC\u2019est une main sinc\u00e8re et loyale que je tends \u00e0 tout un chacun pour surmonter les divergences et nous investir dans une action collective, historique \u00e0 la hauteur des d\u00e9fis de l\u2019\u00e9tape, reposant sur les valeurs de solidarit\u00e9, de coh\u00e9sion et d\u2019abn\u00e9gation, dans le but d\u2019atteindre l\u2019objectif supr\u00eame, c\u2019est-\u00e0-dire poser les fondements de l\u2019Alg\u00e9rie du futur\u00bb, a-t-il d\u00e9clar\u00e9. Bensalah a rappel\u00e9 durant son discours que \u00abconform\u00e9ment aux dispositions de l\u2019article 102 de la Constitution, le pr\u00e9sident du Conseil de la nation assure la charge de chef de l\u2019Etat pour une dur\u00e9e 90 jours au maximum, au cours de laquelle l\u2019\u00e9lection pr\u00e9sidentielle est organis\u00e9e\u00bb.<\/p>\n<p>Face au rejet par la population des \u00ab3B\u00bb, en l\u2019occurrence l\u2019actuel chef d\u2019Etat, le Premier ministre, Noureddine Bedoui, et le pr\u00e9sident du Conseil constitutionnel, Tayeb Bela\u00efz, ceux-l\u00e0 m\u00eames qui auront la charge d\u2019organiser et de superviser l\u2019\u00e9lection pr\u00e9sidentielle, Bensalah pourra-t-il mener \u00e0 bien sa mission, et dans les d\u00e9lais impartis\u00a0? Peu \u00e9vident en l\u2019\u00e9tat actuel des choses, pour ne pas dire impossible. Parce qu\u2019en plus de la population, m\u00eame la classe politique de l\u2019opposition a r\u00e9clam\u00e9 le d\u00e9part du trio Bensalah-Bedoui-Bela\u00efz.<\/p>\n<p>En tout cas, \u00e0 voir la mani\u00e8re avec laquelle a \u00e9t\u00e9 accueillie par la population l\u2019intronisation de Bensalah en tant que chef de l\u2019Etat, et son discours prononc\u00e9 le m\u00eame jour, il est clair que la contestation ne sera que plus grande ce vendredi.<\/p>\n<div class=\"yuzo_related_post style-1\" data-version=\"5.12.88\">\n<p><h3>Related Post<\/h3>\n<\/p>\n<div class=\"yuzo_wraps\">\n<div class=\"relatedthumb relatedpost-243815 c11\"><a href=\"https:\/\/www.elwatan.com\/pages-hebdo\/sup-eco\/echanges-gaziers-internationaux-12-11-2007\"\/><\/p>\n<p><span class=\"yuzo__text--title c10\">Echanges gaziers internationaux<\/span><\/div>\n<div class=\"relatedthumb relatedpost-564744 c11\"><a href=\"https:\/\/www.elwatan.com\/edition\/actualite\/msn-divorce-consomme-entre-la-base-et-le-sommet-19-03-2019\"\/><\/p>\n<p><span class=\"yuzo__text--title c10\">MSN\u00a0: divorce consomm\u00e9 entre la base et le sommet&#8230;<\/span><\/div>\n<div class=\"relatedthumb relatedpost-565623 c11\"><a href=\"https:\/\/www.elwatan.com\/regions\/ouest\/oran\/oran-legere-baisse-de-la-tuberculose-24-03-2019\"\/><\/p>\n<p><span class=\"yuzo__text--title c10\">Oran : L\u00e9g\u00e8re baisse de la tuberculose<\/span><\/div>\n<div class=\"relatedthumb relatedpost-563057 c11\"><a href=\"https:\/\/www.elwatan.com\/regions\/est\/actu-est\/hopital-allia-salah-a-tebessa-huit-ambulanciers-demissionnent-10-03-2019\"\/><\/p>\n<p><span class=\"yuzo__text--title c10\">H\u00f4pital Allia Salah, \u00e0 T\u00e9bessa : Huit ambulanciers&#8230;<\/span><\/div>\n<\/div>\n<\/div>\n<p><span class=\"post-views-label\">Post Views:<\/span> <span class=\"post-views-count\">1\u00a0367<\/span><\/p>\n<p>Auteur: Hicham Chouadria<br \/>\n<a href=\"https:\/\/www.elwatan.com\/edition\/actualite\/premier-discours-de-abdelkader-bensalah-une-instance-collegiale-pour-lelection-comme-seule-reponse-11-04-2019\">Cliquez ici pour lire l&rsquo;article depuis sa source.<\/a><\/p>\n","protected":false},"excerpt":{"rendered":"<p>(photo : H. Ly\u00e8s) Le premier discours du chef de l\u2019Etat, Abdelkader Bensalah, prononc\u00e9 avant-hier soir, jour de son investiture, n\u2019a rien apport\u00e9 en termes de r\u00e9ponses aux revendications des citoyens. L\u2019ancien pr\u00e9sident du Conseil de la nation a annonc\u00e9, comme seule mesure, la mise sur pieds d\u2019\u00abune institution nationale coll\u00e9giale, souveraine dans ses d\u00e9cisions, [&hellip;]<\/p>\n","protected":false},"author":1743,"featured_media":27258,"comment_status":"closed","ping_status":"closed","sticky":false,"template":"","format":"standard","meta":{"fifu_image_url":"","fifu_image_alt":"","footnotes":""},"categories":[73,53],"tags":[],"class_list":["post-27257","post","type-post","status-publish","format-standard","has-post-thumbnail","hentry","category-actualite","category-algerie"],"_links":{"self":[{"href":"https:\/\/linitiative.ca\/International\/wp-json\/wp\/v2\/posts\/27257","targetHints":{"allow":["GET"]}}],"collection":[{"href":"https:\/\/linitiative.ca\/International\/wp-json\/wp\/v2\/posts"}],"about":[{"href":"https:\/\/linitiative.ca\/International\/wp-json\/wp\/v2\/types\/post"}],"author":[{"embeddable":true,"href":"https:\/\/linitiative.ca\/International\/wp-json\/wp\/v2\/users\/1743"}],"replies":[{"embeddable":true,"href":"https:\/\/linitiative.ca\/International\/wp-json\/wp\/v2\/comments?post=27257"}],"version-history":[{"count":0,"href":"https:\/\/linitiative.ca\/International\/wp-json\/wp\/v2\/posts\/27257\/revisions"}],"wp:featuredmedia":[{"embeddable":true,"href":"https:\/\/linitiative.ca\/International\/wp-json\/"}],"wp:attachment":[{"href":"https:\/\/linitiative.ca\/International\/wp-json\/wp\/v2\/media?parent=27257"}],"wp:term":[{"taxonomy":"category","embeddable":true,"href":"https:\/\/linitiative.ca\/International\/wp-json\/wp\/v2\/categories?post=27257"},{"taxonomy":"post_tag","embeddable":true,"href":"https:\/\/linitiative.ca\/International\/wp-json\/wp\/v2\/tags?post=27257"}],"curies":[{"name":"wp","href":"https:\/\/api.w.org\/{rel}","templated":true}]}}