{"id":27259,"date":"2019-04-11T05:30:55","date_gmt":"2019-04-11T09:30:55","guid":{"rendered":"https:\/\/linitiative.ca\/International\/rejet-de-la-feuille-de-route-du-pouvoir-nous-allons-marcher-tous-les-jours\/"},"modified":"2019-04-11T05:30:55","modified_gmt":"2019-04-11T09:30:55","slug":"rejet-de-la-feuille-de-route-du-pouvoir-nous-allons-marcher-tous-les-jours","status":"publish","type":"post","link":"https:\/\/linitiative.ca\/International\/rejet-de-la-feuille-de-route-du-pouvoir-nous-allons-marcher-tous-les-jours\/","title":{"rendered":"Rejet de la feuille de route du pouvoir : \u00abNous allons marcher tous les jours\u00bb"},"content":{"rendered":"<h4 class=\"title-14\"\/>\n<div class=\"featured_image\"><img width=\"800\" height=\"453\" data-cfsrc=\"https:\/\/www.elwatan.com\/wp-content\/uploads\/2019\/04\/manif2-e1554940634748.gif\" class=\"attachment-post-thumbnail size-post-thumbnail wp-post-image c1\" alt=\"\"\/><noscript><\/p>\n<p><img loading=\"lazy\" decoding=\"async\" width=\"800\" height=\"453\" src=\"https:\/\/www.elwatan.com\/wp-content\/uploads\/2019\/04\/manif2-e1554940634748.gif\" class=\"attachment-post-thumbnail size-post-thumbnail wp-post-image\" alt=\"\"\/><\/p>\n<p><\/noscript> <span class=\"featured-image-caption\">(Photo : B. Souhil)<\/span><\/div>\n<p>Quadrill\u00e9 par un dispositif policier impressionnant, le centre de la capitale bouillonnait hier. Un climat tr\u00e8s tendu r\u00e9gnait d\u00e8s le d\u00e9but de la matin\u00e9e.<\/p>\n<p>A l\u2019appel d\u2019une dizaine de syndicats autonomes, de nombreux Alg\u00e9riens se sont regroup\u00e9s, d\u00e8s 10h, \u00e0 la place du 1er Mai, brandissant des banderoles et des pancartes avec des mots d\u2019ordre pour \u00abun changement\u00a0radical du syst\u00e8me\u00bb et \u00able\u00a0d\u00e9part de Abdelkader Bensalah\u00bb, le tout nouveau chef de l\u2019Etat, rejet\u00e9 par la rue.<\/p>\n<p>Au fur et \u00e0 mesure que la masse de citoyens prend de l\u2019ampleur, la barri\u00e8re de policiers s\u2019allonge pour emp\u00eacher toute jonction avec la foule amass\u00e9e du c\u00f4t\u00e9 de l\u2019h\u00f4pital Mustapha.<\/p>\n<p>Certains manifestants tentent de franchir le dispositif, mais les policiers ripostent en pulv\u00e9risant du gaz lacrymog\u00e8ne qui se r\u00e9pand rapidement sous l\u2019effet des rafales de vent. Malgr\u00e9 leurs yeux larmoyants et la difficult\u00e9 \u00e0 respirer, hommes et femmes scandent\u00a0: \u00abAlg\u00e9rie, libre et ind\u00e9pendante\u00bb, \u00abEchaab yourid etroho ga\u00e2\u00bb (Le peuple veut que vous partiez tous), \u00abBensalah d\u00e9gage\u00bb. Apr\u00e8s un face-\u00e0-face d\u2019une heure, ils quittent par petits groupes les lieux, mais continuent \u00e0 marcher sans se soucier du mouvement des policiers en civil.<\/p>\n<p>Ces derniers proc\u00e8dent aux premi\u00e8res rafles, ciblant les syndicalistes. La foule emprunte la rue parall\u00e8le \u00e0 l\u2019avenue Hassiba Ben Bouali et contourne l\u2019imposant cordon de s\u00e9curit\u00e9.<\/p>\n<p>D\u2019une seule voix, hommes et femmes crient\u00a0: \u00abEnlevez la bande, nous nous porterons mieux\u00bb, \u00abLib\u00e9rez l\u2019Alg\u00e9rie\u00bb, puis chargent encore une fois Abdelkader Bensalah\u00a0: \u00abLa Bedoui, la Bensalah, kolna trouhou ga\u00e2\u00bb (Ni Bedoui, ni Bensalah, on a dit vous partez tous). D\u2019importantes grappes humaines rallient la place Maur\u00e9tania, puis la place de la Grande-Poste, o\u00f9 des centaines de manifestants occupent les lieux depuis la matin\u00e9e.<\/p>\n<p>Une foule compacte est bloqu\u00e9e par les policiers \u00e0 la sortie du boulevard Amirouche et les cris de \u00abSilmiya, silmiya\u00bb (Pacifique, pacifique) fusent de partout. Les premi\u00e8res grenades de gaz lacrymog\u00e8ne sont tir\u00e9es.<\/p>\n<p>Les manifestants se dispersent, le temps de s\u2019asperger d\u2019eau et de vinaigre et de revenir plus d\u00e9termin\u00e9s \u00e0 forcer le passage. Une autre grenade, puis une troisi\u00e8me, mais la foule r\u00e9siste.<\/p>\n<p>Subitement, un camion surmont\u00e9 de deux canons avance bruyamment vers les manifestants et laisse gicler de puissants jets d\u2019eau qui s\u2019abattent sur la foule, certains perdent leurs banderoles et leurs pancartes.<\/p>\n<p>Il y en a qui sont \u00e0 m\u00eame la chauss\u00e9e, d\u2019autres suivent la direction des canons pour \u00e9viter d\u2019\u00eatre cibl\u00e9s. Au bout de 20 minutes, les policiers se retirent, laissant la route aux manifestants qui rejoignent enfin le lieu de rassemblement.<\/p>\n<p>Ils sont des milliers \u00e0 \u00eatre rassembl\u00e9s pour crier : \u00abBensalah d\u00e9gage\u00bb, \u00abKoul youm massira maranech habsin\u00bb (Tous les jours des marches, nous n\u2019arr\u00eaterons pas), \u00abLib\u00e9rez l\u2019Alg\u00e9rie\u00bb et \u00abChaab yourid etroho g\u00e2a\u00bb (Le peuple veut que vous partiez tous), \u00abLeblad bladna wendirou rayna\u00bb (Le pays est le n\u00f4tre, nous ferons ce que nous voulons), \u00abL\u2019Alg\u00e9rie est une R\u00e9publique pas un royaume.\u00bb Les pancartes qu\u2019ils hissent haut depuis des heures sont aussi nombreuses que les messages qu\u2019elles comportent : \u00abNi despotisme, ni chaos, nous retrouvons la souverainet\u00e9 confisqu\u00e9e\u00bb, \u00abNi Moscou, ni Paris, c\u2019est \u00e0 nous de choisir notre Pr\u00e9sident\u00bb, \u00abYa Bensalah, rayah rayah\u00bb (Bensalah tu partiras), \u00abLa volont\u00e9 du peuple est une ligne rouge\u00bb, \u00abIl n\u2019y a pas que les trois B qui doivent partir, mais aussi toutes les lettres qui incarnent la corruption.\u00bb<\/p>\n<p>A l\u2019arri\u00e8re, une immense banderole rend hommage au d\u00e9funt Idir Achour, secr\u00e9taire g\u00e9n\u00e9ral du Cla (Comit\u00e9 des lyc\u00e9es d\u2019Alg\u00e9rie), alors que sur une grande pancarte, sur laquelle sont coll\u00e9s un flacon de shampoing, un peigne et une serviette, est \u00e9crit\u00a0: \u00abVous ne nous faites pas peur avec l\u2019eau chaude, nous resterons l\u00e0 jusqu\u2019\u00e0 ce que vous partiez tous.\u00bb Youyous et chants patriotiques transforment les lieux en une immense kermesse.<\/p>\n<p>Infatigables, les manifestants crient leur col\u00e8re contre tous ceux qui incarnent le syst\u00e8me, particuli\u00e8rement contre Abdelkader Bensalah. Tout comme les \u00e9tudiants, ils ne cessent de scander d\u2019une seule voix : \u00abTous les jours une marche, jusqu\u2019\u00e0 ce que vous partiez\u00a0!\u00bb<\/p>\n<p>La d\u00e9signation de Abdelkader Bensalah en tant que chef d\u2019Etat int\u00e9rimaire, en d\u00e9pit de son rejet par la rue, complique la situation et risque, dans les jours \u00e0 venir, de durcir davantage le mouvement de protestation.<\/p>\n<p>Rencontr\u00e9 parmi les manifestants, Ramdane Youcef Taazibt, cadre et ex-d\u00e9put\u00e9 du PT (Parti des travailleurs), r\u00e9sume la situation tout en exprimant le soutien de son parti au mouvement populaire qualifi\u00e9 de \u00abpr\u00e9-r\u00e9volutionnaire\u00bb. \u00abBensalah est un produit du syst\u00e8me intronis\u00e9 par un Parlement ill\u00e9gitime, infest\u00e9 par l\u2019argent sale.<\/p>\n<p>Il inaugure son r\u00e8gne par la r\u00e9pression de la marche des \u00e9tudiants. Cela prouve qu\u2019il n\u2019y a aucune solution politique qui soit conforme aux aspirations populaires.<\/p>\n<p>Ce coup de force ne fera que renforcer le processus r\u00e9volutionnaire.\u00bb Vers 16h, les citoyens commencent \u00e0 se disperser par petits groupes. Les nombreux manifestants embarqu\u00e9s par des policiers en civil ont \u00e9t\u00e9 remis en libert\u00e9 en fin de journ\u00e9e.<\/p>\n<div class=\"yuzo_related_post style-1\" data-version=\"5.12.88\">\n<p><h3>Related Post<\/h3>\n<\/p>\n<div class=\"yuzo_wraps\">\n<div class=\"relatedthumb relatedpost-426670 c12\"><a href=\"https:\/\/www.elwatan.com\/edition\/sports\/le-doyen-amoindri-31-12-2018\"\/><\/p>\n<p><span class=\"yuzo__text--title c11\">Le Doyen amoindri<\/span><\/div>\n<div class=\"relatedthumb relatedpost-557830 c12\"><a href=\"https:\/\/www.elwatan.com\/edition\/actualite\/intersyndicale-de-leducation-loption-de-la-greve-pas-encore-tranchee-12-02-2019\"\/><\/p>\n<p><span class=\"yuzo__text--title c11\">Intersyndicale de l\u2019\u00e9ducation : L\u2019option de la gr\u00e8&#8230;<\/span><\/div>\n<div class=\"relatedthumb relatedpost-560802 c12\"><a href=\"https:\/\/www.elwatan.com\/edition\/actualite\/a-lest-les-etudiants-se-soulevent-nous-navons-plus-peur-27-02-2019\"\/><\/p>\n<p><span class=\"yuzo__text--title c11\">A l\u2019est, les \u00e9tudiants se soul\u00e8vent : \u00abNous n\u2019avon&#8230;<\/span><\/div>\n<div class=\"relatedthumb relatedpost-557551 c12\"><a href=\"https:\/\/www.elwatan.com\/regions\/est\/actu-est\/une-activite-qui-bat-de-laile-11-02-2019\"\/><\/p>\n<p><span class=\"yuzo__text--title c11\">Une activit\u00e9 qui \u00abbat de l\u2019aile\u00bb<\/span><\/div>\n<\/div>\n<\/div>\n<p><span class=\"post-views-label\">Post Views:<\/span> <span class=\"post-views-count\">5\u00a0546<\/span><\/p>\n<p>Auteur: Hicham Chouadria<br \/>\n<a href=\"https:\/\/www.elwatan.com\/a-la-une\/rejet-de-la-feuille-de-route-du-pouvoir-nous-allons-marcher-tous-les-jours-11-04-2019\">Cliquez ici pour lire l&rsquo;article depuis sa source.<\/a><\/p>\n","protected":false},"excerpt":{"rendered":"<p>(Photo : B. Souhil) Quadrill\u00e9 par un dispositif policier impressionnant, le centre de la capitale bouillonnait hier. Un climat tr\u00e8s tendu r\u00e9gnait d\u00e8s le d\u00e9but de la matin\u00e9e. A l\u2019appel d\u2019une dizaine de syndicats autonomes, de nombreux Alg\u00e9riens se sont regroup\u00e9s, d\u00e8s 10h, \u00e0 la place du 1er Mai, brandissant des banderoles et des pancartes [&hellip;]<\/p>\n","protected":false},"author":1743,"featured_media":27260,"comment_status":"closed","ping_status":"closed","sticky":false,"template":"","format":"standard","meta":{"fifu_image_url":"","fifu_image_alt":"","footnotes":""},"categories":[73,53],"tags":[],"class_list":["post-27259","post","type-post","status-publish","format-standard","has-post-thumbnail","hentry","category-actualite","category-algerie"],"_links":{"self":[{"href":"https:\/\/linitiative.ca\/International\/wp-json\/wp\/v2\/posts\/27259","targetHints":{"allow":["GET"]}}],"collection":[{"href":"https:\/\/linitiative.ca\/International\/wp-json\/wp\/v2\/posts"}],"about":[{"href":"https:\/\/linitiative.ca\/International\/wp-json\/wp\/v2\/types\/post"}],"author":[{"embeddable":true,"href":"https:\/\/linitiative.ca\/International\/wp-json\/wp\/v2\/users\/1743"}],"replies":[{"embeddable":true,"href":"https:\/\/linitiative.ca\/International\/wp-json\/wp\/v2\/comments?post=27259"}],"version-history":[{"count":0,"href":"https:\/\/linitiative.ca\/International\/wp-json\/wp\/v2\/posts\/27259\/revisions"}],"wp:featuredmedia":[{"embeddable":true,"href":"https:\/\/linitiative.ca\/International\/wp-json\/"}],"wp:attachment":[{"href":"https:\/\/linitiative.ca\/International\/wp-json\/wp\/v2\/media?parent=27259"}],"wp:term":[{"taxonomy":"category","embeddable":true,"href":"https:\/\/linitiative.ca\/International\/wp-json\/wp\/v2\/categories?post=27259"},{"taxonomy":"post_tag","embeddable":true,"href":"https:\/\/linitiative.ca\/International\/wp-json\/wp\/v2\/tags?post=27259"}],"curies":[{"name":"wp","href":"https:\/\/api.w.org\/{rel}","templated":true}]}}