{"id":27263,"date":"2019-04-11T14:58:44","date_gmt":"2019-04-11T18:58:44","guid":{"rendered":"https:\/\/linitiative.ca\/International\/soudan-omar-el-bechir-renverse-larmee-decrete-letat-durgence\/"},"modified":"2019-04-11T14:58:44","modified_gmt":"2019-04-11T18:58:44","slug":"soudan-omar-el-bechir-renverse-larmee-decrete-letat-durgence","status":"publish","type":"post","link":"https:\/\/linitiative.ca\/International\/soudan-omar-el-bechir-renverse-larmee-decrete-letat-durgence\/","title":{"rendered":"Soudan : Omar el-B\u00e9chir renvers\u00e9, l\u2019arm\u00e9e d\u00e9cr\u00e8te l\u2019\u00e9tat d\u2019urgence"},"content":{"rendered":"<h4 class=\"title-14\"\/>\n<div class=\"featured_image\"><img width=\"640\" height=\"426\" data-cfsrc=\"https:\/\/www.elwatan.com\/wp-content\/uploads\/2019\/04\/el-bachir.jpg\" class=\"attachment-post-thumbnail size-post-thumbnail wp-post-image c1\" alt=\"\" srcset=\"https:\/\/www.elwatan.com\/wp-content\/uploads\/2019\/04\/el-bachir.jpg 640w, https:\/\/www.elwatan.com\/wp-content\/uploads\/2019\/04\/el-bachir-300x200.jpg 300w\" sizes=\"(max-width: 640px) 100vw, 640px\"\/><noscript><\/p>\n<p><img loading=\"lazy\" decoding=\"async\" width=\"640\" height=\"426\" src=\"https:\/\/www.elwatan.com\/wp-content\/uploads\/2019\/04\/el-bachir.jpg\" class=\"attachment-post-thumbnail size-post-thumbnail wp-post-image\" alt=\"\" srcset=\"https:\/\/www.elwatan.com\/wp-content\/uploads\/2019\/04\/el-bachir.jpg 640w, https:\/\/www.elwatan.com\/wp-content\/uploads\/2019\/04\/el-bachir-300x200.jpg 300w\" sizes=\"auto, (max-width: 640px) 100vw, 640px\"\/><\/p>\n<p><\/noscript> <span class=\"featured-image-caption\">Le pr\u00e9sident d\u00e9chur Omar el-B\u00e9chir. Photo : Alsudan alyoum<\/span><\/div>\n<p><span class=\"c5\">L\u2019arm\u00e9e soudanaise a d\u00e9cr\u00e9t\u00e9 jeudi un \u00e9tat d\u2019urgence de trois mois et un couvre-feu d\u2019un mois au niveau national apr\u00e8s la destitution du pr\u00e9sident Omar el-B\u00e9chir, ont rapport\u00e9 des m\u00e9dias locaux.<\/span><\/p>\n<p><span class=\"c5\">Un conseil militaire devrait \u00eatre form\u00e9 pour diriger le pays, a indiqu\u00e9 un communiqu\u00e9 de l\u2019arm\u00e9e, ont ajout\u00e9 les m\u00eames sources, pr\u00e9cisant que le pr\u00e9sident d\u00e9chu se trouve actuellement dans un \u201cendroit s\u00fbr\u201d.<\/span><\/p>\n<p><span class=\"c5\">Le pr\u00e9sident soudanais Omar el-B\u00e9chir, au pouvoir depuis trois d\u00e9cennies, a \u00e9t\u00e9 destitu\u00e9 jeudi par l\u2019arm\u00e9e, au terme d\u2019un mouvement de contestation populaire, a annonc\u00e9 le ministre de la D\u00e9fense, Awad Ahmed Benawf.<\/span><\/p>\n<p><span class=\"c5\">\u201cJ\u2019annonce, en tant que ministre de la D\u00e9fense, la chute du r\u00e9gime et le placement en d\u00e9tention dans un lieu s\u00fbr de son chef\u201d, a d\u00e9clar\u00e9\u00a0 le responsable \u00e0 la t\u00e9l\u00e9vision d\u2019Etat.<\/span><\/p>\n<p><span class=\"c5\">La t\u00e9l\u00e9vision d\u2019Etat a indiqu\u00e9 jeudi matin que l\u2019arm\u00e9e allait faire une d\u00e9claration importante dans les toutes prochaines heures.<\/span><\/p>\n<p><span class=\"c5\">L\u2019arm\u00e9e soudanaise va diffuser une importante d\u00e9claration bient\u00f4t.Attendez-la\u201d, a dit un pr\u00e9sentateur sur la t\u00e9l\u00e9vision d\u2019Etat jeudi matin,laissant entendre qu\u2019il s\u2019agit de la destitution de Omar el-Bachir.<\/span><\/p>\n<p><span class=\"c5\">Des milliers de soudanais dont certains \u00e9taient devant le quartier g\u00e9n\u00e9ral de l\u2019arm\u00e9e depuis samedi ont clam\u00e9 leur joie, chantant \u201cle r\u00e9gime est tomb\u00e9, le r\u00e9gime est tomb\u00e9\u201d.<\/span><\/p>\n<p><span class=\"c5\">Les soudanais qui manifestaient depuis le 19 d\u00e9cembre avaient r\u00e9clam\u00e9 dans un premier temps des revendications socio-\u00e9conomiques, avant de revendiquer le d\u00e9part d\u2019el-Bachir.<\/span><\/p>\n<div class=\"yuzo_related_post style-1\" data-version=\"5.12.88\">\n<p><h3>Related Post<\/h3>\n<\/p>\n<div class=\"yuzo_wraps\">\n<div class=\"relatedthumb relatedpost-373923 c12\"><a href=\"https:\/\/www.elwatan.com\/edition\/international\/manifestations-au-soudan-lopposition-evoque-un-bilan-de-22-morts-23-12-2018\"\/><\/p>\n<p><span class=\"yuzo__text--title c11\">Manifestations au Soudan :\u00a0L\u2019opposition \u00e9voq&#8230;<\/span><\/div>\n<div class=\"relatedthumb relatedpost-155741 c12\"><a href=\"https:\/\/www.elwatan.com\/a-la-une\/une-operation-mains-propres-qui-suscite-des-interrogations-16-10-2018\"\/><\/p>\n<p><span class=\"yuzo__text--title c11\">Une \u00abop\u00e9ration mains propres\u00bb qui suscite des inte&#8230;<\/span><\/div>\n<div class=\"relatedthumb relatedpost-154519 c12\"><a href=\"https:\/\/www.elwatan.com\/edition\/actualite\/mdn-arrestation-de-5-narcotrafiquants-09-10-2018\"\/><\/p>\n<p><span class=\"yuzo__text--title c11\">MDN :\u00a0Arrestation de 5 narcotrafiquants<\/span><\/div>\n<div class=\"relatedthumb relatedpost-148095 c12\"><a href=\"https:\/\/www.elwatan.com\/edition\/actualite\/merine-sidi-bel-abbes-le-terroriste-abattu-identifie-08-09-2018\"\/><\/p>\n<p><span class=\"yuzo__text--title c11\">Merine (Sidi Bel Abb\u00e8s) : Le terroriste abattu Ide&#8230;<\/span><\/div>\n<\/div>\n<\/div>\n<p><span class=\"post-views-label\">Post Views:<\/span> <span class=\"post-views-count\">314<\/span><\/p>\n<p>Auteur: Farouk Djouadi<br \/>\n<a href=\"https:\/\/www.elwatan.com\/edition\/international\/soudan-omar-el-bechir-renverse-larmee-decrete-letat-durgence-11-04-2019\">Cliquez ici pour lire l&rsquo;article depuis sa source.<\/a><\/p>\n","protected":false},"excerpt":{"rendered":"<p>Le pr\u00e9sident d\u00e9chur Omar el-B\u00e9chir. Photo : Alsudan alyoum L\u2019arm\u00e9e soudanaise a d\u00e9cr\u00e9t\u00e9 jeudi un \u00e9tat d\u2019urgence de trois mois et un couvre-feu d\u2019un mois au niveau national apr\u00e8s la destitution du pr\u00e9sident Omar el-B\u00e9chir, ont rapport\u00e9 des m\u00e9dias locaux. Un conseil militaire devrait \u00eatre form\u00e9 pour diriger le pays, a indiqu\u00e9 un communiqu\u00e9 de [&hellip;]<\/p>\n","protected":false},"author":1743,"featured_media":27264,"comment_status":"closed","ping_status":"closed","sticky":false,"template":"","format":"standard","meta":{"fifu_image_url":"","fifu_image_alt":"","footnotes":""},"categories":[73,53],"tags":[],"class_list":["post-27263","post","type-post","status-publish","format-standard","has-post-thumbnail","hentry","category-actualite","category-algerie"],"_links":{"self":[{"href":"https:\/\/linitiative.ca\/International\/wp-json\/wp\/v2\/posts\/27263","targetHints":{"allow":["GET"]}}],"collection":[{"href":"https:\/\/linitiative.ca\/International\/wp-json\/wp\/v2\/posts"}],"about":[{"href":"https:\/\/linitiative.ca\/International\/wp-json\/wp\/v2\/types\/post"}],"author":[{"embeddable":true,"href":"https:\/\/linitiative.ca\/International\/wp-json\/wp\/v2\/users\/1743"}],"replies":[{"embeddable":true,"href":"https:\/\/linitiative.ca\/International\/wp-json\/wp\/v2\/comments?post=27263"}],"version-history":[{"count":0,"href":"https:\/\/linitiative.ca\/International\/wp-json\/wp\/v2\/posts\/27263\/revisions"}],"wp:featuredmedia":[{"embeddable":true,"href":"https:\/\/linitiative.ca\/International\/wp-json\/"}],"wp:attachment":[{"href":"https:\/\/linitiative.ca\/International\/wp-json\/wp\/v2\/media?parent=27263"}],"wp:term":[{"taxonomy":"category","embeddable":true,"href":"https:\/\/linitiative.ca\/International\/wp-json\/wp\/v2\/categories?post=27263"},{"taxonomy":"post_tag","embeddable":true,"href":"https:\/\/linitiative.ca\/International\/wp-json\/wp\/v2\/tags?post=27263"}],"curies":[{"name":"wp","href":"https:\/\/api.w.org\/{rel}","templated":true}]}}