{"id":27267,"date":"2019-04-11T09:20:00","date_gmt":"2019-04-11T13:20:00","guid":{"rendered":"https:\/\/linitiative.ca\/International\/larmee-prend-le-pouvoir-au-soudan\/"},"modified":"2019-04-11T09:20:00","modified_gmt":"2019-04-11T13:20:00","slug":"larmee-prend-le-pouvoir-au-soudan","status":"publish","type":"post","link":"https:\/\/linitiative.ca\/International\/larmee-prend-le-pouvoir-au-soudan\/","title":{"rendered":"L&rsquo;arm\u00e9e prend le pouvoir au Soudan"},"content":{"rendered":"<p>Coup d\u2019Etat au Soudan. C\u2019est le ministre de la D\u00e9fense Awadh Ben Ouf qui a annonc\u00e9 jeudi la prise de pouvoir par l\u2019arm\u00e9e et l\u2019arrestation des dirigeants du r\u00e9gime dont le chef de l\u2019Etat, Omar Al Bachir qui \u00e9t\u00e9 plac\u00e9 en r\u00e9sidence surveill\u00e9e \u00ab en lieu s\u00fbr\u00bb. Un conseil militaire a \u00e9t\u00e9 charg\u00e9 d\u2019administrer le pays pendant deux ans.<\/p>\n<p>Omar El Bachir, lui-m\u00eame militaire, avait pris le pouvoir apr\u00e8s un putsch le 30 juin 1989. Depuis d\u00e9cembre dernier le r\u00e9gime a d\u00fb faire face \u00e0 des manifestations contre la chert\u00e9 de la vie qui se sont tr\u00e8s vite politis\u00e9es r\u00e9clamant la chute du r\u00e9gime. Al Bachir est sous le coup d\u2019un mandat de la Cour p\u00e9nale internationale sur la base de crimes de guerre commis au Darfour.<\/p>\n<p>Depuis 1958, date du premier coup d&rsquo;Etat, organis\u00e9 par le g\u00e9n\u00e9ral Ibrahim Abboud , le Soudan vit sous un r\u00e9gime militaire.<\/p>\n<p>Auteur:<br \/>\n<a href=\"https:\/\/www.leaders.com.tn\/article\/26875-l-armee-prend-le-pouvoir-au-soudan\">Cliquez ici pour lire l&rsquo;article depuis sa source.<\/a><\/p>\n","protected":false},"excerpt":{"rendered":"<p>Coup d\u2019Etat au Soudan. C\u2019est le ministre de la D\u00e9fense Awadh Ben Ouf qui a annonc\u00e9 jeudi la prise de pouvoir par l\u2019arm\u00e9e et l\u2019arrestation des dirigeants du r\u00e9gime dont le chef de l\u2019Etat, Omar Al Bachir qui \u00e9t\u00e9 plac\u00e9 en r\u00e9sidence surveill\u00e9e \u00ab en lieu s\u00fbr\u00bb. Un conseil militaire a \u00e9t\u00e9 charg\u00e9 d\u2019administrer le [&hellip;]<\/p>\n","protected":false},"author":1772,"featured_media":0,"comment_status":"closed","ping_status":"closed","sticky":false,"template":"","format":"standard","meta":{"fifu_image_url":"","fifu_image_alt":"","footnotes":""},"categories":[73,55],"tags":[],"class_list":["post-27267","post","type-post","status-publish","format-standard","hentry","category-actualite","category-tunisie"],"_links":{"self":[{"href":"https:\/\/linitiative.ca\/International\/wp-json\/wp\/v2\/posts\/27267","targetHints":{"allow":["GET"]}}],"collection":[{"href":"https:\/\/linitiative.ca\/International\/wp-json\/wp\/v2\/posts"}],"about":[{"href":"https:\/\/linitiative.ca\/International\/wp-json\/wp\/v2\/types\/post"}],"author":[{"embeddable":true,"href":"https:\/\/linitiative.ca\/International\/wp-json\/wp\/v2\/users\/1772"}],"replies":[{"embeddable":true,"href":"https:\/\/linitiative.ca\/International\/wp-json\/wp\/v2\/comments?post=27267"}],"version-history":[{"count":0,"href":"https:\/\/linitiative.ca\/International\/wp-json\/wp\/v2\/posts\/27267\/revisions"}],"wp:attachment":[{"href":"https:\/\/linitiative.ca\/International\/wp-json\/wp\/v2\/media?parent=27267"}],"wp:term":[{"taxonomy":"category","embeddable":true,"href":"https:\/\/linitiative.ca\/International\/wp-json\/wp\/v2\/categories?post=27267"},{"taxonomy":"post_tag","embeddable":true,"href":"https:\/\/linitiative.ca\/International\/wp-json\/wp\/v2\/tags?post=27267"}],"curies":[{"name":"wp","href":"https:\/\/api.w.org\/{rel}","templated":true}]}}