{"id":27269,"date":"2019-04-11T12:30:00","date_gmt":"2019-04-11T16:30:00","guid":{"rendered":"https:\/\/linitiative.ca\/International\/lecole-nationale-dadministration-fete-ses-70-ans\/"},"modified":"2019-04-11T12:30:00","modified_gmt":"2019-04-11T16:30:00","slug":"lecole-nationale-dadministration-fete-ses-70-ans","status":"publish","type":"post","link":"https:\/\/linitiative.ca\/International\/lecole-nationale-dadministration-fete-ses-70-ans\/","title":{"rendered":"L\u2019\u00c9cole Nationale d\u2019Administration f\u00eate ses 70 ans"},"content":{"rendered":"<p>L&rsquo;Ecole Nationale d&rsquo;Administration a 70 ans.L&rsquo;\u00e9v\u00e8nement a \u00e9t\u00e9 c\u00e9l\u00e9br\u00e9 ce jeudi en grande pompe en pr\u00e9sence de Youssef Chahed, Chef du gouvernement et d&rsquo;un grand nombre d&rsquo;invit\u00e9s tunisiens et \u00e9trangers.<\/p>\n<p>Cette insitution est consid\u00e9r\u00e9e comme l\u2019un des acquis nationaux les plus importants puisqu&rsquo;elle a \u0153uvr\u00e9, depuis sa cr\u00e9ation le 3 f\u00e9vrier 1949, soit sept ans avant l&rsquo;ind\u00e9pendance, \u00e0 la formation des ressources humaines n\u00e9cessaires \u00e0 la gestion des structures publiques. L&rsquo;ind\u00e9pendance recouvr\u00e9e, son r\u00f4le s&rsquo;est renforc\u00e9 surtout apr\u00e8s sa tunisification le 21 juin 1956, puisqu&rsquo;elle a contribu\u00e9 \u00e0 partir de cette date \u00e0 l&rsquo;\u00e9dification de l&rsquo;Etat moderne et \u00e0 la formation des cadres administratifs sup\u00e9rieurs et moyens, en leur inculquant les principes de la gestion du service public, les valeurs de la R\u00e9publique, la bonne gouvernance et en les aidant \u00e0 ma\u00eetriser les r\u00e8gles de la direction administrative.<\/p>\n<p>L\u2019\u00e9cole a \u00e9galement cherch\u00e9 \u00e0 suivre tous les d\u00e9veloppements et changements observ\u00e9s dans son environnement et a modifi\u00e9 ses programmes de formation \u00e0 chaque fois que cela \u00e9tait n\u00e9cessaire en vue de r\u00e9pondre aux exigences des diverses r\u00e9formes \u00e9conomiques, sociales et culturelles et ayant toujours pour ultime fin de renforcer les ressources humaines de l\u2019administration, des institutions et des entreprises publiques dans divers secteurs vitaux.<\/p>\n<p>A la fin de l&rsquo;ann\u00e9e 2018, l\u2019\u00e9cole \u00e9tait en mesure de renforcer l\u2019administration tunisienne avec plus de 18 500 cadres sup\u00e9rieurs et moyens et agents pour divers minist\u00e8res et administrations r\u00e9gionales et locales, au profit des diff\u00e9rentes structures de contr\u00f4le administratif et financier, du Tribunal Administratif et de la Cour des Comptes. Ses efforts pour s\u2019ouvrir sur son environnement int\u00e9rieur et ext\u00e9rieur et pour \u00e9tablir des relations dans le cadre de la coop\u00e9ration internationale sont les principaux facteurs ayant contribu\u00e9 au d\u00e9veloppement de ses activit\u00e9s et de son rayonnement aux niveaux national et international, ce qui fut une opportunit\u00e9 pour tirer profit des exp\u00e9riences r\u00e9ussies dans le domaine de la formation administrative et du d\u00e9veloppement des ressources humaines.<br \/>L&rsquo;\u00e9cole a une longue tradition de coop\u00e9ration internationale avec ses homologues \u00e0 l&rsquo;\u00e9tranger ainsi qu&rsquo;avec des institutions et structures internationales qui soutiennent la coop\u00e9ration dans l&rsquo;administration publique et la bonne gouvernance, se manifestant par l\u2019 importance particuli\u00e8re accord\u00e9e au d\u00e9veloppement de cette coop\u00e9ration, \u00e0 l&rsquo;expansion de ses domaines et \u00e0 l&rsquo;intensification des opportunit\u00e9s de partage d&rsquo;exp\u00e9riences.<\/p>\n<p>L&rsquo;Ecole Nationale d&rsquo;Administration a d\u00e9fini sa propre vision fond\u00e9e sur un ensemble de valeurs qu&rsquo;elle a toujours \u0153uvr\u00e9 \u00e0 appliquer et \u00e0 p\u00e9renniser via et gr\u00e2ce aux formateurs et au cadre administratif, qui veillent \u00e0 les transmettre aux groupes successifs d&rsquo;\u00e9l\u00e8ves et d&rsquo;apprenants form\u00e9s au cours des 70 ann\u00e9es de la vie de cette institution.<br \/>Le code d&rsquo;\u00e9thique et la d\u00e9ontologie de l&rsquo;\u00c9cole reposent sur trois valeurs fondamentales qui s&rsquo;int\u00e8grent et interagissent les unes avec les autres :<\/p>\n<ul>\n<li>Valeur d\u2019engagement: Adh\u00e9rer \u00e0 la diligence, rechercher le meilleur investissement individuel et collectif pour l&rsquo;excellence.<\/li>\n<li>Valeur de neutralit\u00e9: Une valeur constitutionnelle qui souligne la n\u00e9cessit\u00e9 de rester dans l&rsquo;exercice de t\u00e2ches \u00e0 la m\u00eame distance de tous les acteurs politiques et \u00e9conomiques influents et de la soci\u00e9t\u00e9.<\/li>\n<li>Valeur d\u2019abn\u00e9gation: C&rsquo;est la valeur qui refl\u00e8te la noblesse de servir l&rsquo;int\u00e9r\u00eat public, qui exige l&rsquo;abn\u00e9gation de soi et faire passer l&rsquo;int\u00e9r\u00eat public sur l&rsquo;int\u00e9r\u00eat personnel pour servir la patrie et le citoyen.<br \/>\u00a0<\/li>\n<\/ul>\n<p>Auteur:<br \/>\n<a href=\"https:\/\/www.leaders.com.tn\/article\/26876-l-ecole-nationale-d-administration-de-tunis-fete-ses-70-ans\">Cliquez ici pour lire l&rsquo;article depuis sa source.<\/a><\/p>\n","protected":false},"excerpt":{"rendered":"<p>L&rsquo;Ecole Nationale d&rsquo;Administration a 70 ans.L&rsquo;\u00e9v\u00e8nement a \u00e9t\u00e9 c\u00e9l\u00e9br\u00e9 ce jeudi en grande pompe en pr\u00e9sence de Youssef Chahed, Chef du gouvernement et d&rsquo;un grand nombre d&rsquo;invit\u00e9s tunisiens et \u00e9trangers. Cette insitution est consid\u00e9r\u00e9e comme l\u2019un des acquis nationaux les plus importants puisqu&rsquo;elle a \u0153uvr\u00e9, depuis sa cr\u00e9ation le 3 f\u00e9vrier 1949, soit sept ans [&hellip;]<\/p>\n","protected":false},"author":1772,"featured_media":0,"comment_status":"closed","ping_status":"closed","sticky":false,"template":"","format":"standard","meta":{"fifu_image_url":"","fifu_image_alt":"","footnotes":""},"categories":[73,55],"tags":[],"class_list":["post-27269","post","type-post","status-publish","format-standard","hentry","category-actualite","category-tunisie"],"_links":{"self":[{"href":"https:\/\/linitiative.ca\/International\/wp-json\/wp\/v2\/posts\/27269","targetHints":{"allow":["GET"]}}],"collection":[{"href":"https:\/\/linitiative.ca\/International\/wp-json\/wp\/v2\/posts"}],"about":[{"href":"https:\/\/linitiative.ca\/International\/wp-json\/wp\/v2\/types\/post"}],"author":[{"embeddable":true,"href":"https:\/\/linitiative.ca\/International\/wp-json\/wp\/v2\/users\/1772"}],"replies":[{"embeddable":true,"href":"https:\/\/linitiative.ca\/International\/wp-json\/wp\/v2\/comments?post=27269"}],"version-history":[{"count":0,"href":"https:\/\/linitiative.ca\/International\/wp-json\/wp\/v2\/posts\/27269\/revisions"}],"wp:attachment":[{"href":"https:\/\/linitiative.ca\/International\/wp-json\/wp\/v2\/media?parent=27269"}],"wp:term":[{"taxonomy":"category","embeddable":true,"href":"https:\/\/linitiative.ca\/International\/wp-json\/wp\/v2\/categories?post=27269"},{"taxonomy":"post_tag","embeddable":true,"href":"https:\/\/linitiative.ca\/International\/wp-json\/wp\/v2\/tags?post=27269"}],"curies":[{"name":"wp","href":"https:\/\/api.w.org\/{rel}","templated":true}]}}