{"id":27270,"date":"2019-04-11T14:23:00","date_gmt":"2019-04-11T18:23:00","guid":{"rendered":"https:\/\/linitiative.ca\/International\/ridha-chalghoum-depuis-washington-il-ny-a-pas-de-desaccord-avec-le-fmi-sur-les-montants-de-la-caisse-de-compensation-photos-et-video\/"},"modified":"2019-04-11T14:23:00","modified_gmt":"2019-04-11T18:23:00","slug":"ridha-chalghoum-depuis-washington-il-ny-a-pas-de-desaccord-avec-le-fmi-sur-les-montants-de-la-caisse-de-compensation-photos-et-video","status":"publish","type":"post","link":"https:\/\/linitiative.ca\/International\/ridha-chalghoum-depuis-washington-il-ny-a-pas-de-desaccord-avec-le-fmi-sur-les-montants-de-la-caisse-de-compensation-photos-et-video\/","title":{"rendered":"Ridha Chalghoum, depuis Washington : Il n\u2019y a pas de d\u00e9saccord avec le FMI sur les montants de la Caisse de Compensation (Photos et Vid\u00e9o)"},"content":{"rendered":"<p><em><em><strong>Washington DC \u2013 De l\u2019envoy\u00e9 sp\u00e9cial de Leaders, Taoufik Habaieb.<\/strong><\/em> Nous allons aboutir rapidement dans nos discussions avec le FMI, si les choses \u00e9voluent correctement.<\/em> C\u2019est ce que confie \u00e0 Leaders, le ministre des Finances, Ridha Chalghoum, entre deux r\u00e9unions au si\u00e8ge du Fonds \u00e0 Washington. <em>Il n\u2019y a pas de d\u00e9saccord sur les questions \u00e9voqu\u00e9es, mais quelques \u00e9l\u00e9ments d\u2019accords techniques sur les court et moyen termes restent \u00e0 convenir<\/em>, pr\u00e9cise-t-il.<\/p>\n<p class=\"c2\"><img loading=\"lazy\" decoding=\"async\" src=\"\/uploads\/FCK_files\/57111764_837755439920496_5692677051438333952_n.jpg\" class=\"responsive_img\" alt=\"\" width=\"700\" vspace=\"5\" hspace=\"5\" height=\"390\" align=\"middle\"\/><\/p>\n<p><em>L\u2019essentiel,<\/em> ajoute le ministre des Finances, <em>est de demeurer conforme aux objectifs initiaux du programme amorc\u00e9 depuis 2106 avec le FMI, relatifs \u00e0 la consolidation budg\u00e9taire et des comptes ext\u00e9rieurs et la r\u00e9alisation d\u2019une croissance solide.<\/em><\/p>\n<p class=\"c2\"><img loading=\"lazy\" decoding=\"async\" src=\"\/uploads\/FCK_files\/56910156_342514539950515_9109382689990901760_n.jpg\" class=\"responsive_img\" alt=\"\" width=\"700\" vspace=\"5\" hspace=\"5\" height=\"511\" align=\"middle\"\/><\/p>\n<p><span class=\"c3\"><strong>Interrog\u00e9 sur la nature de ces points techniques<\/strong><\/span>, Ridha Chalghoum pr\u00e9cise <em>qu\u2019il s\u2019agit de l\u2019intervention du budget de l\u2019Etat en termes de subvention, r\u00e9v\u00e9lant qu\u2019il n\u2019y a pas de d\u00e9saccord sur les montants relatifs \u00e0 la Caisse de Compensation, y compris pour ce qui est de la partie r\u00e9serv\u00e9e \u00e0 la subvention de l\u2019\u00e9nergie. Pour les autres points techniques encore entre crochets, la Tunisie \u0153uvre \u00e0 ce que le montant additionnel inscrit par le gouvernement dans le budget de l\u2019Etat soit supportable pour rester dans un cadre budg\u00e9taire ma\u00eetris\u00e9.<\/em><\/p>\n<p class=\"c2\"><iframe loading=\"lazy\" src=\"https:\/\/www.youtube.com\/embed\/2aqpblkuyg8\" allow=\"accelerometer; autoplay; encrypted-media; gyroscope; picture-in-picture\" allowfullscreen=\"\" width=\"560\" height=\"315\" frameborder=\"0\">[embedded content]<\/iframe><\/p>\n<p class=\"c2\"><img loading=\"lazy\" decoding=\"async\" src=\"\/uploads\/FCK_files\/delegation(1).jpg\" alt=\"\" width=\"700\" vspace=\"5\" hspace=\"5\" height=\"381\" align=\"middle\"\/><\/p>\n<p class=\"c4\"><strong>Lire aussi<\/strong><br \/><a href=\"https:\/\/www.leaders.com.tn\/article\/26864-pourquoi-le-fmi-revoit-a-la-baisse-la-croissance-mondiale-en-2019\" target=\"_blank\" rel=\"noopener noreferrer\">Pourquoi le FMI revoit \u00e0 la baisse la croissance mondiale en 2019<\/a><\/p>\n<p class=\"c4\"><a href=\"https:\/\/www.leaders.com.tn\/article\/26859-qui-participe-au-nom-de-la-tunisie-aux-reunions-du-printemps-a-washington\" target=\"_blank\" rel=\"noopener noreferrer\">Qui participe au nom de la Tunisie aux R\u00e9unions du Printemps \u00e0 Washington<\/a><\/p>\n<p class=\"c4\"><a href=\"https:\/\/www.leaders.com.tn\/article\/26863-que-fait-yassine-brahim-a-washington-dc\" target=\"_blank\" rel=\"noopener noreferrer\">Que fait Yassine Brahim \u00e0 Washington DC<\/a><\/p>\n<p class=\"c4\"><a href=\"https:\/\/www.leaders.com.tn\/article\/26856-l-agenda-charge-de-jhinaoui-a-new-york-et-washington-conseil-de-securite-sommet-arabe-libye\" target=\"_blank\" rel=\"noopener noreferrer\">L\u2019agenda charg\u00e9 de Jhinaoui \u00e0 New York et Washington : Conseil de S\u00e9curit\u00e9, Sommet arabe, Libye\u2026<\/a><\/p>\n<p class=\"c4\"><a href=\"https:\/\/www.leaders.com.tn\/article\/26865-olfa-soukri-cherif-reelue-a-washington-au-conseil-d-administration-du-reseau-parlementaire-mondial\" target=\"_blank\" rel=\"noopener noreferrer\">Olfa Soukri Cherif, r\u00e9\u00e9lue \u00e0 Washington au Conseil d\u2019administration du r\u00e9seau parlementaire mondial<\/a><\/p>\n<p class=\"c4\"><a href=\"https:\/\/www.leaders.com.tn\/article\/26860-caisses-des-depots\" target=\"_blank\" rel=\"noopener noreferrer\">Ridha Chalghoum et Boutheina Ben Yaghlane pr\u00e9sentent \u00e0 Washington DC les avanc\u00e9es de la CDC<\/a><\/p>\n<p class=\"c4\"><a href=\"https:\/\/www.leaders.com.tn\/article\/26869-ouided-bouchamaoui-invitee-d-honneur-a-washington\" target=\"_blank\" rel=\"noopener noreferrer\">Ouided Bouchamaoui invit\u00e9e d\u2019honneur \u00e0 Washington<\/a><\/p>\n<p class=\"c4\"><a href=\"https:\/\/www.leaders.com.tn\/article\/26873-jhinaoui-a-washington-les-etats-unis-reiterent-leur-plein-soutien-a-la-tunisie\" target=\"_blank\" rel=\"noopener noreferrer\">Jhinaoui re\u00e7u \u00e0 Washington : Nouvel appui am\u00e9ricain significatif \u00e0 la Tunisie<\/a><\/p>\n<p class=\"c4\"><a href=\"https:\/\/www.leaders.com.tn\/article\/26878-marouane-el-abassi-a-leaders-les-discussions-avec-le-fmi-longues-et-difficiles-mais-convergentes\" target=\"_blank\" rel=\"noopener noreferrer\">Marouane El Abassi \u00e0 Leaders : Les discussions avec le FMI, longues et difficiles, mais convergentes<\/a><\/p>\n<p class=\"c2\">\u00a0<\/p>\n<p>Auteur:<br \/>\n<a href=\"https:\/\/www.leaders.com.tn\/article\/26877-ridha-chalghoum-depuis-washington-il-n-y-a-pas-de-desaccord-avec-le-fmi-sur-les-montants-de-la-caisse-de-compensation-video\">Cliquez ici pour lire l&rsquo;article depuis sa source.<\/a><\/p>\n","protected":false},"excerpt":{"rendered":"<p>Washington DC \u2013 De l\u2019envoy\u00e9 sp\u00e9cial de Leaders, Taoufik Habaieb. Nous allons aboutir rapidement dans nos discussions avec le FMI, si les choses \u00e9voluent correctement. C\u2019est ce que confie \u00e0 Leaders, le ministre des Finances, Ridha Chalghoum, entre deux r\u00e9unions au si\u00e8ge du Fonds \u00e0 Washington. Il n\u2019y a pas de d\u00e9saccord sur les questions [&hellip;]<\/p>\n","protected":false},"author":1772,"featured_media":27271,"comment_status":"closed","ping_status":"closed","sticky":false,"template":"","format":"standard","meta":{"fifu_image_url":"","fifu_image_alt":"","footnotes":""},"categories":[73,55],"tags":[],"class_list":["post-27270","post","type-post","status-publish","format-standard","has-post-thumbnail","hentry","category-actualite","category-tunisie"],"_links":{"self":[{"href":"https:\/\/linitiative.ca\/International\/wp-json\/wp\/v2\/posts\/27270","targetHints":{"allow":["GET"]}}],"collection":[{"href":"https:\/\/linitiative.ca\/International\/wp-json\/wp\/v2\/posts"}],"about":[{"href":"https:\/\/linitiative.ca\/International\/wp-json\/wp\/v2\/types\/post"}],"author":[{"embeddable":true,"href":"https:\/\/linitiative.ca\/International\/wp-json\/wp\/v2\/users\/1772"}],"replies":[{"embeddable":true,"href":"https:\/\/linitiative.ca\/International\/wp-json\/wp\/v2\/comments?post=27270"}],"version-history":[{"count":0,"href":"https:\/\/linitiative.ca\/International\/wp-json\/wp\/v2\/posts\/27270\/revisions"}],"wp:featuredmedia":[{"embeddable":true,"href":"https:\/\/linitiative.ca\/International\/wp-json\/"}],"wp:attachment":[{"href":"https:\/\/linitiative.ca\/International\/wp-json\/wp\/v2\/media?parent=27270"}],"wp:term":[{"taxonomy":"category","embeddable":true,"href":"https:\/\/linitiative.ca\/International\/wp-json\/wp\/v2\/categories?post=27270"},{"taxonomy":"post_tag","embeddable":true,"href":"https:\/\/linitiative.ca\/International\/wp-json\/wp\/v2\/tags?post=27270"}],"curies":[{"name":"wp","href":"https:\/\/api.w.org\/{rel}","templated":true}]}}