{"id":27272,"date":"2019-04-11T14:36:00","date_gmt":"2019-04-11T18:36:00","guid":{"rendered":"https:\/\/linitiative.ca\/International\/marouane-el-abassi-a-leaders-les-discussions-avec-le-fmi-longues-et-difficiles-mais-convergentes\/"},"modified":"2019-04-11T14:36:00","modified_gmt":"2019-04-11T18:36:00","slug":"marouane-el-abassi-a-leaders-les-discussions-avec-le-fmi-longues-et-difficiles-mais-convergentes","status":"publish","type":"post","link":"https:\/\/linitiative.ca\/International\/marouane-el-abassi-a-leaders-les-discussions-avec-le-fmi-longues-et-difficiles-mais-convergentes\/","title":{"rendered":"Marouane El Abassi \u00e0 Leaders : Les discussions avec le FMI, longues et difficiles, mais convergentes"},"content":{"rendered":"<p><em><strong>Washington DC \u2013 De l\u2019envoy\u00e9 sp\u00e9cial de Leaders, Taoufik Habaieb.<\/strong><\/em> Le gouverneur de la Banque centrale de Tunisie, Marouane El Abassi esp\u00e8re pouvoir clore la fin de cette semaine avec succ\u00e8s les discussions avec le Fonds mon\u00e9taire international (FMI). \u00ab\u00a0Nos discussions ont \u00e9t\u00e9 longues et difficiles, indique-t-il \u00e0 <strong>Leaders<\/strong>. Mais, on est en train de converger vers une revue r\u00e9ussie \u00e0 la fin de la semaine. \u00bb<\/p>\n<p class=\"c2\"><img loading=\"lazy\" decoding=\"async\" src=\"\/uploads\/FCK_files\/57111764_837755439920496_5692677051438333952_n.jpg\" class=\"responsive_img\" alt=\"\" width=\"700\" vspace=\"5\" hspace=\"5\" height=\"390\" align=\"middle\"\/><\/p>\n<p>Au 11\u00e8me \u00e9tage du quartier g\u00e9n\u00e9ral du FMI \u00e0 Washington, la d\u00e9l\u00e9gation tunisienne a \u00e9lu domicile d\u00e8s t\u00f4t le matin, dans la suite r\u00e9serv\u00e9e \u00e0 un paquet de pays actionnaires dont la Tunisie. Encha\u00eenant r\u00e9unions avec analystes financiers, experts et agences de notations, elle s\u2019emploie \u00e0 fournir les explications.\u00a0Elle est compos\u00e9e notamment des ministres Ridha Chalghoum (Finances) et Zied Ladhari (D\u00e9veloppement, Investissement et Coop\u00e9ration internationale). En appui, se d\u00e9ploie utilement Monia Saadaoui, Advisor to Executive Director, cette \u00e9minente figure de la Banque centrale d\u00e9p\u00each\u00e9e depuis quatre ans et demi au si\u00e8ge du FMI. La d\u00e9l\u00e9gation comprend \u00e9galement B\u00e9chir Trabelsi, Mourad Abdessalem, et Abdelkerim Lassoued, tous trois directeurs g\u00e9n\u00e9raux et Skander Turki, directeur \u00e0 la Banque centrale. Le ministre Chalghoum est assist\u00e9 de Mme Ibtissem Belaljia, directeur au minist\u00e8re des Finances.<\/p>\n<p class=\"c2\"><img loading=\"lazy\" decoding=\"async\" src=\"\/uploads\/FCK_files\/56910156_342514539950515_9109382689990901760_n.jpg\" class=\"responsive_img\" alt=\"\" width=\"700\" vspace=\"5\" hspace=\"5\" height=\"511\" align=\"middle\"\/><\/p>\n<p class=\"c2\"><img loading=\"lazy\" decoding=\"async\" src=\"\/uploads\/FCK_files\/delegation.jpg\" class=\"responsive_img\" alt=\"\" width=\"700\" vspace=\"5\" hspace=\"5\" height=\"381\" align=\"middle\"\/><\/p>\n<p class=\"c3\"><strong>Lire aussi<\/strong><br \/><a href=\"https:\/\/www.leaders.com.tn\/article\/26864-pourquoi-le-fmi-revoit-a-la-baisse-la-croissance-mondiale-en-2019\" target=\"_blank\" rel=\"noopener noreferrer\">Pourquoi le FMI revoit \u00e0 la baisse la croissance mondiale en 2019<\/a><\/p>\n<p class=\"c3\"><a href=\"https:\/\/www.leaders.com.tn\/article\/26859-qui-participe-au-nom-de-la-tunisie-aux-reunions-du-printemps-a-washington\" target=\"_blank\" rel=\"noopener noreferrer\">Qui participe au nom de la Tunisie aux R\u00e9unions du Printemps \u00e0 Washington<\/a><\/p>\n<p class=\"c3\"><a href=\"https:\/\/www.leaders.com.tn\/article\/26863-que-fait-yassine-brahim-a-washington-dc\" target=\"_blank\" rel=\"noopener noreferrer\">Que fait Yassine Brahim \u00e0 Washington DC<\/a><\/p>\n<p class=\"c3\"><a href=\"https:\/\/www.leaders.com.tn\/article\/26856-l-agenda-charge-de-jhinaoui-a-new-york-et-washington-conseil-de-securite-sommet-arabe-libye\" target=\"_blank\" rel=\"noopener noreferrer\">L\u2019agenda charg\u00e9 de Jhinaoui \u00e0 New York et Washington : Conseil de S\u00e9curit\u00e9, Sommet arabe, Libye\u2026<\/a><\/p>\n<p class=\"c3\"><a href=\"https:\/\/www.leaders.com.tn\/article\/26865-olfa-soukri-cherif-reelue-a-washington-au-conseil-d-administration-du-reseau-parlementaire-mondial\" target=\"_blank\" rel=\"noopener noreferrer\">Olfa Soukri Cherif, r\u00e9\u00e9lue \u00e0 Washington au Conseil d\u2019administration du r\u00e9seau parlementaire mondial<\/a><\/p>\n<p class=\"c3\"><a href=\"https:\/\/www.leaders.com.tn\/article\/26860-caisses-des-depots\" target=\"_blank\" rel=\"noopener noreferrer\">Ridha Chalghoum et Boutheina Ben Yaghlane pr\u00e9sentent \u00e0 Washington DC les avanc\u00e9es de la CDC<\/a><\/p>\n<p class=\"c3\"><a href=\"https:\/\/www.leaders.com.tn\/article\/26869-ouided-bouchamaoui-invitee-d-honneur-a-washington\" target=\"_blank\" rel=\"noopener noreferrer\">Ouided Bouchamaoui invit\u00e9e d\u2019honneur \u00e0 Washington<\/a><\/p>\n<p class=\"c3\"><a href=\"https:\/\/www.leaders.com.tn\/article\/26873-jhinaoui-a-washington-les-etats-unis-reiterent-leur-plein-soutien-a-la-tunisie\" target=\"_blank\" rel=\"noopener noreferrer\">Jhinaoui re\u00e7u \u00e0 Washington : Nouvel appui am\u00e9ricain significatif \u00e0 la Tunisie<\/a><\/p>\n<p class=\"c3\"><a href=\"https:\/\/www.leaders.com.tn\/article\/26877-ridha-chalghoum-depuis-washington-il-n-y-a-pas-de-desaccord-avec-le-fmi-sur-les-montants-de-la-caisse-de-compensation-video\" target=\"_blank\" rel=\"noopener noreferrer\">Ridha Chalghoum, depuis Washington : Il n\u2019y a pas de d\u00e9saccord avec le FMI sur les montants de la Caisse de Compensation (Photos et Vid\u00e9o)<\/a><\/p>\n<p>Auteur:<br \/>\n<a href=\"https:\/\/www.leaders.com.tn\/article\/26878-marouane-el-abassi-a-leaders-les-discussions-avec-le-fmi-longues-et-difficiles-mais-convergentes\">Cliquez ici pour lire l&rsquo;article depuis sa source.<\/a><\/p>\n","protected":false},"excerpt":{"rendered":"<p>Washington DC \u2013 De l\u2019envoy\u00e9 sp\u00e9cial de Leaders, Taoufik Habaieb. Le gouverneur de la Banque centrale de Tunisie, Marouane El Abassi esp\u00e8re pouvoir clore la fin de cette semaine avec succ\u00e8s les discussions avec le Fonds mon\u00e9taire international (FMI). \u00ab\u00a0Nos discussions ont \u00e9t\u00e9 longues et difficiles, indique-t-il \u00e0 Leaders. Mais, on est en train de [&hellip;]<\/p>\n","protected":false},"author":1772,"featured_media":27273,"comment_status":"closed","ping_status":"closed","sticky":false,"template":"","format":"standard","meta":{"fifu_image_url":"","fifu_image_alt":"","footnotes":""},"categories":[73,55],"tags":[],"class_list":["post-27272","post","type-post","status-publish","format-standard","has-post-thumbnail","hentry","category-actualite","category-tunisie"],"_links":{"self":[{"href":"https:\/\/linitiative.ca\/International\/wp-json\/wp\/v2\/posts\/27272","targetHints":{"allow":["GET"]}}],"collection":[{"href":"https:\/\/linitiative.ca\/International\/wp-json\/wp\/v2\/posts"}],"about":[{"href":"https:\/\/linitiative.ca\/International\/wp-json\/wp\/v2\/types\/post"}],"author":[{"embeddable":true,"href":"https:\/\/linitiative.ca\/International\/wp-json\/wp\/v2\/users\/1772"}],"replies":[{"embeddable":true,"href":"https:\/\/linitiative.ca\/International\/wp-json\/wp\/v2\/comments?post=27272"}],"version-history":[{"count":0,"href":"https:\/\/linitiative.ca\/International\/wp-json\/wp\/v2\/posts\/27272\/revisions"}],"wp:featuredmedia":[{"embeddable":true,"href":"https:\/\/linitiative.ca\/International\/wp-json\/"}],"wp:attachment":[{"href":"https:\/\/linitiative.ca\/International\/wp-json\/wp\/v2\/media?parent=27272"}],"wp:term":[{"taxonomy":"category","embeddable":true,"href":"https:\/\/linitiative.ca\/International\/wp-json\/wp\/v2\/categories?post=27272"},{"taxonomy":"post_tag","embeddable":true,"href":"https:\/\/linitiative.ca\/International\/wp-json\/wp\/v2\/tags?post=27272"}],"curies":[{"name":"wp","href":"https:\/\/api.w.org\/{rel}","templated":true}]}}