{"id":27274,"date":"2019-04-11T06:00:00","date_gmt":"2019-04-11T10:00:00","guid":{"rendered":"https:\/\/linitiative.ca\/International\/joan-baez-et-elton-john-en-tournee-dadieu\/"},"modified":"2019-04-11T06:00:00","modified_gmt":"2019-04-11T10:00:00","slug":"joan-baez-et-elton-john-en-tournee-dadieu","status":"publish","type":"post","link":"https:\/\/linitiative.ca\/International\/joan-baez-et-elton-john-en-tournee-dadieu\/","title":{"rendered":"Joan Baez et Elton John en tourn\u00e9e d&rsquo;adieu"},"content":{"rendered":"<p>Outre Elton John, Joan Baez et Anita Baker\u00a0 en tourn\u00e9e d&rsquo;adieu, la 53e \u00e9dition du Festival de jazz de Montreux, du 28 juin au 13 juillet, invitera aussi \u00e0 entendre plusieurs \u00abl\u00e9gendes\u00bb de la musique,\u00a0 comme Sting, ZZTop, Quincy Jones ou Lauryn Hill. \u00abIl y a un d\u00e9fil\u00e9 de grandes personnalit\u00e9s, de v\u00e9ritables l\u00e9gendes, des\u00a0 artistes qui ont dur\u00e9 et qui ont marqu\u00e9 l&rsquo;histoire de la musique, chacun dans\u00a0 son domaine et son style respectif\u00bb, s&rsquo;enthousiasme dans un entretien avec\u00a0 l&rsquo;AFP Mathieu Jaton, directeur de ce grand rendez-vous culturel, cr\u00e9\u00e9 en 1967.\u00a0<br \/>Trois artistes s&rsquo;y produisent dans le cadre de leur tourn\u00e9e d&rsquo;adieu : la star britannique Elton John (le 29 juin), l&rsquo;ic\u00f4ne am\u00e9ricaine de la folk Joan Baez (3 juillet) et l&rsquo;interpr\u00e8te de Sweet Love, la chanteuse am\u00e9ricaine de\u00a0 R&#038;B Anita Baker (10 juillet).<br \/>La touche f\u00e9minine sera compl\u00e9t\u00e9e par l&rsquo;ex-chanteuse des Fugees, Lauryn Hill et par une double affiche \u00e9galement dans la grande salle de l&rsquo;auditorium Stravinski, proposant Lizzo et Janelle Monae, comme un hommage \u00e0 leur mentor,\u00a0 Prince.\u00a0<br \/>En 2010, Prince, qui entretenait une relation tr\u00e8s \u00e9troite avec le\u00a0 festival, s&rsquo;\u00e9tait en effet \u00abgliss\u00e9 incognito en coulisse pour assister au premier show de Janelle Monae \u00e0 Montreux\u00bb, raconte avec malice M. Jaton. L&rsquo;Am\u00e9ricaine de Philadelphie Melody Gardot d\u00e9laissera la grande sc\u00e8ne pour faire vibrer les accents jazz dans l&rsquo;intimit\u00e9 du Club, tout comme le l\u00e9gendaire pianiste aux 22 Grammy Awards, Chick Corea, avec son Spanish Heart Band, ou\u00a0 encore le New-Yorkais Bobby McFerrin, \u00e0 l&rsquo;affiche \u00e0 Montreux pour la 12e fois.\u00a0<br \/>Le Britannique Joe Jackson, qui c\u00e9l\u00e8bre ses 40 ans de carri\u00e8re, revisitera\u00a0 cinq de ses albums les plus populaires, dont Night and Day et son tube Steppin Out. Mathieu Jaton \u00abr\u00eavait\u00bb aussi de pr\u00e9senter le groupe am\u00e9ricain Bon Iver, qui jouera le 7 juillet et est \u00abfier\u00bb de programmer au Stravinski l&rsquo;Anglais Rag&rsquo;N&rsquo;Bone Man, l&rsquo;interpr\u00e8te de Huma, r\u00e9v\u00e9l\u00e9 en 2016 lors de la 50e \u00e9dition du Montreux Jazz. La sc\u00e8ne fran\u00e7aise sera repr\u00e9sent\u00e9e par la Marseillaise Clara Luciani (\u00abLa Grenade\u00bb), Victoire de la musique 2019, par l&rsquo;auteur-compositeur-interpr\u00e8te\u00a0\u00a0<br \/>Yann Tiersen, mais aussi par le groupe pop-soul Kimberose. Parmi les artistes de hip-hop et R&#038;B, Mathieu Jaton cite le groupe am\u00e9ricain Suicide Boys ou encore une soir\u00e9e d\u00e9di\u00e9e au hip-hop fran\u00e7ais avec Koba Lad, PLK et SCH (le 6 juillet).\u00a0<\/p>\n<p>Auteur:<br \/>\n<a href=\"https:\/\/www.lesoirdalgerie.com\/culture\/joan-baez-et-elton-john-en-tournee-dadieu-22118\">Cliquez ici pour lire l&rsquo;article depuis sa source.<\/a><\/p>\n","protected":false},"excerpt":{"rendered":"<p>Outre Elton John, Joan Baez et Anita Baker\u00a0 en tourn\u00e9e d&rsquo;adieu, la 53e \u00e9dition du Festival de jazz de Montreux, du 28 juin au 13 juillet, invitera aussi \u00e0 entendre plusieurs \u00abl\u00e9gendes\u00bb de la musique,\u00a0 comme Sting, ZZTop, Quincy Jones ou Lauryn Hill. \u00abIl y a un d\u00e9fil\u00e9 de grandes personnalit\u00e9s, de v\u00e9ritables l\u00e9gendes, des\u00a0 [&hellip;]<\/p>\n","protected":false},"author":1741,"featured_media":0,"comment_status":"closed","ping_status":"closed","sticky":false,"template":"","format":"standard","meta":{"fifu_image_url":"","fifu_image_alt":"","footnotes":""},"categories":[73,53],"tags":[],"class_list":["post-27274","post","type-post","status-publish","format-standard","hentry","category-actualite","category-algerie"],"_links":{"self":[{"href":"https:\/\/linitiative.ca\/International\/wp-json\/wp\/v2\/posts\/27274","targetHints":{"allow":["GET"]}}],"collection":[{"href":"https:\/\/linitiative.ca\/International\/wp-json\/wp\/v2\/posts"}],"about":[{"href":"https:\/\/linitiative.ca\/International\/wp-json\/wp\/v2\/types\/post"}],"author":[{"embeddable":true,"href":"https:\/\/linitiative.ca\/International\/wp-json\/wp\/v2\/users\/1741"}],"replies":[{"embeddable":true,"href":"https:\/\/linitiative.ca\/International\/wp-json\/wp\/v2\/comments?post=27274"}],"version-history":[{"count":0,"href":"https:\/\/linitiative.ca\/International\/wp-json\/wp\/v2\/posts\/27274\/revisions"}],"wp:attachment":[{"href":"https:\/\/linitiative.ca\/International\/wp-json\/wp\/v2\/media?parent=27274"}],"wp:term":[{"taxonomy":"category","embeddable":true,"href":"https:\/\/linitiative.ca\/International\/wp-json\/wp\/v2\/categories?post=27274"},{"taxonomy":"post_tag","embeddable":true,"href":"https:\/\/linitiative.ca\/International\/wp-json\/wp\/v2\/tags?post=27274"}],"curies":[{"name":"wp","href":"https:\/\/api.w.org\/{rel}","templated":true}]}}