{"id":27285,"date":"2019-04-11T06:12:27","date_gmt":"2019-04-11T10:12:27","guid":{"rendered":"https:\/\/linitiative.ca\/International\/logismed-2019-barid-al-maghrib-lance-lapplication-my-amana\/"},"modified":"2019-04-11T06:12:27","modified_gmt":"2019-04-11T10:12:27","slug":"logismed-2019-barid-al-maghrib-lance-lapplication-my-amana","status":"publish","type":"post","link":"https:\/\/linitiative.ca\/International\/logismed-2019-barid-al-maghrib-lance-lapplication-my-amana\/","title":{"rendered":"Logismed 2019: Barid Al-Maghrib lance l\u2019application \u00ab\u00a0My Amana\u00a0\u00bb"},"content":{"rendered":"<p>\u00ab\u00a0<strong>My Amana<\/strong>\u00ab\u00a0, nouvelle application du Groupe Barid Al-Maghrib, a \u00e9t\u00e9 pr\u00e9sent\u00e9e au 8\u00e8me Salon international du transport et de la logistique pour l\u2019Afrique et la M\u00e9diterran\u00e9e (Logismed).<\/p>\n<div class=\"c10\"\/>\n<p>Outil moderne, intuitif et simple d\u2019utilisation, cette application renforce la digitalisation des processus d\u2019envois en d\u00e9mat\u00e9rialisant les \u00e9tapes cl\u00e9s de l\u2019exp\u00e9rience client, indique <strong>Barid Al-Maghrib<\/strong> dans un communiqu\u00e9.<\/p>\n<p>Avec \u00ab\u00a0My Amana\u00a0\u00bb, les utilisateurs b\u00e9n\u00e9ficient, d\u00e9sormais, d\u2019une large gamme de fonctionnalit\u00e9s et services \u00e0 distance comme le tracking des envois, le calcul des co\u00fbts, la g\u00e9olocalisation des agences Amana et Al Barid Bank ou encore des points-relais.<\/p>\n<p>Ladite application permet \u00e9galement d\u2019entrer en contact avec un commercial, d\u2019envoyer des demandes d\u2019information ou une r\u00e9clamation, mais aussi de d\u00e9couvrir les produits et services disponibles ainsi que toute l\u2019actualit\u00e9 des promotions, ajoute le communiqu\u00e9.<\/p>\n<p>T\u00e9l\u00e9chargeable gratuitement sur l\u2019Apple Store et Google Play, \u00ab\u00a0My Amana\u00a0\u00bb s\u2019adresse aussi bien aux particuliers qu\u2019aux professionnels et aux entreprises.<\/p>\n<p>Barid Al-Maghrib est dot\u00e9 de plateformes aux normes internationales avec 5.000 m\u00b2 d\u2019espace de stockage, un service de distribution \u00e0 domicile aupr\u00e8s de plus de 300 localit\u00e9s et un r\u00e9seau de plus de 1.900 points de contact.<\/p>\n<div class=\"c17\">\n<fieldset class=\"c16\">\n<legend><strong><span class=\"c11\">Challenge<\/span><span class=\"c12\">news<\/span><\/strong><\/legend>\n<div class=\"c15\">Le meilleur de la r\u00e9daction s\u00e9lectionn\u00e9 par Challenge :<\/p>\n<\/div>\n<\/fieldset>\n<\/div>\n<p>Auteur: challenge<br \/>\n<a href=\"https:\/\/www.challenge.ma\/logismed-2019-barid-al-maghrib-lance-lapplication-my-amana-107525\/\">Cliquez ici pour lire l&rsquo;article depuis sa source.<\/a><\/p>\n","protected":false},"excerpt":{"rendered":"<p>\u00ab\u00a0My Amana\u00ab\u00a0, nouvelle application du Groupe Barid Al-Maghrib, a \u00e9t\u00e9 pr\u00e9sent\u00e9e au 8\u00e8me Salon international du transport et de la logistique pour l\u2019Afrique et la M\u00e9diterran\u00e9e (Logismed). Outil moderne, intuitif et simple d\u2019utilisation, cette application renforce la digitalisation des processus d\u2019envois en d\u00e9mat\u00e9rialisant les \u00e9tapes cl\u00e9s de l\u2019exp\u00e9rience client, indique Barid Al-Maghrib dans un communiqu\u00e9. [&hellip;]<\/p>\n","protected":false},"author":1787,"featured_media":0,"comment_status":"closed","ping_status":"closed","sticky":false,"template":"","format":"standard","meta":{"fifu_image_url":"","fifu_image_alt":"","footnotes":""},"categories":[78,54],"tags":[],"class_list":["post-27285","post","type-post","status-publish","format-standard","hentry","category-economie","category-maroc"],"_links":{"self":[{"href":"https:\/\/linitiative.ca\/International\/wp-json\/wp\/v2\/posts\/27285","targetHints":{"allow":["GET"]}}],"collection":[{"href":"https:\/\/linitiative.ca\/International\/wp-json\/wp\/v2\/posts"}],"about":[{"href":"https:\/\/linitiative.ca\/International\/wp-json\/wp\/v2\/types\/post"}],"author":[{"embeddable":true,"href":"https:\/\/linitiative.ca\/International\/wp-json\/wp\/v2\/users\/1787"}],"replies":[{"embeddable":true,"href":"https:\/\/linitiative.ca\/International\/wp-json\/wp\/v2\/comments?post=27285"}],"version-history":[{"count":0,"href":"https:\/\/linitiative.ca\/International\/wp-json\/wp\/v2\/posts\/27285\/revisions"}],"wp:attachment":[{"href":"https:\/\/linitiative.ca\/International\/wp-json\/wp\/v2\/media?parent=27285"}],"wp:term":[{"taxonomy":"category","embeddable":true,"href":"https:\/\/linitiative.ca\/International\/wp-json\/wp\/v2\/categories?post=27285"},{"taxonomy":"post_tag","embeddable":true,"href":"https:\/\/linitiative.ca\/International\/wp-json\/wp\/v2\/tags?post=27285"}],"curies":[{"name":"wp","href":"https:\/\/api.w.org\/{rel}","templated":true}]}}