{"id":27290,"date":"2019-04-11T11:35:14","date_gmt":"2019-04-11T15:35:14","guid":{"rendered":"https:\/\/linitiative.ca\/International\/le-marocain-mouad-hajji-designe-secretaire-general-de-la-caf\/"},"modified":"2019-04-11T11:35:14","modified_gmt":"2019-04-11T15:35:14","slug":"le-marocain-mouad-hajji-designe-secretaire-general-de-la-caf","status":"publish","type":"post","link":"https:\/\/linitiative.ca\/International\/le-marocain-mouad-hajji-designe-secretaire-general-de-la-caf\/","title":{"rendered":"Le Marocain Mouad Hajji d\u00e9sign\u00e9 secr\u00e9taire g\u00e9n\u00e9ral de la CAF"},"content":{"rendered":"<p>Le Marocain Mouad Hajji a \u00e9t\u00e9 d\u00e9sign\u00e9, jeudi au Caire, nouveau secr\u00e9taire g\u00e9n\u00e9ral de la Conf\u00e9d\u00e9ration africaine de football (CAF).<\/p>\n<div class=\"c10\"\/>\n<p>Hajji succ\u00e8de \u00e0 ce poste \u00e0 l\u2019Egyptien Amr Fahmy, apprend-on aupr\u00e8s de la CAF dont le bureau ex\u00e9cutif s\u2019est r\u00e9uni jeudi dans la capitale \u00e9gyptienne.<\/p>\n<p>Le cadre marocain occupait avant cette nouvelle nomination le poste de coordinateur g\u00e9n\u00e9ral de l\u2019administration de la CAF.<\/p>\n<div class=\"c17\">\n<fieldset class=\"c16\">\n<legend><strong><span class=\"c11\">Challenge<\/span><span class=\"c12\">news<\/span><\/strong><\/legend>\n<div class=\"c15\">Le meilleur de la r\u00e9daction s\u00e9lectionn\u00e9 par Challenge :<\/p>\n<\/div>\n<\/fieldset>\n<\/div>\n<p>Auteur: challenge<br \/>\n<a href=\"https:\/\/www.challenge.ma\/le-marocain-mouad-hajji-designe-secretaire-general-de-la-caf-107549\/\">Cliquez ici pour lire l&rsquo;article depuis sa source.<\/a><\/p>\n","protected":false},"excerpt":{"rendered":"<p>Le Marocain Mouad Hajji a \u00e9t\u00e9 d\u00e9sign\u00e9, jeudi au Caire, nouveau secr\u00e9taire g\u00e9n\u00e9ral de la Conf\u00e9d\u00e9ration africaine de football (CAF). Hajji succ\u00e8de \u00e0 ce poste \u00e0 l\u2019Egyptien Amr Fahmy, apprend-on aupr\u00e8s de la CAF dont le bureau ex\u00e9cutif s\u2019est r\u00e9uni jeudi dans la capitale \u00e9gyptienne. Le cadre marocain occupait avant cette nouvelle nomination le poste [&hellip;]<\/p>\n","protected":false},"author":1787,"featured_media":0,"comment_status":"closed","ping_status":"closed","sticky":false,"template":"","format":"standard","meta":{"fifu_image_url":"","fifu_image_alt":"","footnotes":""},"categories":[78,54],"tags":[],"class_list":["post-27290","post","type-post","status-publish","format-standard","hentry","category-economie","category-maroc"],"_links":{"self":[{"href":"https:\/\/linitiative.ca\/International\/wp-json\/wp\/v2\/posts\/27290","targetHints":{"allow":["GET"]}}],"collection":[{"href":"https:\/\/linitiative.ca\/International\/wp-json\/wp\/v2\/posts"}],"about":[{"href":"https:\/\/linitiative.ca\/International\/wp-json\/wp\/v2\/types\/post"}],"author":[{"embeddable":true,"href":"https:\/\/linitiative.ca\/International\/wp-json\/wp\/v2\/users\/1787"}],"replies":[{"embeddable":true,"href":"https:\/\/linitiative.ca\/International\/wp-json\/wp\/v2\/comments?post=27290"}],"version-history":[{"count":0,"href":"https:\/\/linitiative.ca\/International\/wp-json\/wp\/v2\/posts\/27290\/revisions"}],"wp:attachment":[{"href":"https:\/\/linitiative.ca\/International\/wp-json\/wp\/v2\/media?parent=27290"}],"wp:term":[{"taxonomy":"category","embeddable":true,"href":"https:\/\/linitiative.ca\/International\/wp-json\/wp\/v2\/categories?post=27290"},{"taxonomy":"post_tag","embeddable":true,"href":"https:\/\/linitiative.ca\/International\/wp-json\/wp\/v2\/tags?post=27290"}],"curies":[{"name":"wp","href":"https:\/\/api.w.org\/{rel}","templated":true}]}}