{"id":27291,"date":"2019-04-11T11:52:38","date_gmt":"2019-04-11T15:52:38","guid":{"rendered":"https:\/\/linitiative.ca\/International\/la-chambre-de-commerce-britannique-organise-une-conference-sur-la-green-finance\/"},"modified":"2019-04-11T11:52:38","modified_gmt":"2019-04-11T15:52:38","slug":"la-chambre-de-commerce-britannique-organise-une-conference-sur-la-green-finance","status":"publish","type":"post","link":"https:\/\/linitiative.ca\/International\/la-chambre-de-commerce-britannique-organise-une-conference-sur-la-green-finance\/","title":{"rendered":"La Chambre de commerce britannique organise une conf\u00e9rence sur la green finance"},"content":{"rendered":"<p>La Chambre de Commerce Britannique pour le Maroc organise une conf\u00e9rence-d\u00e9bat sous le th\u00e8me : \u00ab Green Finance : o\u00f9 en est le financement de la croissance verte au Maroc ? \u00bb le jeudi 25 avril 2019, \u00e0 17h30 au Hyatt Regency Casablanca.<\/p>\n<div class=\"c10\"\/>\n<p>Nezha Hayat, la pr\u00e9sidente de l\u2019AMMC, sera l\u2019invit\u00e9 d\u2019honneur. Elle d\u00e9battra ce sujet avec Mustapha Bakkoury, pr\u00e9sident directeur g\u00e9n\u00e9ral de MASEN et Badre Kanouni, pr\u00e9sident du Directoire du groupe Al Omrane.<\/p>\n<div class=\"c17\">\n<fieldset class=\"c16\">\n<legend><strong><span class=\"c11\">Challenge<\/span><span class=\"c12\">news<\/span><\/strong><\/legend>\n<div class=\"c15\">Le meilleur de la r\u00e9daction s\u00e9lectionn\u00e9 par Challenge :<\/p>\n<\/div>\n<\/fieldset>\n<\/div>\n<p>Auteur: challenge<br \/>\n<a href=\"https:\/\/www.challenge.ma\/la-chambre-de-commerce-britannique-organise-une-conference-sur-la-green-finance-107554\/\">Cliquez ici pour lire l&rsquo;article depuis sa source.<\/a><\/p>\n","protected":false},"excerpt":{"rendered":"<p>La Chambre de Commerce Britannique pour le Maroc organise une conf\u00e9rence-d\u00e9bat sous le th\u00e8me : \u00ab Green Finance : o\u00f9 en est le financement de la croissance verte au Maroc ? \u00bb le jeudi 25 avril 2019, \u00e0 17h30 au Hyatt Regency Casablanca. Nezha Hayat, la pr\u00e9sidente de l\u2019AMMC, sera l\u2019invit\u00e9 d\u2019honneur. Elle d\u00e9battra ce [&hellip;]<\/p>\n","protected":false},"author":1787,"featured_media":0,"comment_status":"closed","ping_status":"closed","sticky":false,"template":"","format":"standard","meta":{"fifu_image_url":"","fifu_image_alt":"","footnotes":""},"categories":[78,54],"tags":[],"class_list":["post-27291","post","type-post","status-publish","format-standard","hentry","category-economie","category-maroc"],"_links":{"self":[{"href":"https:\/\/linitiative.ca\/International\/wp-json\/wp\/v2\/posts\/27291","targetHints":{"allow":["GET"]}}],"collection":[{"href":"https:\/\/linitiative.ca\/International\/wp-json\/wp\/v2\/posts"}],"about":[{"href":"https:\/\/linitiative.ca\/International\/wp-json\/wp\/v2\/types\/post"}],"author":[{"embeddable":true,"href":"https:\/\/linitiative.ca\/International\/wp-json\/wp\/v2\/users\/1787"}],"replies":[{"embeddable":true,"href":"https:\/\/linitiative.ca\/International\/wp-json\/wp\/v2\/comments?post=27291"}],"version-history":[{"count":0,"href":"https:\/\/linitiative.ca\/International\/wp-json\/wp\/v2\/posts\/27291\/revisions"}],"wp:attachment":[{"href":"https:\/\/linitiative.ca\/International\/wp-json\/wp\/v2\/media?parent=27291"}],"wp:term":[{"taxonomy":"category","embeddable":true,"href":"https:\/\/linitiative.ca\/International\/wp-json\/wp\/v2\/categories?post=27291"},{"taxonomy":"post_tag","embeddable":true,"href":"https:\/\/linitiative.ca\/International\/wp-json\/wp\/v2\/tags?post=27291"}],"curies":[{"name":"wp","href":"https:\/\/api.w.org\/{rel}","templated":true}]}}