{"id":27292,"date":"2019-04-11T12:40:18","date_gmt":"2019-04-11T16:40:18","guid":{"rendered":"https:\/\/linitiative.ca\/International\/achraf-el-boustani-directeur-general-de-ford-afrique-du-nord-lhomme-de-la-situation\/"},"modified":"2019-04-11T12:40:18","modified_gmt":"2019-04-11T16:40:18","slug":"achraf-el-boustani-directeur-general-de-ford-afrique-du-nord-lhomme-de-la-situation","status":"publish","type":"post","link":"https:\/\/linitiative.ca\/International\/achraf-el-boustani-directeur-general-de-ford-afrique-du-nord-lhomme-de-la-situation\/","title":{"rendered":"Achraf El Boustani, Directeur g\u00e9n\u00e9ral de Ford Afrique du Nord : L\u2019homme de la situation"},"content":{"rendered":"<p class=\"p1\"><strong>Achraf El Boustani<\/strong> a pris les commandes de la direction Afrique du Nord du groupe automobile am\u00e9ricain Ford apr\u00e8s sa nomination en tant que directeur g\u00e9n\u00e9ral en juin 2017. Le jeune manager marocain de 40 ans, a d\u00e9sormais pour mission de consolider le positionnement de la marque et de booster ses parts de march\u00e9 en donnant un nouveau souffle aux ventes du g\u00e9ant am\u00e9ricain sur les cinq march\u00e9s de la r\u00e9gion.<\/p>\n<div class=\"c10\"\/>\n<p class=\"p1\"><span class=\"s1\">D<\/span><span class=\"s1\">e<\/span><span class=\"s2\">puis qu\u2019il a pris les commandes de la direction Afrique du Nord du g\u00e9ant constructeur automobile am\u00e9ricain Ford, suite \u00e0 sa nomination en tant que Directeur g\u00e9n\u00e9ral des op\u00e9rations pour l\u2019Afrique du Nord, Achraf El Boustani ne m\u00e9nage aucun effort pour renforcer davantage le positionnement de la marque sur les diff\u00e9rents march\u00e9s de la r\u00e9gion. D\u2019ailleurs, <em>\u00ab une de mes premi\u00e8res priorit\u00e9s en 2019, concerne l\u2019enrichissement de la gamme SUV qui repr\u00e9sente le futur de l\u2019industrie automobile et qui est l\u2019ADN de Ford\u00bb<\/em>, confie-t-il. Et pour y arriver, le jeune manager marocain peut compter sur la d\u00e9termination de ses \u00e9quipes, pr\u00eates \u00e0 appuyer sur l\u2019acc\u00e9l\u00e9rateur.<\/span><\/p>\n<p class=\"p1\"><span class=\"s2\">Bas\u00e9 au Maroc, o\u00f9 l\u2019industriel am\u00e9ricain a log\u00e9 son si\u00e8ge r\u00e9gional, Achraf El Boustani, dipl\u00f4m\u00e9 de l\u2019Institut national polytechnique de Toulouse, a pour mission de poursuivre l\u2019acc\u00e9l\u00e9ration de la croissance des ventes et l\u2019am\u00e9lioration de la comp\u00e9titivit\u00e9 de la marque en Afrique du Nord. Une lourde t\u00e2che qu\u2019Achraf El Boustani prend \u00e0-bras-le-corps. Et ce, d\u2019autant plus que l\u2019Afrique du Nord repr\u00e9sente un axe important dans la strat\u00e9gie globale du groupe Ford.<\/span><\/p>\n<p class=\"p1\"><span class=\"s2\">D\u2019ailleurs, Jacques Brent, pr\u00e9sident de Ford Middle East &#038; Africa, n\u2019a pas cach\u00e9 son impatience, dans le communiqu\u00e9 annon\u00e7ant la nomination d\u2019Achraf El Boustani en juin 2017, <em>\u00abde voir les march\u00e9s nord-africains de la marque se d\u00e9velopper sous la conduite du nouveau directeur g\u00e9n\u00e9ral r\u00e9gional \u00bb<\/em>. Une pression de plus pourrait-on dire. Mais, pour le manager marocain, ce n\u2019est qu\u2019une marque de motivation suppl\u00e9mentaire de la part du top management du groupe am\u00e9ricain.<\/span><\/p>\n<p class=\"p4\"><span class=\"c11\"><strong>Un manager chevronn\u00e9<\/strong><\/span><\/p>\n<p class=\"p5\">F<span class=\"s1\">in<\/span> <span class=\"s2\">connaisseur desdits<span class=\"Apple-converted-space\">\u00a0<\/span> march\u00e9s, le nouveau directeur g\u00e9n\u00e9ral d\u00e9ploie sa strat\u00e9gie depuis plus d\u2019un an, et le moins que l\u2019on puisse dire, c\u2019est que le succ\u00e8s est bel et bien au rendez-vous. <em>\u00ab Nous continuerons \u00e0 d\u00e9velopper nos parts de march\u00e9 et \u00e0 r\u00e9pondre toujours plus pr\u00e9cis\u00e9ment aux besoins de nos clients, qui savent que nos produits et services offrent une exp\u00e9rience de classe mondiale \u00bb<\/em>, avait-il assur\u00e9 en juin en 2017.<\/span><\/p>\n<p class=\"p5\"><span class=\"s2\"><em>\u00abJ\u2019ai \u00e9galement pour objectif le renforcement de notre position en mati\u00e8re de Customer Value, et ce, en continuant \u00e0 offrir les meilleurs produits et les meilleures solutions en termes de service et financement \u00bb<\/em>, ajoute le jeune manageur de 40 ans. Toutes les actions de sa strat\u00e9gie \u00e0 la t\u00eate de cette direction r\u00e9gionale doivent concourir \u00e0 l\u2019am\u00e9lioration de la profitabilit\u00e9 de la marque. Dans ce sens, Achraf El Boustani entend mettre un accent particulier sur les nouveaux projets de mobilit\u00e9 durable dans la r\u00e9gion.<\/span><\/p>\n<p class=\"p5\"><span class=\"s2\"><em>\u00abNous sommes tr\u00e8s engag\u00e9s dans le lancement de nouveaux projets de mobilit\u00e9 dans la r\u00e9gion. Au final, l\u2019objectif ultime est de devenir encore plus efficace et efficient, tout en orientant davantage Ford vers le client, le march\u00e9 et les produits \u00bb<\/em>, pr\u00e9cise-t-il. Un engagement fort de la marque am\u00e9ricaine, qui ne cesse aussi d\u2019innover en faveur de la client\u00e8le, comme lorsque Ford a sign\u00e9 en 2016 un partenariat avec le leader du cr\u00e9dit conso Wafasalaf pour lancer une offre de financement exclusif baptis\u00e9e \u00abFord Salaf\u00bb visant \u00e0 faciliter la vie \u00e0 sa client\u00e8le en mati\u00e8re de financem<\/span><span class=\"s1\">ent.<\/span><\/p>\n<p class=\"p4\"><span class=\"c11\"><strong>Un parcours complet<\/strong><\/span><\/p>\n<p class=\"p5\">N<span class=\"s1\">\u00e9<\/span> <span class=\"s2\">\u00e0 Marrakech en avril 1979, Achraf El Boustani a obtenu son baccalaur\u00e9at en 1996. <em>\u00abJ\u2019ai deux s\u0153urs et un fr\u00e8re avec lesquels j\u2019ai des liens tr\u00e8s forts. Je garde aussi d\u2019excellents souvenirs de mon enfance dans la ville ocre. Et de plus, je partage la m\u00eame date d\u2019anniversaire que l\u2019embl\u00e9matique Ford Mustang !\u00bb<\/em>, souligne-t-il. <em>\u00abJ\u2019ai eu un parcours assez complet. Apr\u00e8s mon bac, je me suis orient\u00e9 vers les m\u00e9tiers de l\u2019ing\u00e9nierie. J\u2019ai ensuite effectu\u00e9 une classe pr\u00e9paratoire aux grandes \u00e9coles au lyc\u00e9e Mohammed V et j\u2019ai quitt\u00e9 le Maroc pour Toulouse en 2001, o\u00f9 j\u2019ai int\u00e9gr\u00e9 l\u2019\u00c9cole Nationale Sup\u00e9rieure d\u2019\u00c9lectrotechnique, d\u2019\u00c9lectronique, d\u2019Informatique, d\u2019Hydraulique et des T\u00e9l\u00e9communications (Enseeiht) dans la fili\u00e8re Automatique et Informatique Industrielle. Par la suite, j\u2019ai rejoint Aix-en-Provence, o\u00f9 j\u2019ai obtenu en 2005 un master en management \u00e0 l\u2019Institut de Formation Universitaire et de Recherche du Transport A\u00e9rien. J\u2019ai aussi plusieurs certifications en Gestion de Projet et Lean Six Sigma, une approche qui m\u2019a permis d\u2019accro\u00eetre mon expertise en mati\u00e8re de performance des entreprises \u00bb<\/em>, d\u00e9taille Achraf El Boustani sur son parcours.<\/span><\/p>\n<p class=\"p5\"><span class=\"s2\">Apr\u00e8s cette \u00e9tape, celui qui se d\u00e9finit comme quelqu\u2019un de tr\u00e8s engag\u00e9 dans son travail, entame sa carri\u00e8re professionnelle \u00e0 Paris o\u00f9 il d\u00e9croche son premier job dans le d\u00e9veloppement informatique chez Areva. <em>\u00ab J\u2019ai poursuivi en France dans l\u2019ing\u00e9nierie informatique pour les t\u00e9l\u00e9coms en int\u00e9grant Ausy, avant de rejoindre Royal Air Maroc en 2002 pour le pilotage du projet d\u2019atelier avionique Atec. J\u2019ai pass\u00e9 dix ans \u00e0 la RAM, o\u00f9 j\u2019ai eu l\u2019opportunit\u00e9 d\u2019acc\u00e9der \u00e0 plusieurs postes en accumulant une grande exp\u00e9rience dans l\u2019a\u00e9ronautique qui est un secteur technologique r\u00e9gul\u00e9 par des standards internationaux. J\u2019ai acquis des expertises en ing\u00e9nierie, mais aussi en gestion de maintenance, en qualit\u00e9 et am\u00e9lioration continue, etc. En 2012, je me suis orient\u00e9 vers les ventes dans le secteur automobile, pour lequel j\u2019ai toujours eu un vif int\u00e9r\u00eat. J\u2019ai rejoint le distributeur de BMW au Maroc, puis CNH, une filiale de Fiat, o\u00f9 j\u2019ai occup\u00e9 le poste de Sales Manager pour la marque New Holland en Afrique du Nord et de l\u2019Ouest. En 2015, j\u2019ai saisi l\u2019opportunit\u00e9 de participer au pilotage du bureau de Ford Motor Company \u00e0 Casablanca en tant que General Field Manager.<\/em><\/span><\/p>\n<p class=\"p5\"><span class=\"s2\"><em>Deux ans plus tard, j\u2019ai \u00e9t\u00e9 promu au poste de Managing Director North Africa pour un territoire qui va du Maroc \u00e0 l\u2019Egypte\u00bb,<\/em> fait remarquer le jeune manager. Il va sans dire, qu\u2019Achraf El Boustani a de la ressource et l\u2019expertise n\u00e9cessaire pour mener \u00e0 bien sa mission \u00e0 la t\u00eate de la direction Afrique du Nord de la marque am\u00e9ricaine<\/span><span class=\"s1\">.\u00a0<\/span><\/p>\n<p><strong>BIO EXPRESS<\/strong><\/p>\n<p class=\"p1\"><strong><span class=\"s1\">1979 :<\/span><\/strong> Naissance \u00e0 Marrakech<br \/><strong><span class=\"s1\">1996 :<\/span><\/strong> Obtention du BAC<br \/><strong><span class=\"s1\">2002 :<\/span><\/strong> rejoint Royal Air Maroc (RAM)<br \/><strong><span class=\"s1\">2017 :<\/span><\/strong> Nomination en tant que Directeur de\u00a0<span class=\"Apple-converted-space\">\u00a0<\/span>la Direction Afrique du Nord de Ford<\/p>\n<div class=\"c18\">\n<fieldset class=\"c17\">\n<legend><strong><span class=\"c12\">Challenge<\/span><span class=\"c13\">news<\/span><\/strong><\/legend>\n<div class=\"c16\">Le meilleur de la r\u00e9daction s\u00e9lectionn\u00e9 par Challenge :<\/p>\n<\/div>\n<\/fieldset>\n<\/div>\n<p>Auteur: Roland Amoussou<br \/>\n<a href=\"https:\/\/www.challenge.ma\/achraf-el-boustani-directeur-general-de-ford-afrique-du-nord-lhomme-de-la-situation-107530\/\">Cliquez ici pour lire l&rsquo;article depuis sa source.<\/a><\/p>\n","protected":false},"excerpt":{"rendered":"<p>Achraf El Boustani a pris les commandes de la direction Afrique du Nord du groupe automobile am\u00e9ricain Ford apr\u00e8s sa nomination en tant que directeur g\u00e9n\u00e9ral en juin 2017. Le jeune manager marocain de 40 ans, a d\u00e9sormais pour mission de consolider le positionnement de la marque et de booster ses parts de march\u00e9 en [&hellip;]<\/p>\n","protected":false},"author":1787,"featured_media":0,"comment_status":"closed","ping_status":"closed","sticky":false,"template":"","format":"standard","meta":{"fifu_image_url":"","fifu_image_alt":"","footnotes":""},"categories":[78,54],"tags":[],"class_list":["post-27292","post","type-post","status-publish","format-standard","hentry","category-economie","category-maroc"],"_links":{"self":[{"href":"https:\/\/linitiative.ca\/International\/wp-json\/wp\/v2\/posts\/27292","targetHints":{"allow":["GET"]}}],"collection":[{"href":"https:\/\/linitiative.ca\/International\/wp-json\/wp\/v2\/posts"}],"about":[{"href":"https:\/\/linitiative.ca\/International\/wp-json\/wp\/v2\/types\/post"}],"author":[{"embeddable":true,"href":"https:\/\/linitiative.ca\/International\/wp-json\/wp\/v2\/users\/1787"}],"replies":[{"embeddable":true,"href":"https:\/\/linitiative.ca\/International\/wp-json\/wp\/v2\/comments?post=27292"}],"version-history":[{"count":0,"href":"https:\/\/linitiative.ca\/International\/wp-json\/wp\/v2\/posts\/27292\/revisions"}],"wp:attachment":[{"href":"https:\/\/linitiative.ca\/International\/wp-json\/wp\/v2\/media?parent=27292"}],"wp:term":[{"taxonomy":"category","embeddable":true,"href":"https:\/\/linitiative.ca\/International\/wp-json\/wp\/v2\/categories?post=27292"},{"taxonomy":"post_tag","embeddable":true,"href":"https:\/\/linitiative.ca\/International\/wp-json\/wp\/v2\/tags?post=27292"}],"curies":[{"name":"wp","href":"https:\/\/api.w.org\/{rel}","templated":true}]}}