{"id":27293,"date":"2019-04-11T14:50:51","date_gmt":"2019-04-11T18:50:51","guid":{"rendered":"https:\/\/linitiative.ca\/International\/tunisie-emission-de-deux-mandats-de-depot-a-lencontre-de-moncef-kortas-et-son-complice\/"},"modified":"2019-04-11T14:50:51","modified_gmt":"2019-04-11T18:50:51","slug":"tunisie-emission-de-deux-mandats-de-depot-a-lencontre-de-moncef-kortas-et-son-complice","status":"publish","type":"post","link":"https:\/\/linitiative.ca\/International\/tunisie-emission-de-deux-mandats-de-depot-a-lencontre-de-moncef-kortas-et-son-complice\/","title":{"rendered":"Tunisie \u2013 Emission de deux mandats de d\u00e9p\u00f4t \u00e0 l\u2019encontre de Moncef Kortas et son complice"},"content":{"rendered":"<div class=\"post-cont-in left relative\">\n<div class=\"nc_socialPanel swp_flatFresh swp_d_fullColor swp_i_fullColor swp_o_fullColor scale-100 scale-fullWidth\" data-position=\"none\" data-float=\"floatNone\" data-count=\"5\" data-floatcolor=\"#ffffff\" data-emphasize=\"0\">\n<div class=\"nc_tweetContainer totes totesalt\" data-id=\"6\"><span class=\"swp_count\"><span class=\"swp_label\">Partages<\/span> 22<\/span><\/div>\n<\/div>\n<p>Le porte-parole du p\u00f4le judiciaire de lutte contre le terrorisme, Sofiene Selliti a annonc\u00e9 que le juge d\u2019instruction saisi de l\u2019affaire a d\u00e9cid\u00e9, apr\u00e8s avoir auditionn\u00e9 l\u2019expert onusien Moncef Kortas et son complice, en pr\u00e9sence de leurs avocats, pendant plus de huit heures, d\u2019\u00e9mettre deux mandats de d\u00e9p\u00f4t \u00e0 leur encontre pour espionnage au profit d\u2019une force \u00e9trang\u00e8re.<\/p>\n<p>Selliti a r\u00e9p\u00e9t\u00e9 que, dans cette affaire, Kortas ne pouvait pas faire pr\u00e9valoir son immunit\u00e9, vu qu\u2019il \u00e9tait arriv\u00e9 en Tunisie avec son passeport\u00a0local et qu\u2019il n\u2019\u00e9tait pas en mission pour le compte des Nations Unies.<\/p>\n<div class=\"code-block code-block-1 c3\"><ins class=\"adsbygoogle c2\" data-ad-layout=\"in-article\" data-ad-format=\"fluid\" data-ad-client=\"ca-pub-2102118777505746\" data-ad-slot=\"7301775417\"\/> <\/div>\n<div class=\"mvp-org-wrap mvp-org-logo\" itemprop=\"publisher\" itemscope=\"\" itemtype=\"https:\/\/schema.org\/Organization\"><img decoding=\"async\" src=\"https:\/\/www.tunisienumerique.com\/wp-content\/uploads\/2017\/02\/logo_tunisie_numerique.png\"\/><\/div>\n<div class=\"nc_socialPanel swp_flatFresh swp_d_fullColor swp_i_fullColor swp_o_fullColor scale-100 scale-fullWidth\" data-position=\"none\" data-float=\"floatNone\" data-count=\"5\" data-floatcolor=\"#ffffff\" data-emphasize=\"0\">\n<div class=\"nc_tweetContainer totes totesalt\" data-id=\"6\"><span class=\"swp_count\"><span class=\"swp_label\">Partages<\/span> 22<\/span><\/div>\n<\/div>\n<div class=\"mvp-related-posts left relative\">\n<h4 class=\"post-header\"><span class=\"post-header\">Lire aussi<\/span><\/h4>\n<\/div>\n<\/div>\n<p>Auteur: LM<br \/>\n<a href=\"https:\/\/www.tunisienumerique.com\/tunisie-emission-de-deux-mandats-de-depot-a-lencontre-de-moncef-kortas-et-son-complice\/\">Cliquez ici pour lire l&rsquo;article depuis sa source.<\/a><\/p>\n","protected":false},"excerpt":{"rendered":"<p>Partages 22 Le porte-parole du p\u00f4le judiciaire de lutte contre le terrorisme, Sofiene Selliti a annonc\u00e9 que le juge d\u2019instruction saisi de l\u2019affaire a d\u00e9cid\u00e9, apr\u00e8s avoir auditionn\u00e9 l\u2019expert onusien Moncef Kortas et son complice, en pr\u00e9sence de leurs avocats, pendant plus de huit heures, d\u2019\u00e9mettre deux mandats de d\u00e9p\u00f4t \u00e0 leur encontre pour espionnage [&hellip;]<\/p>\n","protected":false},"author":1789,"featured_media":27294,"comment_status":"closed","ping_status":"closed","sticky":false,"template":"","format":"standard","meta":{"fifu_image_url":"","fifu_image_alt":"","footnotes":""},"categories":[73,55],"tags":[],"class_list":["post-27293","post","type-post","status-publish","format-standard","has-post-thumbnail","hentry","category-actualite","category-tunisie"],"_links":{"self":[{"href":"https:\/\/linitiative.ca\/International\/wp-json\/wp\/v2\/posts\/27293","targetHints":{"allow":["GET"]}}],"collection":[{"href":"https:\/\/linitiative.ca\/International\/wp-json\/wp\/v2\/posts"}],"about":[{"href":"https:\/\/linitiative.ca\/International\/wp-json\/wp\/v2\/types\/post"}],"author":[{"embeddable":true,"href":"https:\/\/linitiative.ca\/International\/wp-json\/wp\/v2\/users\/1789"}],"replies":[{"embeddable":true,"href":"https:\/\/linitiative.ca\/International\/wp-json\/wp\/v2\/comments?post=27293"}],"version-history":[{"count":0,"href":"https:\/\/linitiative.ca\/International\/wp-json\/wp\/v2\/posts\/27293\/revisions"}],"wp:featuredmedia":[{"embeddable":true,"href":"https:\/\/linitiative.ca\/International\/wp-json\/"}],"wp:attachment":[{"href":"https:\/\/linitiative.ca\/International\/wp-json\/wp\/v2\/media?parent=27293"}],"wp:term":[{"taxonomy":"category","embeddable":true,"href":"https:\/\/linitiative.ca\/International\/wp-json\/wp\/v2\/categories?post=27293"},{"taxonomy":"post_tag","embeddable":true,"href":"https:\/\/linitiative.ca\/International\/wp-json\/wp\/v2\/tags?post=27293"}],"curies":[{"name":"wp","href":"https:\/\/api.w.org\/{rel}","templated":true}]}}