{"id":27295,"date":"2019-04-11T15:02:38","date_gmt":"2019-04-11T19:02:38","guid":{"rendered":"https:\/\/linitiative.ca\/International\/tunisie-mustapha-khedher-auditionne-par-le-juge-anti-terroristes-a-propos-de-lappareil-secret-dennahdha\/"},"modified":"2019-04-11T15:02:38","modified_gmt":"2019-04-11T19:02:38","slug":"tunisie-mustapha-khedher-auditionne-par-le-juge-anti-terroristes-a-propos-de-lappareil-secret-dennahdha","status":"publish","type":"post","link":"https:\/\/linitiative.ca\/International\/tunisie-mustapha-khedher-auditionne-par-le-juge-anti-terroristes-a-propos-de-lappareil-secret-dennahdha\/","title":{"rendered":"Tunisie \u2013 Mustapha Khedher auditionn\u00e9 par le juge anti-terroristes \u00e0 propos de l\u2019appareil secret d\u2019Ennahdha"},"content":{"rendered":"<div class=\"post-cont-in left relative\">\n<div class=\"nc_socialPanel swp_flatFresh swp_d_fullColor swp_i_fullColor swp_o_fullColor scale-100 scale-fullWidth\" data-position=\"none\" data-float=\"floatNone\" data-count=\"5\" data-floatcolor=\"#ffffff\" data-emphasize=\"0\">\n<div class=\"nc_tweetContainer totes totesalt\" data-id=\"6\"><span class=\"swp_count\"><span class=\"swp_label\">Partages<\/span> 35<\/span><\/div>\n<\/div>\n<p>Selon les sources de NessmaTV, Mustapha Khedher, principal accus\u00e9 dans la direction d\u2019un \u00e9ventuel appareil secret du parti islamiste d\u2019Ennahdha, sera auditionn\u00e9 mardi prochain, par le juge pr\u00e8s du p\u00f4le judiciaire antiterrorisme concernant cette affaire et notamment,\u00a0sur le\u00a0document\u00a0 d\u00e9couvert certifiant que l\u2019int\u00e9ress\u00e9 avait demand\u00e9 la somme de 300 mille dinars au profit du tueur qui avait assassin\u00e9\u00a0le martyr Mohamed Brahmi.<\/p>\n<div class=\"mvp-org-wrap mvp-org-logo\" itemprop=\"publisher\" itemscope=\"\" itemtype=\"https:\/\/schema.org\/Organization\"><img decoding=\"async\" src=\"https:\/\/www.tunisienumerique.com\/wp-content\/uploads\/2017\/02\/logo_tunisie_numerique.png\"\/><\/div>\n<div class=\"nc_socialPanel swp_flatFresh swp_d_fullColor swp_i_fullColor swp_o_fullColor scale-100 scale-fullWidth\" data-position=\"none\" data-float=\"floatNone\" data-count=\"5\" data-floatcolor=\"#ffffff\" data-emphasize=\"0\">\n<div class=\"nc_tweetContainer totes totesalt\" data-id=\"6\"><span class=\"swp_count\"><span class=\"swp_label\">Partages<\/span> 35<\/span><\/div>\n<\/div>\n<div class=\"mvp-related-posts left relative\">\n<h4 class=\"post-header\"><span class=\"post-header\">Lire aussi<\/span><\/h4>\n<\/div>\n<\/div>\n<p>Auteur: LM<br \/>\n<a href=\"https:\/\/www.tunisienumerique.com\/tunisie-mustapha-khedher-auditionne-par-le-juge-anti-terroristes-a-propos-de-lappareil-secret-dennahdha\/\">Cliquez ici pour lire l&rsquo;article depuis sa source.<\/a><\/p>\n","protected":false},"excerpt":{"rendered":"<p>Partages 35 Selon les sources de NessmaTV, Mustapha Khedher, principal accus\u00e9 dans la direction d\u2019un \u00e9ventuel appareil secret du parti islamiste d\u2019Ennahdha, sera auditionn\u00e9 mardi prochain, par le juge pr\u00e8s du p\u00f4le judiciaire antiterrorisme concernant cette affaire et notamment,\u00a0sur le\u00a0document\u00a0 d\u00e9couvert certifiant que l\u2019int\u00e9ress\u00e9 avait demand\u00e9 la somme de 300 mille dinars au profit du [&hellip;]<\/p>\n","protected":false},"author":1789,"featured_media":27296,"comment_status":"closed","ping_status":"closed","sticky":false,"template":"","format":"standard","meta":{"fifu_image_url":"","fifu_image_alt":"","footnotes":""},"categories":[73,55],"tags":[],"class_list":["post-27295","post","type-post","status-publish","format-standard","has-post-thumbnail","hentry","category-actualite","category-tunisie"],"_links":{"self":[{"href":"https:\/\/linitiative.ca\/International\/wp-json\/wp\/v2\/posts\/27295","targetHints":{"allow":["GET"]}}],"collection":[{"href":"https:\/\/linitiative.ca\/International\/wp-json\/wp\/v2\/posts"}],"about":[{"href":"https:\/\/linitiative.ca\/International\/wp-json\/wp\/v2\/types\/post"}],"author":[{"embeddable":true,"href":"https:\/\/linitiative.ca\/International\/wp-json\/wp\/v2\/users\/1789"}],"replies":[{"embeddable":true,"href":"https:\/\/linitiative.ca\/International\/wp-json\/wp\/v2\/comments?post=27295"}],"version-history":[{"count":0,"href":"https:\/\/linitiative.ca\/International\/wp-json\/wp\/v2\/posts\/27295\/revisions"}],"wp:featuredmedia":[{"embeddable":true,"href":"https:\/\/linitiative.ca\/International\/wp-json\/"}],"wp:attachment":[{"href":"https:\/\/linitiative.ca\/International\/wp-json\/wp\/v2\/media?parent=27295"}],"wp:term":[{"taxonomy":"category","embeddable":true,"href":"https:\/\/linitiative.ca\/International\/wp-json\/wp\/v2\/categories?post=27295"},{"taxonomy":"post_tag","embeddable":true,"href":"https:\/\/linitiative.ca\/International\/wp-json\/wp\/v2\/tags?post=27295"}],"curies":[{"name":"wp","href":"https:\/\/api.w.org\/{rel}","templated":true}]}}