{"id":27304,"date":"2019-04-11T16:14:04","date_gmt":"2019-04-11T20:14:04","guid":{"rendered":"https:\/\/linitiative.ca\/International\/reprise-des-combats-en-libye-quand-lonu-veut-se-donner-bonne-conscience\/"},"modified":"2019-04-11T16:14:04","modified_gmt":"2019-04-11T20:14:04","slug":"reprise-des-combats-en-libye-quand-lonu-veut-se-donner-bonne-conscience","status":"publish","type":"post","link":"https:\/\/linitiative.ca\/International\/reprise-des-combats-en-libye-quand-lonu-veut-se-donner-bonne-conscience\/","title":{"rendered":"REPRISE DES COMBATS EN LIBYE. :  Quand l\u2019ONU\u00a0veut se donner bonne conscience"},"content":{"rendered":"<p><img decoding=\"async\" class=\"post_layout_5_img\" src=\"http:\/\/lepays.bf\/wp-content\/uploads\/2019\/04\/LIBYE.jpg\" alt=\"REPRISE DES COMBATS EN LIBYE. : Quand l\u2019ONU\u00a0veut se donner bonne conscience\"\/><\/p>\n<p class=\"c4\"><em>Alors que le Conseil de s\u00e9curit\u00e9 de l\u2019ONU \u00e9tait r\u00e9uni au grand complet \u00e0 New York, les armes cr\u00e9pitaient en Libye o\u00f9 les forces du mar\u00e9chal Khalifa Haftar affirment avoir pris aux troupes loyalistes, le contr\u00f4le d\u2019une caserne situ\u00e9e \u00e0 une cinquantaine de kilom\u00e8tres de Tripoli. C\u2019est dire si le mar\u00e9chal Haftar est d\u00e9termin\u00e9 \u00e0 marcher sur la capitale libyenne si bien qu\u2019il reste sourd et insensible \u00e0 la clameur qui monte. On se rappelle, en effet, qu\u2019\u00e0 l\u2019issue d\u2019une premi\u00e8re r\u00e9union tenue le 5 avril dernier, le Conseil de s\u00e9curit\u00e9 de l\u2019ONU avait appel\u00e9 \u00e0 \u00ab\u00a0l\u2019arr\u00eat imm\u00e9diat\u00a0\u00bb des hostilit\u00e9s en Libye\u00a0; mais rien n\u2019y f\u00eet. Les combats y font rage et la situation humanitaire s\u2019y est fortement d\u00e9grad\u00e9e puisque de nombreux civils se retrouvent pi\u00e9g\u00e9s quand certains n\u2019ont tout simplement pas \u00e9t\u00e9 trucid\u00e9s. Les statistiques font \u00e9tat d\u2019une quarantaine de personnes tu\u00e9es. Du coup, la conf\u00e9rence nationale libyenne qui, pourtant, suscitait beaucoup d\u2019espoirs pour une sortie de crise, a \u00e9t\u00e9 report\u00e9e sine die, du fait de la violence qui a repris ses droits au pays de Mouammar Kadhafi. Pouvait-il en \u00eatre autrement quand on sait que les grandes puissances, du fait de leurs int\u00e9r\u00eats divergents, ne parlent pas le m\u00eame langage dans le dossier libyen. En effet, pendant que certains pays comme la Russie, le Qatar, la France (m\u00eame si cette derri\u00e8re s\u2019en d\u00e9fend) misent sur Haftar pour venir \u00e0 bout des islamistes qui \u00e9cument la Libye, d\u2019autres, en l\u2019occurrence les Etats-Unis, l\u2019Italie et la Grande Bretagne, roulent pour le gouvernement de Fayez-al-Sarraj qui, en v\u00e9rit\u00e9, ne contr\u00f4le qu\u2019une portion congrue du pays.<\/em><\/p>\n<p><strong>La d\u00e9t\u00e9rioration du climat sociopolitique en Libye, n\u2019est ni plus ni moins que la ran\u00e7on de la grande hypocrisie des Occidentaux<\/strong><\/p>\n<p class=\"c4\"><em>Ceci pouvant expliquer cela, on comprend pourquoi, au-del\u00e0 des condamnations de principe, l\u2019ONU donne l\u2019impression de faire dans l\u2019imp\u00e9ritie parce que profond\u00e9ment divis\u00e9e. C\u2019est fort de ces divergences manifestes que le mar\u00e9chal Haftar avance, conscient qu\u2019une intervention arm\u00e9e des Occidentaux plongerait davantage la Libye dans un chaos g\u00e9n\u00e9ralis\u00e9 avec un risque accru de guerre civile. En fait, on ne le sait que trop bien. L\u2019ONU cherche seulement \u00e0 se donner bonne conscience quand on sait que la d\u00e9t\u00e9rioration du climat sociopolitique en Libye, n\u2019est ni plus ni moins que la ran\u00e7on de la grande hypocrisie des Occidentaux qui, non seulement n\u2019avaient pas song\u00e9 \u00e0 assurer le service apr\u00e8s-vente apr\u00e8s la chute de Kadhafi, mais aussi profitent de la situation de ni paix ni guerre qui n\u2019en finit pas pour piller les ressources du pays. Et comme pour ne rien arranger, ces m\u00eames donneurs de le\u00e7ons appellent \u00e0 l\u2019organisation d\u2019\u00e9lections libres et transparentes dans un pays non pacifi\u00e9, qui est presque sous coupe r\u00e9gl\u00e9e des groupes arm\u00e9s. Peut-\u00eatre sait-on jamais. Les choses finiront par se d\u00e9canter d\u2019elles-m\u00eames si, \u00e0 l\u2019issue des intenses combats sur le terrain, le rapport de forces balance en faveur d\u2019un camp qui mettra alors tout le monde au pas.<\/em><\/p>\n<p><strong>B.O<\/strong><\/p>\n<p>Auteur: Le Pays<br \/>\n<a href=\"http:\/\/lepays.bf\/reprise-des-combats-en-libye-quand-lonu-veut-se-donner-bonne-conscience-2\/\">Cliquez ici pour lire l&rsquo;article depuis sa source.<\/a><\/p>\n","protected":false},"excerpt":{"rendered":"<p>Alors que le Conseil de s\u00e9curit\u00e9 de l\u2019ONU \u00e9tait r\u00e9uni au grand complet \u00e0 New York, les armes cr\u00e9pitaient en Libye o\u00f9 les forces du mar\u00e9chal Khalifa Haftar affirment avoir pris aux troupes loyalistes, le contr\u00f4le d\u2019une caserne situ\u00e9e \u00e0 une cinquantaine de kilom\u00e8tres de Tripoli. C\u2019est dire si le mar\u00e9chal Haftar est d\u00e9termin\u00e9 \u00e0 [&hellip;]<\/p>\n","protected":false},"author":1813,"featured_media":27305,"comment_status":"closed","ping_status":"closed","sticky":false,"template":"","format":"standard","meta":{"fifu_image_url":"","fifu_image_alt":"","footnotes":""},"categories":[73,81],"tags":[],"class_list":["post-27304","post","type-post","status-publish","format-standard","has-post-thumbnail","hentry","category-actualite","category-burkina-faso"],"_links":{"self":[{"href":"https:\/\/linitiative.ca\/International\/wp-json\/wp\/v2\/posts\/27304","targetHints":{"allow":["GET"]}}],"collection":[{"href":"https:\/\/linitiative.ca\/International\/wp-json\/wp\/v2\/posts"}],"about":[{"href":"https:\/\/linitiative.ca\/International\/wp-json\/wp\/v2\/types\/post"}],"author":[{"embeddable":true,"href":"https:\/\/linitiative.ca\/International\/wp-json\/wp\/v2\/users\/1813"}],"replies":[{"embeddable":true,"href":"https:\/\/linitiative.ca\/International\/wp-json\/wp\/v2\/comments?post=27304"}],"version-history":[{"count":0,"href":"https:\/\/linitiative.ca\/International\/wp-json\/wp\/v2\/posts\/27304\/revisions"}],"wp:featuredmedia":[{"embeddable":true,"href":"https:\/\/linitiative.ca\/International\/wp-json\/"}],"wp:attachment":[{"href":"https:\/\/linitiative.ca\/International\/wp-json\/wp\/v2\/media?parent=27304"}],"wp:term":[{"taxonomy":"category","embeddable":true,"href":"https:\/\/linitiative.ca\/International\/wp-json\/wp\/v2\/categories?post=27304"},{"taxonomy":"post_tag","embeddable":true,"href":"https:\/\/linitiative.ca\/International\/wp-json\/wp\/v2\/tags?post=27304"}],"curies":[{"name":"wp","href":"https:\/\/api.w.org\/{rel}","templated":true}]}}