{"id":27308,"date":"2019-04-11T16:23:13","date_gmt":"2019-04-11T20:23:13","guid":{"rendered":"https:\/\/linitiative.ca\/International\/affrontements-communautaires-au-burkina-il-y-a-peril-en-la-demeure\/"},"modified":"2019-04-11T16:23:13","modified_gmt":"2019-04-11T20:23:13","slug":"affrontements-communautaires-au-burkina-il-y-a-peril-en-la-demeure","status":"publish","type":"post","link":"https:\/\/linitiative.ca\/International\/affrontements-communautaires-au-burkina-il-y-a-peril-en-la-demeure\/","title":{"rendered":"AFFRONTEMENTS COMMUNAUTAIRES AU BURKINA  : Il y a p\u00e9ril en la demeure"},"content":{"rendered":"<header>\n<\/header>\n<div class=\"entry-content clearfix\" readability=\"65\"><img decoding=\"async\" class=\"post_layout_5_img\" src=\"http:\/\/lepays.bf\/wp-content\/uploads\/2019\/04\/AFFRONTEMENTS.jpg\" alt=\"AFFRONTEMENTS COMMUNAUTAIRES AU BURKINA : Il y a p\u00e9ril en la demeure\"\/><\/p>\n<p class=\"c4\"><em>S\u2019il y a une actualit\u00e9 qui a retenu mon attention au cours de la semaine \u00e9coul\u00e9e, c\u2019est bien ce qui est arriv\u00e9 \u00e0 Arbinda, dans la r\u00e9gion du Sahel, o\u00f9 pr\u00e8s d\u2019une dizaine de peuls ont \u00e9t\u00e9 massacr\u00e9s. Pour quelle raison ? Certainement pendant qu\u2019ils avaient pour patronymes Barry, Diallo, Gadiaga, Kouffa, etc. comme certains de ces extr\u00e9mistes violents qui s\u00e8ment la mort et la d\u00e9solation sur leur passage. J\u2019avoue personnellement que j\u2019ai pleur\u00e9 toute la nuit parce que cette nouvelle violence communautaire m\u2019a rappel\u00e9 ce qui s\u2019est pass\u00e9 \u00e0 Yirgou, en d\u00e9but d\u2019ann\u00e9e o\u00f9 des dizaines de personnes avaient perdu la vie. Et ce n\u2019est pas tout. J\u2019ai encore en m\u00e9moire le pogrom qui, r\u00e9cemment, a eu lieu dans le Centre du Mali, o\u00f9 plus de 150 personnes, essentiellement, des peuls, ont \u00e9t\u00e9 trucid\u00e9es. On ne peut que rester perplexe face \u00e0 ce drame qui n\u2019avait \u00e9pargn\u00e9 ni enfants ni femmes enceintes. Oh, braves gens, j\u2019avoue qu\u2019\u00e0 l\u2019allure o\u00f9 vont les choses, j\u2019ai personnellement tr\u00e8s peur. Il y a p\u00e9ril en la deureure. C\u2019est pourquoi, je voulais attirer l\u2019attention des uns et des autres sur une chose. Tous les peuls ne sont pas des terroristes. Loin de l\u00e0. La preuve est que les peuls eux-m\u00eames n\u2019\u00e9chappent pas \u00e0 la folie meurtri\u00e8re des terroristes qui frappent aveuglement. J\u2019en connais qui sont des amis qui re\u00e7oivent des appels de menaces \u00e0 longueur de jour et de nuit, de la part de leurs propres fr\u00e8res radicalis\u00e9s qui les accusent d\u2019\u00eatre de m\u00e8che avec les autorit\u00e9s du pays. Voyez-vous ? Il faut savoir raison garder et faire preuve de discernement. Car, la situation est telle qu\u2019aujourd\u2019hui, les terroristes se recrutent dans toutes les communaut\u00e9s au monde entier. Il suffit de jeter un coup d\u2019\u0153il sur la derni\u00e8re liste de pr\u00e9sum\u00e9s terroristes recherch\u00e9s pour s\u2019en convaincre. Il y en a du tout. M\u00eame si je reconnais avec vous que les peuls y apparaissent comme les plus nombreux, cela ne suffit pas pour jeter l\u2019anath\u00e8me sur toute la communaut\u00e9 dans son ensemble. Je pense m\u00eame que certains au sein de ladite communaut\u00e9 sont tr\u00e8s remont\u00e9s contre leurs fr\u00e8res qui ont pris les armes et qui se plaisent \u00e0 se repaitre du sang des autres. Mieux, ces gens-l\u00e0 sont pr\u00eats \u00e0 collaborer avec les Forces de d\u00e9fense et de s\u00e9curit\u00e9 (FDS). Mais ils ont peur pour leur propre s\u00e9curit\u00e9. Ce qui para\u00eet aussi normal. Car, l\u2019on a vu des gens qui ont \u00e9t\u00e9 zigouill\u00e9s pour avoir fourni des informations aux fins limiers. Donc, je dis et je r\u00e9p\u00e8te qu\u2019il faut vite arr\u00eater les amalgames. Car, \u00e0 l\u2019allure o\u00f9 vont les choses, on va vers un g\u00e9nocide pour ne pas dire vers une \u00e9quation ethnique. Je touche du bois. Pour cela, changeons de discours pour ne pas donner l\u2019impression de stigmatiser une communaut\u00e9. C\u2019est le seul moyen de pr\u00e9server notre vivre-ensemble qui a toujours fait notre force. Cela dit, je ne veux plus jamais entendre parler d\u2019un massacre dirig\u00e9 contre une communaut\u00e9 quelconque.\u00a0<\/em> <em>Pour cela, je souhaite la mise en place d\u2019un cadre de concertation permanent entre leaders communautaires dans chaque r\u00e9gion. Cela permettra de renforcer la confiance entre les communaut\u00e9s coexistantes et de pr\u00e9venir tout risque de d\u00e9rapages. Ne dit-on pas souvent qu\u2019il vaut mieux pr\u00e9venir que gu\u00e9rir ?<\/em><\/p>\n<p><strong>\u00ab\u00a0Le Fou\u00a0\u00bb<\/strong><\/p>\n<\/div>\n<p>Auteur: Le Pays<br \/>\n<a href=\"http:\/\/lepays.bf\/affrontements-communautaires-au-burkina-il-y-a-peril-en-la-demeure\/\">Cliquez ici pour lire l&rsquo;article depuis sa source.<\/a><\/p>\n","protected":false},"excerpt":{"rendered":"<p>S\u2019il y a une actualit\u00e9 qui a retenu mon attention au cours de la semaine \u00e9coul\u00e9e, c\u2019est bien ce qui est arriv\u00e9 \u00e0 Arbinda, dans la r\u00e9gion du Sahel, o\u00f9 pr\u00e8s d\u2019une dizaine de peuls ont \u00e9t\u00e9 massacr\u00e9s. Pour quelle raison ? Certainement pendant qu\u2019ils avaient pour patronymes Barry, Diallo, Gadiaga, Kouffa, etc. comme certains [&hellip;]<\/p>\n","protected":false},"author":1813,"featured_media":27309,"comment_status":"closed","ping_status":"closed","sticky":false,"template":"","format":"standard","meta":{"fifu_image_url":"","fifu_image_alt":"","footnotes":""},"categories":[73,81],"tags":[],"class_list":["post-27308","post","type-post","status-publish","format-standard","has-post-thumbnail","hentry","category-actualite","category-burkina-faso"],"_links":{"self":[{"href":"https:\/\/linitiative.ca\/International\/wp-json\/wp\/v2\/posts\/27308","targetHints":{"allow":["GET"]}}],"collection":[{"href":"https:\/\/linitiative.ca\/International\/wp-json\/wp\/v2\/posts"}],"about":[{"href":"https:\/\/linitiative.ca\/International\/wp-json\/wp\/v2\/types\/post"}],"author":[{"embeddable":true,"href":"https:\/\/linitiative.ca\/International\/wp-json\/wp\/v2\/users\/1813"}],"replies":[{"embeddable":true,"href":"https:\/\/linitiative.ca\/International\/wp-json\/wp\/v2\/comments?post=27308"}],"version-history":[{"count":0,"href":"https:\/\/linitiative.ca\/International\/wp-json\/wp\/v2\/posts\/27308\/revisions"}],"wp:featuredmedia":[{"embeddable":true,"href":"https:\/\/linitiative.ca\/International\/wp-json\/"}],"wp:attachment":[{"href":"https:\/\/linitiative.ca\/International\/wp-json\/wp\/v2\/media?parent=27308"}],"wp:term":[{"taxonomy":"category","embeddable":true,"href":"https:\/\/linitiative.ca\/International\/wp-json\/wp\/v2\/categories?post=27308"},{"taxonomy":"post_tag","embeddable":true,"href":"https:\/\/linitiative.ca\/International\/wp-json\/wp\/v2\/tags?post=27308"}],"curies":[{"name":"wp","href":"https:\/\/api.w.org\/{rel}","templated":true}]}}