{"id":27312,"date":"2019-04-11T13:01:34","date_gmt":"2019-04-11T17:01:34","guid":{"rendered":"https:\/\/linitiative.ca\/International\/crise-au-ministere-des-finances-une-tentative-dasphyxie-de-leconomie-nationale-selon-le-mpp\/"},"modified":"2019-04-11T13:01:34","modified_gmt":"2019-04-11T17:01:34","slug":"crise-au-ministere-des-finances-une-tentative-dasphyxie-de-leconomie-nationale-selon-le-mpp","status":"publish","type":"post","link":"https:\/\/linitiative.ca\/International\/crise-au-ministere-des-finances-une-tentative-dasphyxie-de-leconomie-nationale-selon-le-mpp\/","title":{"rendered":"Crise au minist\u00e8re des Finances : \u00ab\u00a0Une tentative d\u2019asphyxie de l\u2019\u00e9conomie nationale\u00a0\u00bb, selon le MPP"},"content":{"rendered":"<div class=\"td-post-featured-image\"><a href=\"https:\/\/i2.wp.com\/www.sidwaya.info\/wp-content\/uploads\/2019\/04\/2-.jpg?fit=900%2C600&#038;ssl=1\" data-caption=\"?????????\"><img loading=\"lazy\" decoding=\"async\" width=\"696\" height=\"464\" class=\"entry-thumb td-modal-image\" src=\"https:\/\/i2.wp.com\/www.sidwaya.info\/wp-content\/uploads\/2019\/04\/2-.jpg?resize=696%2C464&#038;ssl=1\" srcset=\"https:\/\/i2.wp.com\/www.sidwaya.info\/wp-content\/uploads\/2019\/04\/2-.jpg?w=900&#038;ssl=1 900w, https:\/\/i2.wp.com\/www.sidwaya.info\/wp-content\/uploads\/2019\/04\/2-.jpg?resize=300%2C200&#038;ssl=1 300w, https:\/\/i2.wp.com\/www.sidwaya.info\/wp-content\/uploads\/2019\/04\/2-.jpg?resize=768%2C512&#038;ssl=1 768w, https:\/\/i2.wp.com\/www.sidwaya.info\/wp-content\/uploads\/2019\/04\/2-.jpg?resize=696%2C464&#038;ssl=1 696w, https:\/\/i2.wp.com\/www.sidwaya.info\/wp-content\/uploads\/2019\/04\/2-.jpg?resize=630%2C420&#038;ssl=1 630w\" sizes=\"auto, (max-width: 696px) 100vw, 696px\" alt=\"\" title=\"2-\"\/><\/a>?????????<\/div>\n<div class=\"td-a-rec td-a-rec-id-content_top td_uid_30_5cafb5216f3b7_rand td_block_template_1\"><img loading=\"lazy\" decoding=\"async\" class=\"aligncenter size-full wp-image-4463\" src=\"https:\/\/www.sidwaya.info\/wp-content\/uploads\/2019\/02\/FESPACO-TOUR-2019-Bannie%CC%80re-728x90-1.jpg\" alt=\"\" width=\"728\" height=\"90\"\/><\/div>\n<p><strong>La direction du Mouvement du peuple pour le progr\u00e8s (MPP) a anim\u00e9 une conf\u00e9rence de presse, le jeudi 11 avril 2019 \u00e0 Ouagadougou. Au menu des \u00e9changes, les drames de Zoaga et d\u2019Arbinda, la fronde sociale et la question de la r\u00e9conciliation nationale.<\/strong><\/p>\n<p><strong>\u00a0<\/strong>La situation nationale inqui\u00e8te le parti au pouvoir, le Mouvement du peuple\u00a0 pour \u00a0le progr\u00e8s (MPP). Le 11 avril 2019, il s\u2019est exprim\u00e9 sur la question, lors d\u2019une conf\u00e9rence de presse. Selon le pr\u00e9sident par int\u00e9rim du MPP, Simon Compaor\u00e9, le pays est toujours sous le choc des tueries que \u00ab\u00a0<em>des mains coupables engendrent\u00a0<\/em>\u00bb entre des communaut\u00e9s. <em>\u00ab\u00a0En t\u00e9moignent, les \u00e9v\u00e8nements survenus les 31 mars\u00a0 et 1<sup>er<\/sup> avril \u00e0 \u00a0Zoaga et \u00e0 Arbinda\u00a0<\/em>\u00bb, a-t-il soulign\u00e9.<\/p>\n<p>Pour le MPP, des \u00ab\u00a0<em>artisans de la d\u00e9stabilisation<\/em>\u00a0\u00bb\u00a0 cherchent\u00a0\u00e0 semer les graines de la division dans le pays et opposer les communaut\u00e9s entre-elles. Une situation \u00a0qui \u00a0interpelle \u00a0tous les acteurs politiques et sociaux.\u00a0<em>\u00ab C\u2019est pourquoi,\u00a0le parti et ses alli\u00e9s s\u2019\u00e9l\u00e8vent contre cette nouvelle forme de terrorisme social aussi d\u00e9sastreuse que la guerre asym\u00e9trique \u00e0 laquelle font face les forces de d\u00e9fense et de s\u00e9curit\u00e9. A cet effet, le gouvernement est invit\u00e9 \u00e0 prendre des mesures pour traquer les auteurs afin de les soumettre \u00e0 la justice\u00a0<\/em>\u00bb, a soutenu le pr\u00e9sident par int\u00e9rim. L\u2019autre sujet d\u00e9battu est la question de la fronde sociale.<\/p>\n<p>De l\u2019avis de Simon Compaor\u00e9, malgr\u00e9 la tr\u00eave sociale souhait\u00e9e par le pr\u00e9sident du Faso en cette ann\u00e9e 2019, les organisations de travailleurs brandissent l\u2019\u00e9pouvantail des gr\u00e8ves.\u00a0\u00ab\u00a0<em>La crise qui se d\u00e9roule au minist\u00e8re de l\u2019Economie, des Finances et du D\u00e9veloppement est une op\u00e9ration de sabotage, de tentative d\u2019asphyxie de l\u2019\u00e9conomie nationale par un groupe de travailleurs plus port\u00e9s sur leurs int\u00e9r\u00eats personnels<\/em>\u00a0\u00bb, a-t-il d\u00e9nonc\u00e9. Et de se demander comment peut-on ainsi emp\u00eacher des citoyens d\u2019accomplir leur devoir civique (payer les imp\u00f4ts) parce qu\u2019on d\u00e9fend un fonds commun. \u00ab\u00a0<em>Nous sommes contre le fait de prendre le peuple en otage et qu\u2019on ass\u00e8che les caisses de l\u2019Etat<\/em>\u00a0\u00bb, a indiqu\u00e9 le responsable par int\u00e9rim du MPP. Pour lui, l\u2019arr\u00eat de travail auquel se livrent ces travailleurs appelle \u00e0 une fermet\u00e9 des pouvoirs publics\u2026<\/p>\n<p><strong>Fleur BIRBA<\/strong><\/p>\n<p><a href=\"mailto:fleurbirba@gmail.com\"><strong>fleurbirba@gmail.com<\/strong><\/a><\/p>\n<p><strong>Encadr\u00e9<\/strong><\/p>\n<p><strong>L\u2019appel du Premier Ministre aux travailleurs du secteur public<\/strong><\/p>\n<p><img loading=\"lazy\" decoding=\"async\" class=\"alignnone wp-image-6728\" src=\"https:\/\/i0.wp.com\/www.sidwaya.info\/wp-content\/uploads\/2019\/04\/pm.jpg?resize=371%2C247&#038;ssl=1\" alt=\"\" width=\"371\" height=\"247\" srcset=\"https:\/\/i0.wp.com\/www.sidwaya.info\/wp-content\/uploads\/2019\/04\/pm.jpg?resize=300%2C200&#038;ssl=1 300w, https:\/\/i0.wp.com\/www.sidwaya.info\/wp-content\/uploads\/2019\/04\/pm.jpg?resize=768%2C512&#038;ssl=1 768w, https:\/\/i0.wp.com\/www.sidwaya.info\/wp-content\/uploads\/2019\/04\/pm.jpg?resize=696%2C464&#038;ssl=1 696w, https:\/\/i0.wp.com\/www.sidwaya.info\/wp-content\/uploads\/2019\/04\/pm.jpg?resize=630%2C420&#038;ssl=1 630w, https:\/\/i0.wp.com\/www.sidwaya.info\/wp-content\/uploads\/2019\/04\/pm.jpg?w=900&#038;ssl=1 900w\" sizes=\"auto, (max-width: 371px) 100vw, 371px\" data-recalc-dims=\"1\"\/><\/p>\n<p><strong>\u00ab\u00a0<em>Ceux qui veulent d\u00e9truire ce pays n\u2019y parviendront pas<\/em>\u00a0\u00bb, Christophe Dabir\u00e9<\/strong><\/p>\n<p>Le Premier ministre, Christophe Dabir\u00e9, a \u00e9t\u00e9 interpell\u00e9 sur le contraste entre son appel au civisme alors que certains agents publics refusent apparemment le travail. Voici sa r\u00e9ponse\u00a0:<\/p>\n<p>\u00ab\u00a0<em>Ceux qui veulent d\u00e9truire ce pays n\u2019y parviendront pas. La r\u00e9silience du Burkinab\u00e8 est extraordinaire. De par le pass\u00e9, nous avons connu beaucoup de difficult\u00e9s. Des gens ont pens\u00e9 que le pays allait sombrer dans le n\u00e9ant, mais nous avons pu nous donner la main pour \u00e9merger et continuer d\u2019avancer. Il y a quelques-uns qui, pour des raisons que nous ignorons, veulent d\u00e9truire les finances du pays, mais nous leur disons qu\u2019il faut qu\u2019ils reviennent \u00e0 la raison parce que ce sont tous les Burkinab\u00e8 qui vivent les difficult\u00e9s et l\u2019ins\u00e9curit\u00e9 au niveau national. Nous devons nous donner la main. Il n\u2019y a pas de probl\u00e8me sans solution. Refuser de discuter revient \u00e0 dire que nous allons vers une confrontation violente et nous ne souhaitons pas qu\u2019il en soit ainsi. Je les invite \u00e0 faire en sorte qu\u2019avec le gouvernement, on puisse trouver la meilleure solution qui serve l\u2019int\u00e9r\u00eat national plut\u00f4t que les int\u00e9r\u00eats individuels<\/em>\u00a0\u00bb.<\/p>\n<p><strong>\u00a0Propos recueillis par F.M.O.<\/strong><\/p>\n<p><strong>\u00a0<\/strong><\/p>\n<div class=\"td-a-rec td-a-rec-id-content_bottom td_uid_31_5cafb5216f5e5_rand td_block_template_1\"><img loading=\"lazy\" decoding=\"async\" class=\"alignright size-full wp-image-1724\" src=\"https:\/\/www.sidwaya.info\/wp-content\/uploads\/2018\/12\/sidwaya-pub.jpg\" alt=\"\" width=\"720\" height=\"90\"\/><\/div>\n<p>Auteur: Wamini SIDWAYA<br \/>\n<a href=\"https:\/\/www.sidwaya.info\/blog\/2019\/04\/11\/crise-au-ministere-des-finances-une-tentative-dasphyxie-de-leconomie-nationale-selon-le-mpp\/\">Cliquez ici pour lire l&rsquo;article depuis sa source.<\/a><\/p>\n","protected":false},"excerpt":{"rendered":"<p>????????? La direction du Mouvement du peuple pour le progr\u00e8s (MPP) a anim\u00e9 une conf\u00e9rence de presse, le jeudi 11 avril 2019 \u00e0 Ouagadougou. Au menu des \u00e9changes, les drames de Zoaga et d\u2019Arbinda, la fronde sociale et la question de la r\u00e9conciliation nationale. \u00a0La situation nationale inqui\u00e8te le parti au pouvoir, le Mouvement du [&hellip;]<\/p>\n","protected":false},"author":1816,"featured_media":0,"comment_status":"closed","ping_status":"closed","sticky":false,"template":"","format":"standard","meta":{"fifu_image_url":"","fifu_image_alt":"","footnotes":""},"categories":[73,81],"tags":[],"class_list":["post-27312","post","type-post","status-publish","format-standard","hentry","category-actualite","category-burkina-faso"],"_links":{"self":[{"href":"https:\/\/linitiative.ca\/International\/wp-json\/wp\/v2\/posts\/27312","targetHints":{"allow":["GET"]}}],"collection":[{"href":"https:\/\/linitiative.ca\/International\/wp-json\/wp\/v2\/posts"}],"about":[{"href":"https:\/\/linitiative.ca\/International\/wp-json\/wp\/v2\/types\/post"}],"author":[{"embeddable":true,"href":"https:\/\/linitiative.ca\/International\/wp-json\/wp\/v2\/users\/1816"}],"replies":[{"embeddable":true,"href":"https:\/\/linitiative.ca\/International\/wp-json\/wp\/v2\/comments?post=27312"}],"version-history":[{"count":0,"href":"https:\/\/linitiative.ca\/International\/wp-json\/wp\/v2\/posts\/27312\/revisions"}],"wp:attachment":[{"href":"https:\/\/linitiative.ca\/International\/wp-json\/wp\/v2\/media?parent=27312"}],"wp:term":[{"taxonomy":"category","embeddable":true,"href":"https:\/\/linitiative.ca\/International\/wp-json\/wp\/v2\/categories?post=27312"},{"taxonomy":"post_tag","embeddable":true,"href":"https:\/\/linitiative.ca\/International\/wp-json\/wp\/v2\/tags?post=27312"}],"curies":[{"name":"wp","href":"https:\/\/api.w.org\/{rel}","templated":true}]}}