{"id":27313,"date":"2019-04-11T13:31:48","date_gmt":"2019-04-11T17:31:48","guid":{"rendered":"https:\/\/linitiative.ca\/International\/projet-alliance-jeunes-et-parlementaires-le-balai-citoyen-dresse-un-bilan-a-mi-parcours\/"},"modified":"2019-04-11T13:31:48","modified_gmt":"2019-04-11T17:31:48","slug":"projet-alliance-jeunes-et-parlementaires-le-balai-citoyen-dresse-un-bilan-a-mi-parcours","status":"publish","type":"post","link":"https:\/\/linitiative.ca\/International\/projet-alliance-jeunes-et-parlementaires-le-balai-citoyen-dresse-un-bilan-a-mi-parcours\/","title":{"rendered":"Projet Alliance Jeunes et Parlementaires : Le Balai citoyen dresse un bilan \u00e0 mi-parcours"},"content":{"rendered":"<div class=\"td-post-featured-image\"><a href=\"https:\/\/i1.wp.com\/www.sidwaya.info\/wp-content\/uploads\/2019\/04\/bc.jpg?fit=640%2C480&#038;ssl=1\" data-caption=\"\"><img loading=\"lazy\" decoding=\"async\" width=\"640\" height=\"480\" class=\"entry-thumb td-modal-image\" src=\"https:\/\/i1.wp.com\/www.sidwaya.info\/wp-content\/uploads\/2019\/04\/bc.jpg?resize=640%2C480&#038;ssl=1\" srcset=\"https:\/\/i1.wp.com\/www.sidwaya.info\/wp-content\/uploads\/2019\/04\/bc.jpg?w=640&#038;ssl=1 640w, https:\/\/i1.wp.com\/www.sidwaya.info\/wp-content\/uploads\/2019\/04\/bc.jpg?resize=300%2C225&#038;ssl=1 300w, https:\/\/i1.wp.com\/www.sidwaya.info\/wp-content\/uploads\/2019\/04\/bc.jpg?resize=80%2C60&#038;ssl=1 80w, https:\/\/i1.wp.com\/www.sidwaya.info\/wp-content\/uploads\/2019\/04\/bc.jpg?resize=265%2C198&#038;ssl=1 265w, https:\/\/i1.wp.com\/www.sidwaya.info\/wp-content\/uploads\/2019\/04\/bc.jpg?resize=560%2C420&#038;ssl=1 560w\" sizes=\"auto, (max-width: 640px) 100vw, 640px\" alt=\"\" title=\"bc\"\/><\/a><\/div>\n<div class=\"td-a-rec td-a-rec-id-content_top td_uid_30_5cafb525b348d_rand td_block_template_1\"><img loading=\"lazy\" decoding=\"async\" class=\"aligncenter size-full wp-image-4463\" src=\"https:\/\/www.sidwaya.info\/wp-content\/uploads\/2019\/02\/FESPACO-TOUR-2019-Bannie%CC%80re-728x90-1.jpg\" alt=\"\" width=\"728\" height=\"90\"\/><\/div>\n<p><strong>Le Balai citoyen a organis\u00e9 une conf\u00e9rence de presse, ce jeudi 11 avril 2019 \u00e0 Ouagadougou pour pr\u00e9senter le bilan \u00e0 mi-parcours de son projet d\u00e9nomm\u00e9 \u2018\u2019Alliance Jeunes et Parlementaires\u2019\u2019 (AJP).<\/strong><\/p>\n<p>Pendant longtemps, l\u2019Assembl\u00e9e nationale (AN) du Burkina Faso est rest\u00e9e une institution ferm\u00e9e \u00e0 la participation citoyenne des jeunes. Pour stimuler une meilleure prise en compte des int\u00e9r\u00eats socio-\u00e9conomiques et politiques des jeunes dans les travaux parlementaires, le projet \u2018\u2019Alliance Jeunes et Parlementaires\u2019\u2019 (AJP) pilot\u00e9e par le mouvement, Le Balai citoyen en partenariat avec l\u2019ONG Oxfam a \u00e9t\u00e9 initi\u00e9. Ainsi, pour partager le bilan \u00e0 mi-parcours du projet, le Balai citoyen a convi\u00e9 les hommes de m\u00e9dias ce jeudi \u00e0 une conf\u00e9rence de presse.<\/p>\n<p><img loading=\"lazy\" decoding=\"async\" class=\"alignnone wp-image-6736\" src=\"https:\/\/i0.wp.com\/www.sidwaya.info\/wp-content\/uploads\/2019\/04\/ou.jpg?resize=301%2C173&#038;ssl=1\" alt=\"\" width=\"301\" height=\"173\" srcset=\"https:\/\/i0.wp.com\/www.sidwaya.info\/wp-content\/uploads\/2019\/04\/ou.jpg?resize=300%2C172&#038;ssl=1 300w, https:\/\/i0.wp.com\/www.sidwaya.info\/wp-content\/uploads\/2019\/04\/ou.jpg?resize=768%2C439&#038;ssl=1 768w, https:\/\/i0.wp.com\/www.sidwaya.info\/wp-content\/uploads\/2019\/04\/ou.jpg?resize=696%2C398&#038;ssl=1 696w, https:\/\/i0.wp.com\/www.sidwaya.info\/wp-content\/uploads\/2019\/04\/ou.jpg?resize=734%2C420&#038;ssl=1 734w, https:\/\/i0.wp.com\/www.sidwaya.info\/wp-content\/uploads\/2019\/04\/ou.jpg?w=900&#038;ssl=1 900w\" sizes=\"auto, (max-width: 301px) 100vw, 301px\" data-recalc-dims=\"1\"\/>Le charg\u00e9 de projet Alliance Jeunes et Parlementaires, Kiswendsida Jean Alphonse Yambr\u00e9 a affirm\u00e9 que depuis la mise en route du projet en Avril 2018, l\u2019AJP a renforc\u00e9 les capacit\u00e9s d\u2019influence de plus de 200 jeunes participants avec un quota genre de 40 %. Il \u00e9galement a indiqu\u00e9 que le projet a appuy\u00e9 la mobilisation, l\u2019organisation et la mise en r\u00e9seau des jeunes de chaque localit\u00e9, en vue d\u2019\u00e9laborer un agenda commun de plaidoyer \u00e0 l\u2019endroit des d\u00e9put\u00e9s.<\/p>\n<p>Pour M. Yambr\u00e9, le but final de ces formations est d\u2019outiller les jeunes sur la connaissance du syst\u00e8me parlementaire, de faciliter l\u2019acc\u00e8s des jeunes du projet aux espaces formels et informels de prise de d\u00e9cision et \u00e0 des plateformes d\u2019interactions entre les jeunes et les d\u00e9put\u00e9s. Il a fait savoir que les jeunes du projet ont retenu trois th\u00e8mes de plaidoyer \u00e0 mener pour une meilleure prise en compte de leurs int\u00e9r\u00eats socio-\u00e9conomique dans les travaux parlementaires. Il s\u2019agit de l\u2019instauration d\u2019un \u00ab\u00a0quota jeunes\u00a0\u00bb sur la liste \u00e9lectorale nationale pour les \u00e9lections l\u00e9gislatives, une extension de la \u00a0couverture au plan national de la radio parlementaire, et un recrutement de 127 jeunes assistants parlementaires \u00e0 l\u2019assembl\u00e9e nationale.<\/p>\n<p><img loading=\"lazy\" decoding=\"async\" class=\"alignnone wp-image-6738\" src=\"https:\/\/i2.wp.com\/www.sidwaya.info\/wp-content\/uploads\/2019\/04\/ajp.jpg?resize=336%2C189&#038;ssl=1\" alt=\"\" width=\"336\" height=\"189\" srcset=\"https:\/\/i2.wp.com\/www.sidwaya.info\/wp-content\/uploads\/2019\/04\/ajp.jpg?resize=300%2C169&#038;ssl=1 300w, https:\/\/i2.wp.com\/www.sidwaya.info\/wp-content\/uploads\/2019\/04\/ajp.jpg?resize=768%2C432&#038;ssl=1 768w, https:\/\/i2.wp.com\/www.sidwaya.info\/wp-content\/uploads\/2019\/04\/ajp.jpg?resize=696%2C391&#038;ssl=1 696w, https:\/\/i2.wp.com\/www.sidwaya.info\/wp-content\/uploads\/2019\/04\/ajp.jpg?resize=747%2C420&#038;ssl=1 747w, https:\/\/i2.wp.com\/www.sidwaya.info\/wp-content\/uploads\/2019\/04\/ajp.jpg?w=900&#038;ssl=1 900w\" sizes=\"auto, (max-width: 336px) 100vw, 336px\" data-recalc-dims=\"1\"\/>S\u2019agissant de l\u2019instauration du quota jeune sur la liste \u00e9lectorale, Kiswendsida Yambr\u00e9 a indiqu\u00e9 que cela r\u00e9pond \u00e0 un besoin de repr\u00e9sentativit\u00e9 de la jeunesse au sein de l\u2019h\u00e9micycle. Pour ce qui est de l\u2019extension de la couverture au plan national de la radio du Parlement, il est ressorti\u00a0 que le probl\u00e8me principal est sa faible couverture. Elle est actuellement accessible sur un rayon de 70 km autour de Ouagadougou. M.Yambr\u00e9 a not\u00e9 que le recrutement de 127 jeunes assistants \u00e9mane du constat fait de l\u2019insuffisance des ressources humaines jeunes pour accompagner les d\u00e9put\u00e9s dans leurs missions. <em>\u00ab\u00a0L\u2019adoption de ce th\u00e8me comme loi contribuera \u00e0 am\u00e9liorer l\u2019efficacit\u00e9 des d\u00e9put\u00e9s, ainsi que la qualit\u00e9 du travail parlementaire dans son ensemble\u00a0\u00bb,<\/em> a-t-il soulign\u00e9.<\/p>\n<p>Le projet AJP de deux ans est mis en \u0153uvre dans six localit\u00e9s du Burkina Faso que sont Ouagadougou, Dori, Po, Bogand\u00e9, Tenkodogo et Koudougou.<\/p>\n<p><strong>Wamini Micheline OUEDRAOGO<\/strong><\/p>\n<div class=\"td-a-rec td-a-rec-id-content_bottom td_uid_31_5cafb525b36f9_rand td_block_template_1\"><img loading=\"lazy\" decoding=\"async\" class=\"alignright size-full wp-image-1724\" src=\"https:\/\/www.sidwaya.info\/wp-content\/uploads\/2018\/12\/sidwaya-pub.jpg\" alt=\"\" width=\"720\" height=\"90\"\/><\/div>\n<p>Auteur: Wamini SIDWAYA<br \/>\n<a href=\"https:\/\/www.sidwaya.info\/blog\/2019\/04\/11\/projet-alliance-jeunes-et-parlementaires-le-balai-citoyen-dresse-un-bilan-a-mi-parcours\/\">Cliquez ici pour lire l&rsquo;article depuis sa source.<\/a><\/p>\n","protected":false},"excerpt":{"rendered":"<p>Le Balai citoyen a organis\u00e9 une conf\u00e9rence de presse, ce jeudi 11 avril 2019 \u00e0 Ouagadougou pour pr\u00e9senter le bilan \u00e0 mi-parcours de son projet d\u00e9nomm\u00e9 \u2018\u2019Alliance Jeunes et Parlementaires\u2019\u2019 (AJP). Pendant longtemps, l\u2019Assembl\u00e9e nationale (AN) du Burkina Faso est rest\u00e9e une institution ferm\u00e9e \u00e0 la participation citoyenne des jeunes. Pour stimuler une meilleure prise [&hellip;]<\/p>\n","protected":false},"author":1816,"featured_media":0,"comment_status":"closed","ping_status":"closed","sticky":false,"template":"","format":"standard","meta":{"fifu_image_url":"","fifu_image_alt":"","footnotes":""},"categories":[73,81],"tags":[],"class_list":["post-27313","post","type-post","status-publish","format-standard","hentry","category-actualite","category-burkina-faso"],"_links":{"self":[{"href":"https:\/\/linitiative.ca\/International\/wp-json\/wp\/v2\/posts\/27313","targetHints":{"allow":["GET"]}}],"collection":[{"href":"https:\/\/linitiative.ca\/International\/wp-json\/wp\/v2\/posts"}],"about":[{"href":"https:\/\/linitiative.ca\/International\/wp-json\/wp\/v2\/types\/post"}],"author":[{"embeddable":true,"href":"https:\/\/linitiative.ca\/International\/wp-json\/wp\/v2\/users\/1816"}],"replies":[{"embeddable":true,"href":"https:\/\/linitiative.ca\/International\/wp-json\/wp\/v2\/comments?post=27313"}],"version-history":[{"count":0,"href":"https:\/\/linitiative.ca\/International\/wp-json\/wp\/v2\/posts\/27313\/revisions"}],"wp:attachment":[{"href":"https:\/\/linitiative.ca\/International\/wp-json\/wp\/v2\/media?parent=27313"}],"wp:term":[{"taxonomy":"category","embeddable":true,"href":"https:\/\/linitiative.ca\/International\/wp-json\/wp\/v2\/categories?post=27313"},{"taxonomy":"post_tag","embeddable":true,"href":"https:\/\/linitiative.ca\/International\/wp-json\/wp\/v2\/tags?post=27313"}],"curies":[{"name":"wp","href":"https:\/\/api.w.org\/{rel}","templated":true}]}}