{"id":27314,"date":"2019-04-11T13:40:14","date_gmt":"2019-04-11T17:40:14","guid":{"rendered":"https:\/\/linitiative.ca\/International\/massacres-inter-communautaires-au-burkina-le-tocsin-condamne-des-tueries-fratricides\/"},"modified":"2019-04-11T13:40:14","modified_gmt":"2019-04-11T17:40:14","slug":"massacres-inter-communautaires-au-burkina-le-tocsin-condamne-des-tueries-fratricides","status":"publish","type":"post","link":"https:\/\/linitiative.ca\/International\/massacres-inter-communautaires-au-burkina-le-tocsin-condamne-des-tueries-fratricides\/","title":{"rendered":"Massacres inter-communautaires au Burkina : Le Tocsin condamne des \u00ab\u00a0tueries fratricides\u00a0\u00bb"},"content":{"rendered":"<div class=\"td-a-rec td-a-rec-id-content_top td_uid_30_5cafb52909d97_rand td_block_template_1\"><img loading=\"lazy\" decoding=\"async\" class=\"aligncenter size-full wp-image-4463\" src=\"https:\/\/www.sidwaya.info\/wp-content\/uploads\/2019\/02\/FESPACO-TOUR-2019-Bannie%CC%80re-728x90-1.jpg\" alt=\"\" width=\"728\" height=\"90\"\/><\/div>\n<p><strong>Apr\u00e8s les \u00e9v\u00e9nements\u00a0de Yirgou, d\u2019autres massacres inter-communautaires se sont produits \u00e0 Aribinda avec plus d\u2019une soixantaine de morts. Dans la d\u00e9claration qui suit, le Tocsin exprime son indignation face \u00e0 cette furie mortif\u00e8re \u00e0 r\u00e9p\u00e9tition et exhorte les Burkinab\u00e8 \u00e0 consolider leur vivre ensemble s\u00e9culaire.<\/strong><\/p>\n<p><strong>\u00a0<\/strong>Apr\u00e8s Yirgou, voici Aribinda, le TOCSIN sonne \u00e0 nouveau pour exprimer l\u2019indignation g\u00e9n\u00e9rale des Burkinab\u00e8. Dans les deux cas, les massacres inter-communautaires font suite \u00e0 des crimes odieux commis par des individus non identifi\u00e9s, probablement, des terroristes aux visages hideux. Ils ont massacr\u00e9 des leaders d\u2019opinion et des membres de leurs familles, d\u2019un c\u00f4t\u00e9, un chef coutumier, de l\u2019autre, un guide religieux musulman. M\u00eame, leurs \u00e2ges avanc\u00e9s, donc leur statut de grand-p\u00e8re ou de p\u00e8re, n\u2019ont pas dissuad\u00e9 leurs bourreaux.<\/p>\n<p>La r\u00e9plique des populations locales, s\u2019est traduite par des tentatives malheureuses et inacceptables de se rendre justice. Pire, leur furie mortif\u00e8re a conduit \u00e0 la mort de paisibles citoyens dont le seul \u00ab\u00a0tort\u00a0\u00bb a \u00e9t\u00e9 d\u2019appartenir au groupe ethnique des agresseurs pr\u00e9sum\u00e9s. Ainsi, \u00e0 un mal innommable, s\u2019est superpos\u00e9 un mal plus immonde\u00a0; comme si \u00ab\u00a0<em>pendant que la pluie nous bat, nous adoptons la f\u00e2cheuse attitude de nous battre entre nous<\/em>\u00a0\u00bb.<\/p>\n<p>Par ces r\u00e9actions morbides, \u00e0 Yirgou hier, comme \u00e0 Aribinda aujourd\u2019hui, le pseudo rem\u00e8de a aggrav\u00e9 le mal. Le jeu des terroristes a \u00e9t\u00e9 accompli. Les ennemis communs, que sont les terroristes, en plus d\u2019avoir \u00f4t\u00e9 des vies de leurs propres mains, sont arriv\u00e9s \u00e0 nous manipuler afin que nous nous exterminions et fragilisions notre vivre ensemble s\u00e9culaire.<\/p>\n<p>Le TOCSIN sonne pour condamner une fois de plus le terrorisme et rappeler les grands principes moraux, gages de paix, qui ont toujours sous-tendu notre Etat nation en continuelle construction.<\/p>\n<p>Ne nous trompons pas d\u2019ennemis ou d\u2019adversaires. Refusons l\u2019autoflagellation, les tueries fratricides. Arr\u00eatons le cycle de violences inter-communautaires.<\/p>\n<p>Renfor\u00e7ons notre appropriation de la la\u00efcit\u00e9. Soutenons le fait que la diversit\u00e9 culturelle et religieuse soit une grande richesse.<\/p>\n<p>Pr\u00f4nons la coh\u00e9sion nationale et le brassage des communaut\u00e9s de toutes natures. Ayons pour boussole, les grandes valeurs traditionnelles et religieuses de fraternit\u00e9, d\u2019unit\u00e9, de tol\u00e9rance et de solidarit\u00e9. N\u2019oublions pas que \u00ab\u00a0la valeur humaine est la plus pr\u00e9cieuse des richesses\u00a0\u00bb et que le droit \u00e0 la vie est le premier des droits.<\/p>\n<p>Soutenons les actions hautement patriotiques et r\u00e9publicaines des Forces de D\u00e9fense et de S\u00e9curit\u00e9 visant \u00e0 nous d\u00e9barrasser de l\u2019ogre terroriste.<\/p>\n<p>Vive l\u2019harmonie entre les communaut\u00e9s burkinab\u00e8. Vive notre ch\u00e8re patrie.<\/p>\n<p><strong><em>\u00a0<\/em><\/strong><\/p>\n<p><strong><em>TOCSIN\u00a0: Tous pour le Combat de la Solidarit\u00e9 et de l\u2019Int\u00e9gration.<\/em><\/strong><\/p>\n<p><strong>\u00a0Ouagadougou, le 05 avril 2019<\/strong><\/p>\n<p><strong>Pour le Bureau Ex\u00e9cutif, le Pr\u00e9sident et P\/D le Vice-pr\u00e9sident<\/strong><\/p>\n<p><strong>\u00a0<\/strong><\/p>\n<p><strong>\u00a0<\/strong><\/p>\n<p><strong>\u00a0\u00a0<u>Pr. Moussa Willy BANTENGA<\/u><\/strong><\/p>\n<p><strong><em>\u00a0 Chevalier de l\u2019ordre des Palmes Acad\u00e9miques<\/em><\/strong><\/p>\n<div class=\"td-a-rec td-a-rec-id-content_bottom td_uid_31_5cafb5290a016_rand td_block_template_1\"><img loading=\"lazy\" decoding=\"async\" class=\"alignright size-full wp-image-1724\" src=\"https:\/\/www.sidwaya.info\/wp-content\/uploads\/2018\/12\/sidwaya-pub.jpg\" alt=\"\" width=\"720\" height=\"90\"\/><\/div>\n<p>Auteur: Wamini SIDWAYA<br \/>\n<a href=\"https:\/\/www.sidwaya.info\/blog\/2019\/04\/11\/massacres-inter-communautaires-au-burkina-le-tocsin-condamne-des-tueries-fratricides\/\">Cliquez ici pour lire l&rsquo;article depuis sa source.<\/a><\/p>\n","protected":false},"excerpt":{"rendered":"<p>Apr\u00e8s les \u00e9v\u00e9nements\u00a0de Yirgou, d\u2019autres massacres inter-communautaires se sont produits \u00e0 Aribinda avec plus d\u2019une soixantaine de morts. Dans la d\u00e9claration qui suit, le Tocsin exprime son indignation face \u00e0 cette furie mortif\u00e8re \u00e0 r\u00e9p\u00e9tition et exhorte les Burkinab\u00e8 \u00e0 consolider leur vivre ensemble s\u00e9culaire. \u00a0Apr\u00e8s Yirgou, voici Aribinda, le TOCSIN sonne \u00e0 nouveau pour [&hellip;]<\/p>\n","protected":false},"author":1816,"featured_media":27315,"comment_status":"closed","ping_status":"closed","sticky":false,"template":"","format":"standard","meta":{"fifu_image_url":"","fifu_image_alt":"","footnotes":""},"categories":[73,81],"tags":[],"class_list":["post-27314","post","type-post","status-publish","format-standard","has-post-thumbnail","hentry","category-actualite","category-burkina-faso"],"_links":{"self":[{"href":"https:\/\/linitiative.ca\/International\/wp-json\/wp\/v2\/posts\/27314","targetHints":{"allow":["GET"]}}],"collection":[{"href":"https:\/\/linitiative.ca\/International\/wp-json\/wp\/v2\/posts"}],"about":[{"href":"https:\/\/linitiative.ca\/International\/wp-json\/wp\/v2\/types\/post"}],"author":[{"embeddable":true,"href":"https:\/\/linitiative.ca\/International\/wp-json\/wp\/v2\/users\/1816"}],"replies":[{"embeddable":true,"href":"https:\/\/linitiative.ca\/International\/wp-json\/wp\/v2\/comments?post=27314"}],"version-history":[{"count":0,"href":"https:\/\/linitiative.ca\/International\/wp-json\/wp\/v2\/posts\/27314\/revisions"}],"wp:featuredmedia":[{"embeddable":true,"href":"https:\/\/linitiative.ca\/International\/wp-json\/"}],"wp:attachment":[{"href":"https:\/\/linitiative.ca\/International\/wp-json\/wp\/v2\/media?parent=27314"}],"wp:term":[{"taxonomy":"category","embeddable":true,"href":"https:\/\/linitiative.ca\/International\/wp-json\/wp\/v2\/categories?post=27314"},{"taxonomy":"post_tag","embeddable":true,"href":"https:\/\/linitiative.ca\/International\/wp-json\/wp\/v2\/tags?post=27314"}],"curies":[{"name":"wp","href":"https:\/\/api.w.org\/{rel}","templated":true}]}}