{"id":27316,"date":"2019-04-11T14:50:02","date_gmt":"2019-04-11T18:50:02","guid":{"rendered":"https:\/\/linitiative.ca\/International\/soudan-apres-lespoir-les-manifestants-en-colere-et-decides-a-braver-le-couvre-feu\/"},"modified":"2019-04-11T14:50:02","modified_gmt":"2019-04-11T18:50:02","slug":"soudan-apres-lespoir-les-manifestants-en-colere-et-decides-a-braver-le-couvre-feu","status":"publish","type":"post","link":"https:\/\/linitiative.ca\/International\/soudan-apres-lespoir-les-manifestants-en-colere-et-decides-a-braver-le-couvre-feu\/","title":{"rendered":"Soudan: apr\u00e8s l\u2019espoir, les manifestants en col\u00e8re et d\u00e9cid\u00e9s \u00e0 braver le couvre-feu"},"content":{"rendered":"<div readability=\"32\">\n<p>Publi\u00e9 le 11.04.2019 \u00e0 19h50 par AFP<\/p>\n<\/div>\n<div readability=\"151\">\n<p>D\u00e8s les premi\u00e8res lueurs jeudi matin, les Soudanais se sont r\u00e9jouis de la fin annonc\u00e9e du r\u00e8gne d\u2019Omar el-B\u00e9chir. Mais les d\u00e9clarations de l\u2019arm\u00e9e ont douch\u00e9 leur joie, avec l\u2019instauration notamment d\u2019un couvre-feu, et l\u2019enthousiasme laisse d\u00e9sormais place \u00e0 l\u2019amertume.<\/p>\n<p>En matin\u00e9e, la TV d\u2019Etat avait suspendu ses programmes, annonc\u00e9 une \u00ab\u00a0d\u00e9claration importante de l\u2019arm\u00e9e\u00a0\u00bb et les manifestants, descendus par milliers dans la rue, avaient d\u00e9j\u00e0 commenc\u00e9 \u00e0 chanter et danser, devinant la chute de B\u00e9chir, au pouvoir depuis pr\u00e8s de 30 ans.<\/p>\n<p>Apr\u00e8s de longues heures d\u2019attente, l\u2019arm\u00e9e a pris la parole pour annoncer la fin du r\u00e9gime, remplac\u00e9 par \u00ab\u00a0conseil militaire de transition\u00a0\u00bb pour deux ans.<\/p>\n<p>En liesse, les Soudanais, qui agitaient des drapeaux en chantant dans les rues de Khartoum, ont d\u2019abord embrass\u00e9 et pris dans leurs bras des soldats, avant de danser sur des blind\u00e9s.<\/p>\n<p>Puis ils ont d\u00e9chant\u00e9.<\/p>\n<p>\u00ab\u00a0Il n\u2019y aura pas de changement si le r\u00e9gime de B\u00e9chir trompe les Soudanais avec un coup d\u2019Etat militaire\u00a0\u00bb, regrette sur Twitter Alaa Salah, une jeune \u00e9tudiante devenue \u00ab\u00a0l\u2019ic\u00f4ne\u00a0\u00bb du mouvement de contestation.<\/p>\n<p>\u2013 \u00ab\u00a0On part pas!\u00a0\u00bb \u2013<\/p>\n<p>Tr\u00e8s vite, la d\u00e9ception s\u2019est transform\u00e9e en col\u00e8re. \u00ab\u00a0On ne part pas! On ne part pas!\u00a0\u00bb, ont scand\u00e9 des manifestants.<\/p>\n<p>\u00ab\u00a0On veut la chute (du r\u00e9gime) et rien d\u2019autre!\u00a0\u00bb, ont-ils encore cri\u00e9 devant le QG des forces militaires o\u00f9 ils campent depuis la 6e journ\u00e9e cons\u00e9cutive pour convaincre les soldats de rejoindre leur mouvement.<\/p>\n<p>Des contestataires ont m\u00eame r\u00e9install\u00e9 les barricades qui bloquent les rues menant au QG, qui abrite aussi le minist\u00e8re de la D\u00e9fense et la r\u00e9sidence officielle du pr\u00e9sident. Le matin, ils \u00e9taient pourtant en train de les d\u00e9monter.<\/p>\n<p>Parmi les annonces de l\u2019arm\u00e9e, l\u2019une vise \u00e0 mettre fin aux nuits pass\u00e9es devant le QG: d\u00e9sormais, le pays sera sous couvre-feu de 22H00 \u00e0 04H00 locales, soit de 20H00 GMT \u00e0 02H00 GMT.<\/p>\n<p>Mais \u00e0 l\u2019approche de la nuit, rien ne semble moins s\u00fbr. Si certains manifestants ont quitt\u00e9 les lieux apr\u00e8s des heures sous un soleil de plomb, d\u2019autres arrivent, plus d\u00e9termin\u00e9s que jamais.<\/p>\n<p>\u00ab\u00a0C\u2019est une mascarade. Le r\u00e9gime n\u2019est pas tomb\u00e9. C\u2019est le m\u00eame r\u00e9gime qui se reproduit\u00a0\u00bb, s\u2019indigne un manifestant, agitant vigoureusement les bras pour appuyer ses propos.<\/p>\n<p><ins data-revive-zoneid=\"9\" data-revive-id=\"10111e19d28d19d031742ee3b0b33eb0\"\/> <\/p>\n<p>Omar el-B\u00e9chir \u00ab\u00a0est un chef assoiff\u00e9 de sang et recherch\u00e9\u00a0\u00bb par la justice internationale, accuse un autre. \u00ab\u00a0Il nous ram\u00e8ne un nouveau r\u00e9gime et c\u2019est totalement inacceptable\u00a0\u00bb.<\/p>\n<p>Le ministre de la D\u00e9fense Awad Ahmed \u00ab\u00a0Benawf et B\u00e9chir sont les deux faces d\u2019une m\u00eame pi\u00e8ce\u00a0\u00bb, s\u2019\u00e9nerve de son c\u00f4t\u00e9 une manifestante, le visage encadr\u00e9 par un voile rouge vif.<\/p>\n<p>\u00ab\u00a0Les jeunes et tous les Soudanais voient bien ce qui est en train d\u2019arriver: le gouvernement nous manipule\u00a0\u00bb, insiste-t-elle.<\/p>\n<p>Autour d\u2019elle, des contestataires encouragent leurs camarades \u00e0 rester sur place. Le couvre-feu ne doit rien changer \u00e0 la mobilisation, plaident-ils.<\/p>\n<p>\u2013 \u00ab\u00a0Photocopie du r\u00e9gime\u00a0\u00bb \u2013<\/p>\n<p>Non loin, des drapeaux nationaux continuent de flotter, et la sc\u00e8ne semble faire \u00e9cho \u00e0 celle de drapeaux alg\u00e9riens brandis \u00e0 des milliers de kilom\u00e8tres de l\u00e0 par les manifestants \u00e0 Alger, qui ont obtenu le 2 avril la d\u00e9mission du pr\u00e9sident alg\u00e9rien Abdelaziz Bouteflika, apr\u00e8s 20 ans au pouvoir.<\/p>\n<p>Si les manifestations en Alg\u00e9rie se sont d\u00e9roul\u00e9es dans le calme, le mouvement de contestation au Soudan, d\u00e9but\u00e9 le 19 d\u00e9cembre apr\u00e8s la d\u00e9cision du gouvernement de tripler le prix du pain, a \u00e9t\u00e9 marqu\u00e9 par la mort de 49 personnes, selon un bilan officiel.<\/p>\n<p>\u00ab\u00a0Le sang de nos fr\u00e8res ne doit pas avoir coul\u00e9 pour rien\u00a0\u00bb, mart\u00e8le un manifestant.<\/p>\n<p>La donne politique jeudi soir \u00ab\u00a0n\u2019est qu\u2019une nouvelle photocopie du r\u00e9gime d\u00e9j\u00e0 en place\u00a0\u00bb, assure-t-il.<\/p>\n<p>Pour lui, comme pour tous les autres dehors jeudi soir, les manifestations se prolongeront une nuit et une journ\u00e9e de plus, couvre-feu ou pas.<\/p>\n<p>bur-ab-jds-jkb\/sbh\/all<\/p>\n<\/div>\n<p>Auteur: AFP<br \/>\n<a href=\"https:\/\/www.journalducameroun.com\/fr\/soudan-apres-lespoir-les-manifestants-en-colere-et-decides-a-braver-le-couvre-feu\/\">Cliquez ici pour lire l&rsquo;article depuis sa source.<\/a><\/p>\n","protected":false},"excerpt":{"rendered":"<p>Publi\u00e9 le 11.04.2019 \u00e0 19h50 par AFP D\u00e8s les premi\u00e8res lueurs jeudi matin, les Soudanais se sont r\u00e9jouis de la fin annonc\u00e9e du r\u00e8gne d\u2019Omar el-B\u00e9chir. Mais les d\u00e9clarations de l\u2019arm\u00e9e ont douch\u00e9 leur joie, avec l\u2019instauration notamment d\u2019un couvre-feu, et l\u2019enthousiasme laisse d\u00e9sormais place \u00e0 l\u2019amertume. En matin\u00e9e, la TV d\u2019Etat avait suspendu ses [&hellip;]<\/p>\n","protected":false},"author":1965,"featured_media":0,"comment_status":"closed","ping_status":"closed","sticky":false,"template":"","format":"standard","meta":{"fifu_image_url":"","fifu_image_alt":"","footnotes":""},"categories":[73,82],"tags":[],"class_list":["post-27316","post","type-post","status-publish","format-standard","hentry","category-actualite","category-cameroun"],"_links":{"self":[{"href":"https:\/\/linitiative.ca\/International\/wp-json\/wp\/v2\/posts\/27316","targetHints":{"allow":["GET"]}}],"collection":[{"href":"https:\/\/linitiative.ca\/International\/wp-json\/wp\/v2\/posts"}],"about":[{"href":"https:\/\/linitiative.ca\/International\/wp-json\/wp\/v2\/types\/post"}],"author":[{"embeddable":true,"href":"https:\/\/linitiative.ca\/International\/wp-json\/wp\/v2\/users\/1965"}],"replies":[{"embeddable":true,"href":"https:\/\/linitiative.ca\/International\/wp-json\/wp\/v2\/comments?post=27316"}],"version-history":[{"count":0,"href":"https:\/\/linitiative.ca\/International\/wp-json\/wp\/v2\/posts\/27316\/revisions"}],"wp:attachment":[{"href":"https:\/\/linitiative.ca\/International\/wp-json\/wp\/v2\/media?parent=27316"}],"wp:term":[{"taxonomy":"category","embeddable":true,"href":"https:\/\/linitiative.ca\/International\/wp-json\/wp\/v2\/categories?post=27316"},{"taxonomy":"post_tag","embeddable":true,"href":"https:\/\/linitiative.ca\/International\/wp-json\/wp\/v2\/tags?post=27316"}],"curies":[{"name":"wp","href":"https:\/\/api.w.org\/{rel}","templated":true}]}}