{"id":27318,"date":"2019-04-11T15:18:04","date_gmt":"2019-04-11T19:18:04","guid":{"rendered":"https:\/\/linitiative.ca\/International\/reforme-constitutionnelle-au-mali-lopposition-boycotte-une-audience-avec-ibk\/"},"modified":"2019-04-11T15:18:04","modified_gmt":"2019-04-11T19:18:04","slug":"reforme-constitutionnelle-au-mali-lopposition-boycotte-une-audience-avec-ibk","status":"publish","type":"post","link":"https:\/\/linitiative.ca\/International\/reforme-constitutionnelle-au-mali-lopposition-boycotte-une-audience-avec-ibk\/","title":{"rendered":"R\u00e9forme constitutionnelle au Mali : l\u2019opposition boycotte une audience avec IBK"},"content":{"rendered":"<div readability=\"32\">\n<p>Publi\u00e9 le 11.04.2019 \u00e0 20h18 par APA News<\/p>\n<\/div>\n<div readability=\"59\">\n<p>Deux coalitions de l\u2019opposition malienne, \u00e0 savoir le Front pour la sauvegarde de l\u2019opposition (FSD) et la Coalition des forces patriotiques (COFOP) ont boud\u00e9, jeudi \u00e0 Bamako, une audience avec le pr\u00e9sident de la r\u00e9publique, Ibrahim Boubacar Keita, informent-elles dans un communiqu\u00e9 de presse re\u00e7u \u00e0 APA.Alors que l\u2019audience avec le pr\u00e9sident Ibrahim Boubacar Keita \u00e9tait fix\u00e9 \u00e0 15 heures pour le FSD et \u00e0 17 heures pour la COFOP, les deux principales coalitions de l\u2019opposition ont tout simplement brill\u00e9 par leur absence.<\/p>\n<p>L\u2019audience avait pour but de remettre \u00e0 ces composantes de la classe politique malienne l\u2019avant-projet de r\u00e9forme constitutionnelle pour examen et contributions. Mercredi dernier, le pr\u00e9sident IBK avait re\u00e7u la majorit\u00e9 pr\u00e9sidentielle pour lui remettre le texte dans le m\u00eame but.<\/p>\n<p>C\u2019\u00e9tait alors le tour de l\u2019opposition aujourd\u2019hui. Mais \u00e0 l\u2019unanimit\u00e9, les deux coalitions ont dit qu\u2019elles ne veulent pas de ce texte \u00e0 ce moment pr\u00e9cis, estimant que \u00ab l\u2019urgence, ce n\u2019est pas la r\u00e9forme constitutionnelle, mais la r\u00e9solution des crises s\u00e9curitaires et scolaires \u00bb.<\/p>\n<p><ins data-revive-zoneid=\"9\" data-revive-id=\"10111e19d28d19d031742ee3b0b33eb0\"\/> <\/p>\n<p>La r\u00e9forme constitutionnelle est n\u00e9cessaire pour la mise en \u0153uvre de l\u2019accord pour la paix et la r\u00e9conciliation. Mais un premier texte avait \u00e9t\u00e9 rejet\u00e9 par l\u2019opposition et une partie de la soci\u00e9t\u00e9 civile en 2017.<\/p>\n<\/div>\n<p>Auteur: APA News<br \/>\n<a href=\"https:\/\/www.journalducameroun.com\/fr\/reforme-constitutionnelle-au-mali-lopposition-boycotte-une-audience-avec-ibk\/\">Cliquez ici pour lire l&rsquo;article depuis sa source.<\/a><\/p>\n","protected":false},"excerpt":{"rendered":"<p>Publi\u00e9 le 11.04.2019 \u00e0 20h18 par APA News Deux coalitions de l\u2019opposition malienne, \u00e0 savoir le Front pour la sauvegarde de l\u2019opposition (FSD) et la Coalition des forces patriotiques (COFOP) ont boud\u00e9, jeudi \u00e0 Bamako, une audience avec le pr\u00e9sident de la r\u00e9publique, Ibrahim Boubacar Keita, informent-elles dans un communiqu\u00e9 de presse re\u00e7u \u00e0 APA.Alors [&hellip;]<\/p>\n","protected":false},"author":1965,"featured_media":0,"comment_status":"closed","ping_status":"closed","sticky":false,"template":"","format":"standard","meta":{"fifu_image_url":"","fifu_image_alt":"","footnotes":""},"categories":[73,82],"tags":[],"class_list":["post-27318","post","type-post","status-publish","format-standard","hentry","category-actualite","category-cameroun"],"_links":{"self":[{"href":"https:\/\/linitiative.ca\/International\/wp-json\/wp\/v2\/posts\/27318","targetHints":{"allow":["GET"]}}],"collection":[{"href":"https:\/\/linitiative.ca\/International\/wp-json\/wp\/v2\/posts"}],"about":[{"href":"https:\/\/linitiative.ca\/International\/wp-json\/wp\/v2\/types\/post"}],"author":[{"embeddable":true,"href":"https:\/\/linitiative.ca\/International\/wp-json\/wp\/v2\/users\/1965"}],"replies":[{"embeddable":true,"href":"https:\/\/linitiative.ca\/International\/wp-json\/wp\/v2\/comments?post=27318"}],"version-history":[{"count":0,"href":"https:\/\/linitiative.ca\/International\/wp-json\/wp\/v2\/posts\/27318\/revisions"}],"wp:attachment":[{"href":"https:\/\/linitiative.ca\/International\/wp-json\/wp\/v2\/media?parent=27318"}],"wp:term":[{"taxonomy":"category","embeddable":true,"href":"https:\/\/linitiative.ca\/International\/wp-json\/wp\/v2\/categories?post=27318"},{"taxonomy":"post_tag","embeddable":true,"href":"https:\/\/linitiative.ca\/International\/wp-json\/wp\/v2\/tags?post=27318"}],"curies":[{"name":"wp","href":"https:\/\/api.w.org\/{rel}","templated":true}]}}