{"id":27319,"date":"2019-04-11T15:18:05","date_gmt":"2019-04-11T19:18:05","guid":{"rendered":"https:\/\/linitiative.ca\/International\/nigeria-labus-de-drogues-devient-alarmant-comite\/"},"modified":"2019-04-11T15:18:05","modified_gmt":"2019-04-11T19:18:05","slug":"nigeria-labus-de-drogues-devient-alarmant-comite","status":"publish","type":"post","link":"https:\/\/linitiative.ca\/International\/nigeria-labus-de-drogues-devient-alarmant-comite\/","title":{"rendered":"Nig\u00e9ria: l\u2019abus de drogues devient alarmant (Comit\u00e9)"},"content":{"rendered":"<div readability=\"32\">\n<p>Publi\u00e9 le 11.04.2019 \u00e0 20h18 par APA News<\/p>\n<\/div>\n<div readability=\"65\">\n<p>Le Comit\u00e9 consultatif pr\u00e9sidentiel charg\u00e9 de lutter contre la toxicomanie au Nig\u00e9ria (PACEDA) a affirm\u00e9, jeudi, que le pays est confront\u00e9 \u00e0 une crise de la drogue, indiquant du coup \u00eatre pr\u00eat \u00e0 tout mettre en \u0153uvre pour r\u00e9soudre ce probl\u00e8me.Le pr\u00e9sident dudit comit\u00e9, le brigadier g\u00e9n\u00e9ral Buba Marwa a r\u00e9affirm\u00e9 son engagement \u00e0 Lagos \u00e0 l\u2019occasion d\u2019une visite de plaidoyer aupr\u00e8s du minist\u00e8re de la Sant\u00e9.<\/p>\n<p>Marwa a toutefois f\u00e9licit\u00e9 le gouvernement de l\u2019Etat de Lagos pour avoir reconnu que le pays est touch\u00e9 par une crise de l\u2019abus de drogues.<\/p>\n<p>\u00abNous avons une crise de la toxicomanie dans ce pays. Cependant, nous allons la r\u00e9soudre ensemble et le pr\u00e9sident Muhammadu Buhari a la volont\u00e9 politique d\u2019aller au fond des choses et de mettre en \u0153uvre les recommandations de notre comit\u00e9 \u00bb, a-t-il ajout\u00e9.<\/p>\n<p>Le pr\u00e9sident Buhari a d\u00e9clar\u00e9 qu\u2019il est n\u00e9cessaire de r\u00e9introduire les modules sur l\u2019\u00e9ducation en mati\u00e8re de drogue dans les \u00e9coles, \u00e0 partir du primaire tout en appelant que la lutte contre la toxicomanie commence au niveau communautaire.<\/p>\n<p><ins data-revive-zoneid=\"9\" data-revive-id=\"10111e19d28d19d031742ee3b0b33eb0\"\/> <\/p>\n<p>\u00abIl doit y avoir au niveau communautaire des comit\u00e9s de lutte contre la toxicomanie \u00bb, a plaid\u00e9 Marwa.<\/p>\n<p>Le Dr Jide Idris qui est \u00e9galement membre du comit\u00e9 consultatif, a d\u00e9clar\u00e9 que la toxicomanie est un probl\u00e8me de sant\u00e9 publique et une forme de maladie mentale qui malheureusement \u00ab n\u2019est pas tr\u00e8s prise au s\u00e9rieux dans le pays \u00bb.<\/p>\n<p>Il a ainsi plaid\u00e9 pour une plus grande sensibilisation surtout dans les \u00e9tablissements scolaires pour venir \u00e0 bout de ce probl\u00e8me.<\/p>\n<\/div>\n<p>Auteur: APA News<br \/>\n<a href=\"https:\/\/www.journalducameroun.com\/fr\/nigeria-labus-de-drogues-devient-alarmant-comite\/\">Cliquez ici pour lire l&rsquo;article depuis sa source.<\/a><\/p>\n","protected":false},"excerpt":{"rendered":"<p>Publi\u00e9 le 11.04.2019 \u00e0 20h18 par APA News Le Comit\u00e9 consultatif pr\u00e9sidentiel charg\u00e9 de lutter contre la toxicomanie au Nig\u00e9ria (PACEDA) a affirm\u00e9, jeudi, que le pays est confront\u00e9 \u00e0 une crise de la drogue, indiquant du coup \u00eatre pr\u00eat \u00e0 tout mettre en \u0153uvre pour r\u00e9soudre ce probl\u00e8me.Le pr\u00e9sident dudit comit\u00e9, le brigadier g\u00e9n\u00e9ral [&hellip;]<\/p>\n","protected":false},"author":1965,"featured_media":0,"comment_status":"closed","ping_status":"closed","sticky":false,"template":"","format":"standard","meta":{"fifu_image_url":"","fifu_image_alt":"","footnotes":""},"categories":[73,82],"tags":[],"class_list":["post-27319","post","type-post","status-publish","format-standard","hentry","category-actualite","category-cameroun"],"_links":{"self":[{"href":"https:\/\/linitiative.ca\/International\/wp-json\/wp\/v2\/posts\/27319","targetHints":{"allow":["GET"]}}],"collection":[{"href":"https:\/\/linitiative.ca\/International\/wp-json\/wp\/v2\/posts"}],"about":[{"href":"https:\/\/linitiative.ca\/International\/wp-json\/wp\/v2\/types\/post"}],"author":[{"embeddable":true,"href":"https:\/\/linitiative.ca\/International\/wp-json\/wp\/v2\/users\/1965"}],"replies":[{"embeddable":true,"href":"https:\/\/linitiative.ca\/International\/wp-json\/wp\/v2\/comments?post=27319"}],"version-history":[{"count":0,"href":"https:\/\/linitiative.ca\/International\/wp-json\/wp\/v2\/posts\/27319\/revisions"}],"wp:attachment":[{"href":"https:\/\/linitiative.ca\/International\/wp-json\/wp\/v2\/media?parent=27319"}],"wp:term":[{"taxonomy":"category","embeddable":true,"href":"https:\/\/linitiative.ca\/International\/wp-json\/wp\/v2\/categories?post=27319"},{"taxonomy":"post_tag","embeddable":true,"href":"https:\/\/linitiative.ca\/International\/wp-json\/wp\/v2\/tags?post=27319"}],"curies":[{"name":"wp","href":"https:\/\/api.w.org\/{rel}","templated":true}]}}